{"id":2861,"date":"2017-12-11T10:54:31","date_gmt":"2017-12-11T10:54:31","guid":{"rendered":"http:\/\/www.radiobeat97.com.ar\/beat\/?p=2861"},"modified":"2017-12-11T10:54:31","modified_gmt":"2017-12-11T10:54:31","slug":"los-caligaris-estrenaron-razon","status":"publish","type":"post","link":"https:\/\/radiobeat97.com.ar\/beat\/los-caligaris-estrenaron-razon\/","title":{"rendered":"Los Caligaris estrenaron: Raz\u00f3n"},"content":{"rendered":"<p><b>Los Caligaris<\/b>\u00a0se encuentran en uno de los momentos m\u00e1s altos de su carrera art\u00edstica.<\/p>\n<p>El 7 de octubre celebraron en el\u00a0<b>Palacio de los Deportes de CDMX<\/b>\u00a0el show m\u00e1s importante de su carrera, ante 25 mil personas y ante un p\u00fablico desbordante de alegr\u00eda con su gran gira\u00a0<b>#Caligaris20A\u00f1os<\/b>.<\/p>\n<p>De este show, registrado a 13 c\u00e1maras para ser lanzado en formato audiovisual en el primer cuatrimestre de 2018, se desprende\u00a0<b>\u00abRaz\u00f3n\u00bb<\/b>\u00a0(en vivo), corte y video que funcionan como anticipo del material que se viene, que llevar\u00e1 por t\u00edtulo\u00a0<b>El Show M\u00e1s Feliz Del Mundo<\/b>.<\/p>\n<div id=\"c-tres\"><\/div>\n<div class=\"video\">\n<div class=\"artista\">\n<div>fuente: cmtv<\/div>\n<\/div>\n<\/div>\n","protected":false},"excerpt":{"rendered":"<p>Los Caligaris\u00a0se encuentran en uno de los momentos m\u00e1s altos de su carrera art\u00edstica. El 7 de octubre celebraron en el\u00a0Palacio de los Deportes de CDMX\u00a0el show m\u00e1s importante de su carrera, ante 25 mil personas y ante un p\u00fablico desbordante de alegr\u00eda con su gran gira\u00a0#Caligaris20A\u00f1os. De este show, registrado a 13 c\u00e1maras para &hellip;<\/p>\n","protected":false},"author":1,"featured_media":2862,"comment_status":"open","ping_status":"open","sticky":false,"template":"","format":"standard","meta":{"footnotes":""},"categories":[4,17],"tags":[],"class_list":["post-2861","post","type-post","status-publish","format-standard","has-post-thumbnail","hentry","category-news","category-noticias"],"_links":{"self":[{"href":"https:\/\/radiobeat97.com.ar\/beat\/wp-json\/wp\/v2\/posts\/2861","targetHints":{"allow":["GET"]}}],"collection":[{"href":"https:\/\/radiobeat97.com.ar\/beat\/wp-json\/wp\/v2\/posts"}],"about":[{"href":"https:\/\/radiobeat97.com.ar\/beat\/wp-json\/wp\/v2\/types\/post"}],"author":[{"embeddable":true,"href":"https:\/\/radiobeat97.com.ar\/beat\/wp-json\/wp\/v2\/users\/1"}],"replies":[{"embeddable":true,"href":"https:\/\/radiobeat97.com.ar\/beat\/wp-json\/wp\/v2\/comments?post=2861"}],"version-history":[{"count":1,"href":"https:\/\/radiobeat97.com.ar\/beat\/wp-json\/wp\/v2\/posts\/2861\/revisions"}],"predecessor-version":[{"id":2863,"href":"https:\/\/radiobeat97.com.ar\/beat\/wp-json\/wp\/v2\/posts\/2861\/revisions\/2863"}],"wp:featuredmedia":[{"embeddable":true,"href":"https:\/\/radiobeat97.com.ar\/beat\/wp-json\/wp\/v2\/media\/2862"}],"wp:attachment":[{"href":"https:\/\/radiobeat97.com.ar\/beat\/wp-json\/wp\/v2\/media?parent=2861"}],"wp:term":[{"taxonomy":"category","embeddable":true,"href":"https:\/\/radiobeat97.com.ar\/beat\/wp-json\/wp\/v2\/categories?post=2861"},{"taxonomy":"post_tag","embeddable":true,"href":"https:\/\/radiobeat97.com.ar\/beat\/wp-json\/wp\/v2\/tags?post=2861"}],"curies":[{"name":"wp","href":"https:\/\/api.w.org\/{rel}","templated":true}]}}