{"id":2998,"date":"2018-06-29T18:41:46","date_gmt":"2018-06-29T18:41:46","guid":{"rendered":"http:\/\/www.radiobeat97.com.ar\/beat\/?p=2998"},"modified":"2018-06-29T18:41:46","modified_gmt":"2018-06-29T18:41:46","slug":"nuevo-tema-y-video-de-bad-bunny","status":"publish","type":"post","link":"https:\/\/radiobeat97.com.ar\/beat\/nuevo-tema-y-video-de-bad-bunny\/","title":{"rendered":"Nuevo tema y video de Bad Bunny"},"content":{"rendered":"<article class=\"col-lg-12 principal\">Con el siguiente mensaje,\u00a0<b>Bad Bunny<\/b>\u00a0lanz\u00f3 a trav\u00e9s de sus redes sociales su nuevo tema:<\/p>\n<p><i>\u00ab<b>ESTAMOS BIEN<\/b>! Ya pueden escuchar mi nuevo tema en SPOTIFY y APPLE MUSIC y ver el VIDEO OFICIAL EN YOUTUBE (Link en mi bio). Para todos los que se preguntaban como yo estaba, pues \u201cestamos bien\u201d. Espero que les guste, de coraz\u00f3n\ud83d\ude4f\ud83c\udffb Un tema que naci\u00f3 de mi felicidad luego de d\u00edas oscuros. Sol y arco\u00edris luego de la lluvia. Mis mejores vibras en estos d\u00edas son para ustedes! ESTAMOS BIEN! Producido por mi en colaboraci\u00f3n con @tainy y @lapacienciapr \ud83d\udc40 Gracias a todos por siempre apoyarme! A los que son leales a mi m\u00fasica y creen en mi! De coraz\u00f3n! GRACIAS! Ahora pon el tema y empieza el d\u00eda cabron! Alegre, contento, positivo! Yo se que tu puedes! Siempre haciendo lo que te haga feliz a ti! Por mas problemas que tengas, por lo menos mientras escuches este tema, piensa que ESTAMOS BIEN! \u2600\ufe0f\u00bb.<\/i><\/p>\n<p>El trapero puertorrique\u00f1o adem\u00e1s acompa\u00f1\u00f3 el estreno de\u00a0<b>\u00abEstamos Bien\u00bb<\/b>\u00a0con el lanzamiento de un video, en el que lo tiene como protagonista.<br \/>\nEn el clip, algo retro y con est\u00e9tica noventosa, vemos a\u00a0<b>Bad Bunny<\/b>\u00a0disfrutando de amigos y de la vida la aire libre en una paradis\u00edaca playa.<\/p>\n<p>A continuaci\u00f3n mir\u00e1\u00a0<b>\u00abEstamos Bien\u00bb<\/b>:<\/p>\n<div id=\"c-tres\"><\/div>\n<\/article>\n<div class=\"video\">\n<div class=\"artista\">\n<div class=\"col-md-12 bio\">\n<div class=\"video-youtube\"><iframe class=\"iframeyoutube\" src=\"https:\/\/www.youtube.com\/embed\/bcHTl9h7TWI\" width=\"300\" height=\"560\" allowfullscreen=\"allowfullscreen\" data-mce-fragment=\"1\"><\/iframe><\/p>\n<div class=\"suscribirse\">\u00a0Fuente: CMTV<\/div>\n<\/div>\n<\/div>\n<\/div>\n<\/div>\n","protected":false},"excerpt":{"rendered":"<p>Con el siguiente mensaje,\u00a0Bad Bunny\u00a0lanz\u00f3 a trav\u00e9s de sus redes sociales su nuevo tema: \u00abESTAMOS BIEN! Ya pueden escuchar mi nuevo tema en SPOTIFY y APPLE MUSIC y ver el VIDEO OFICIAL EN YOUTUBE (Link en mi bio). Para todos los que se preguntaban como yo estaba, pues \u201cestamos bien\u201d. Espero que les guste, de &hellip;<\/p>\n","protected":false},"author":5,"featured_media":2994,"comment_status":"open","ping_status":"open","sticky":false,"template":"","format":"standard","meta":{"footnotes":""},"categories":[4,17],"tags":[],"class_list":["post-2998","post","type-post","status-publish","format-standard","has-post-thumbnail","hentry","category-news","category-noticias"],"_links":{"self":[{"href":"https:\/\/radiobeat97.com.ar\/beat\/wp-json\/wp\/v2\/posts\/2998","targetHints":{"allow":["GET"]}}],"collection":[{"href":"https:\/\/radiobeat97.com.ar\/beat\/wp-json\/wp\/v2\/posts"}],"about":[{"href":"https:\/\/radiobeat97.com.ar\/beat\/wp-json\/wp\/v2\/types\/post"}],"author":[{"embeddable":true,"href":"https:\/\/radiobeat97.com.ar\/beat\/wp-json\/wp\/v2\/users\/5"}],"replies":[{"embeddable":true,"href":"https:\/\/radiobeat97.com.ar\/beat\/wp-json\/wp\/v2\/comments?post=2998"}],"version-history":[{"count":1,"href":"https:\/\/radiobeat97.com.ar\/beat\/wp-json\/wp\/v2\/posts\/2998\/revisions"}],"predecessor-version":[{"id":2999,"href":"https:\/\/radiobeat97.com.ar\/beat\/wp-json\/wp\/v2\/posts\/2998\/revisions\/2999"}],"wp:featuredmedia":[{"embeddable":true,"href":"https:\/\/radiobeat97.com.ar\/beat\/wp-json\/wp\/v2\/media\/2994"}],"wp:attachment":[{"href":"https:\/\/radiobeat97.com.ar\/beat\/wp-json\/wp\/v2\/media?parent=2998"}],"wp:term":[{"taxonomy":"category","embeddable":true,"href":"https:\/\/radiobeat97.com.ar\/beat\/wp-json\/wp\/v2\/categories?post=2998"},{"taxonomy":"post_tag","embeddable":true,"href":"https:\/\/radiobeat97.com.ar\/beat\/wp-json\/wp\/v2\/tags?post=2998"}],"curies":[{"name":"wp","href":"https:\/\/api.w.org\/{rel}","templated":true}]}}