{"id":3072,"date":"2018-10-02T12:45:17","date_gmt":"2018-10-02T12:45:17","guid":{"rendered":"http:\/\/www.radiobeat97.com.ar\/beat\/?p=3072"},"modified":"2018-10-02T12:45:17","modified_gmt":"2018-10-02T12:45:17","slug":"babasonicos-estrena-cretino","status":"publish","type":"post","link":"https:\/\/radiobeat97.com.ar\/beat\/babasonicos-estrena-cretino\/","title":{"rendered":"Babas\u00f3nicos estrena Cretino"},"content":{"rendered":"<article class=\"col-lg-12 principal notinoti\">Luego del lanzamiento de\u00a0<b>\u201cLa Pregunta\u201d<\/b>, el primer adelanto de lo que ser\u00e1 el pr\u00f3ximo \u00e1lbum de estudio de la banda,\u00a0<b>Babas\u00f3nicos<\/b>\u00a0estrena\u00a0<b>\u201cCretino\u201d<\/b>.<\/p>\n<p>Esta canci\u00f3n musicalmente tiene un estilo m\u00e1s rockero y se lanz\u00f3 con un particular video.<\/p>\n<p>En el clip, durante lo que dura el tema, veremos un primer plano del l\u00edder de la banda,\u00a0<b>Adri\u00e1n D\u00e1rgelos<\/b>, sentado en un ba\u00f1o, mirando a c\u00e1mara mientras entona las frases de la canci\u00f3n.<\/p>\n<p>El video tiene un final abrupto y sorprendente.<br \/>\n<b>\u201cCretino\u201d<\/b>\u00a0es el segundo adelanto de\u00a0<b>Discutible<\/b>, \u00e1lbum que\u00a0<b>Babas\u00f3nicos<\/b>\u00a0estrenar\u00e1 el pr\u00f3ximo\u00a0<b>12 de octubre<\/b>.<\/p>\n<p>A continuaci\u00f3n mir\u00e1\u00a0<b>\u00abCretino\u00bb:<\/b><\/p>\n<\/article>\n<div id=\"c-tres\"><\/div>\n<div class=\"video\">\n<div class=\"artista1 artista\">\n<div class=\"col-md-12 bio\">\n<div class=\"video-youtube\"><iframe class=\"iframeyoutube\" src=\"https:\/\/www.youtube.com\/embed\/PILAiha1b2Y\" width=\"300\" height=\"560\" allowfullscreen=\"allowfullscreen\" data-mce-fragment=\"1\"><\/iframe><\/div>\n<\/div>\n<\/div>\n<\/div>\n","protected":false},"excerpt":{"rendered":"<p>Luego del lanzamiento de\u00a0\u201cLa Pregunta\u201d, el primer adelanto de lo que ser\u00e1 el pr\u00f3ximo \u00e1lbum de estudio de la banda,\u00a0Babas\u00f3nicos\u00a0estrena\u00a0\u201cCretino\u201d. Esta canci\u00f3n musicalmente tiene un estilo m\u00e1s rockero y se lanz\u00f3 con un particular video. En el clip, durante lo que dura el tema, veremos un primer plano del l\u00edder de la banda,\u00a0Adri\u00e1n D\u00e1rgelos, sentado &hellip;<\/p>\n","protected":false},"author":5,"featured_media":3073,"comment_status":"open","ping_status":"open","sticky":false,"template":"","format":"standard","meta":{"footnotes":""},"categories":[4,17],"tags":[],"class_list":["post-3072","post","type-post","status-publish","format-standard","has-post-thumbnail","hentry","category-news","category-noticias"],"_links":{"self":[{"href":"https:\/\/radiobeat97.com.ar\/beat\/wp-json\/wp\/v2\/posts\/3072","targetHints":{"allow":["GET"]}}],"collection":[{"href":"https:\/\/radiobeat97.com.ar\/beat\/wp-json\/wp\/v2\/posts"}],"about":[{"href":"https:\/\/radiobeat97.com.ar\/beat\/wp-json\/wp\/v2\/types\/post"}],"author":[{"embeddable":true,"href":"https:\/\/radiobeat97.com.ar\/beat\/wp-json\/wp\/v2\/users\/5"}],"replies":[{"embeddable":true,"href":"https:\/\/radiobeat97.com.ar\/beat\/wp-json\/wp\/v2\/comments?post=3072"}],"version-history":[{"count":1,"href":"https:\/\/radiobeat97.com.ar\/beat\/wp-json\/wp\/v2\/posts\/3072\/revisions"}],"predecessor-version":[{"id":3074,"href":"https:\/\/radiobeat97.com.ar\/beat\/wp-json\/wp\/v2\/posts\/3072\/revisions\/3074"}],"wp:featuredmedia":[{"embeddable":true,"href":"https:\/\/radiobeat97.com.ar\/beat\/wp-json\/wp\/v2\/media\/3073"}],"wp:attachment":[{"href":"https:\/\/radiobeat97.com.ar\/beat\/wp-json\/wp\/v2\/media?parent=3072"}],"wp:term":[{"taxonomy":"category","embeddable":true,"href":"https:\/\/radiobeat97.com.ar\/beat\/wp-json\/wp\/v2\/categories?post=3072"},{"taxonomy":"post_tag","embeddable":true,"href":"https:\/\/radiobeat97.com.ar\/beat\/wp-json\/wp\/v2\/tags?post=3072"}],"curies":[{"name":"wp","href":"https:\/\/api.w.org\/{rel}","templated":true}]}}