{"id":3186,"date":"2019-04-24T19:36:07","date_gmt":"2019-04-24T19:36:07","guid":{"rendered":"http:\/\/www.radiobeat97.com.ar\/beat\/?p=3186"},"modified":"2019-04-24T19:36:07","modified_gmt":"2019-04-24T19:36:07","slug":"date-la-vuelta-lo-nuevo-de-luis-fonsi","status":"publish","type":"post","link":"https:\/\/radiobeat97.com.ar\/beat\/date-la-vuelta-lo-nuevo-de-luis-fonsi\/","title":{"rendered":"Date la Vuelta, lo nuevo de Luis Fonsi."},"content":{"rendered":"<article class=\"col-lg-12 principal notinoti v2c\">Despu\u00e9s del \u00e9xito mundial de\u00a0<b>\u00abVida\u00bb<\/b>, su noveno \u00e1lbum de estudio,\u00a0<b>Luis Fonsi<\/b>lanza\u00a0<b>\u00abDate La Vuelta\u00bb<\/b>, una nueva canci\u00f3n que cuenta con la colaboraci\u00f3n de\u00a0<b>Nicky Jam<\/b>\u00a0y\u00a0<b>Sebasti\u00e1n Yatra<\/b>.<\/p>\n<p>Esta es la primera vez que\u00a0<b>Fonsi<\/b>\u00a0colabora con la estrella del reggaet\u00f3n y el cantautor colombiano. No hay duda de que la combinaci\u00f3n entre sus diferentes estilos musicales y sus voces hagan de\u00a0<b>\u201cDate La Vuelta\u201d<\/b>, un tema que promete convertirse en otro gran \u00e9xito internacional.<\/p>\n<p><i>\u201cEscrib\u00ed esta canci\u00f3n junto a Andr\u00e9s Torres y Mauricio Rengifo, con los que llevo trabajando en temas como \u201cDespacito\u201d, \u201c\u00c9chame La Culpa\u201d, \u201cCalypso\u201d, y ten\u00edamos el deseo de hacer algo alegre, con una letra f\u00e1cil de cantar, que tenga su toque rom\u00e1ntico, pero tambi\u00e9n r\u00edtmico. Por eso me acompa\u00f1an Nicky y Sebasti\u00e1n, porque siempre han sabido mezclar ambas cosas. Yo siempre he sido fan de Nicky, porque usa mucha melod\u00eda dentro de su flow urbano y tienen una voz espectacular. Yatra para m\u00ed representa lo que es el nuevo pop, que fusiona varios g\u00e9neros a la vez sin abandonar el romanticismo. Es la qu\u00edmica perfecta para llevar un mensaje positivo, de alegr\u00eda y goce a nuestro p\u00fablico Latino\u201d,<\/i>\u00a0expres\u00f3\u00a0<b>Luis Fonsi<\/b>.<\/p>\n<p><b>\u00abDate La Vuelta\u00bb<\/b>\u00a0fue lanzada con un video dirigido por el galardonado\u00a0<b>Carlos P\u00e9rez<\/b>, Director Creativo de\u00a0<b>Elastic People<\/b>, y filmado en una locaci\u00f3n secreta en\u00a0<b>Miami<\/b>, el pasado mes de marzo.<\/p>\n<p>A continuaci\u00f3n mir\u00e1 el video de\u00a0<b>\u00abDate La Vuelta\u00bb<\/b>:<\/p>\n<\/article>\n<div id=\"c-tres\"><\/div>\n<div class=\"video\">\n<div class=\"artista1 artista\">\n<div>Fuente: www.cmtv.com.ar<\/div>\n<\/div>\n<\/div>\n","protected":false},"excerpt":{"rendered":"<p>Despu\u00e9s del \u00e9xito mundial de\u00a0\u00abVida\u00bb, su noveno \u00e1lbum de estudio,\u00a0Luis Fonsilanza\u00a0\u00abDate La Vuelta\u00bb, una nueva canci\u00f3n que cuenta con la colaboraci\u00f3n de\u00a0Nicky Jam\u00a0y\u00a0Sebasti\u00e1n Yatra. Esta es la primera vez que\u00a0Fonsi\u00a0colabora con la estrella del reggaet\u00f3n y el cantautor colombiano. No hay duda de que la combinaci\u00f3n entre sus diferentes estilos musicales y sus voces hagan &hellip;<\/p>\n","protected":false},"author":1,"featured_media":3187,"comment_status":"open","ping_status":"open","sticky":false,"template":"","format":"standard","meta":{"footnotes":""},"categories":[4,17],"tags":[],"class_list":["post-3186","post","type-post","status-publish","format-standard","has-post-thumbnail","hentry","category-news","category-noticias"],"_links":{"self":[{"href":"https:\/\/radiobeat97.com.ar\/beat\/wp-json\/wp\/v2\/posts\/3186","targetHints":{"allow":["GET"]}}],"collection":[{"href":"https:\/\/radiobeat97.com.ar\/beat\/wp-json\/wp\/v2\/posts"}],"about":[{"href":"https:\/\/radiobeat97.com.ar\/beat\/wp-json\/wp\/v2\/types\/post"}],"author":[{"embeddable":true,"href":"https:\/\/radiobeat97.com.ar\/beat\/wp-json\/wp\/v2\/users\/1"}],"replies":[{"embeddable":true,"href":"https:\/\/radiobeat97.com.ar\/beat\/wp-json\/wp\/v2\/comments?post=3186"}],"version-history":[{"count":1,"href":"https:\/\/radiobeat97.com.ar\/beat\/wp-json\/wp\/v2\/posts\/3186\/revisions"}],"predecessor-version":[{"id":3188,"href":"https:\/\/radiobeat97.com.ar\/beat\/wp-json\/wp\/v2\/posts\/3186\/revisions\/3188"}],"wp:featuredmedia":[{"embeddable":true,"href":"https:\/\/radiobeat97.com.ar\/beat\/wp-json\/wp\/v2\/media\/3187"}],"wp:attachment":[{"href":"https:\/\/radiobeat97.com.ar\/beat\/wp-json\/wp\/v2\/media?parent=3186"}],"wp:term":[{"taxonomy":"category","embeddable":true,"href":"https:\/\/radiobeat97.com.ar\/beat\/wp-json\/wp\/v2\/categories?post=3186"},{"taxonomy":"post_tag","embeddable":true,"href":"https:\/\/radiobeat97.com.ar\/beat\/wp-json\/wp\/v2\/tags?post=3186"}],"curies":[{"name":"wp","href":"https:\/\/api.w.org\/{rel}","templated":true}]}}