{"id":3317,"date":"2020-02-05T19:10:42","date_gmt":"2020-02-05T19:10:42","guid":{"rendered":"http:\/\/www.radiobeat97.com.ar\/beat\/?p=3317"},"modified":"2020-02-05T19:10:42","modified_gmt":"2020-02-05T19:10:42","slug":"fito-paez-nuevo-disco","status":"publish","type":"post","link":"https:\/\/radiobeat97.com.ar\/beat\/fito-paez-nuevo-disco\/","title":{"rendered":"Fito Paez, nuevo Disco"},"content":{"rendered":"<p>La presentaci\u00f3n oficial de\u00a0<b>\u201cLa Conquista del Espacio\u201d<\/b>\u00a0de\u00a0<b>Fito Paez<\/b>\u00a0ser\u00e1 el\u00a0<b>13 de marzo<\/b>\u00a0en el\u00a0<b>Hip\u00f3dromo de Rosario<\/b>.<b>\u00a0<\/b>Su nuevo \u00e1lbum fue grabado en el m\u00edtico Capitol Studios, en Los \u00c1ngeles, y cuenta con la participaci\u00f3n de grandes artistas internacionales.<\/p>\n<p>El 13 de marzo\u00a0<b>Fito Paez<\/b>\u00a0celebrar\u00e1 su cumplea\u00f1os n\u00famero 57, presentando\u00a0<b>\u201cLa Conquista del Espacio\u201d<\/b>, su \u00e1lbum n\u00famero veintitr\u00e9s, en la ciudad que lo vio nacer: Rosario.<\/p>\n<p>El disco tiene una impronta internacional, considerando que fue grabado en Capitol Studios, el templo creativo de las m\u00e1s importantes figuras de la m\u00fasica ubicado en Los \u00c1ngeles, y en el que participaron m\u00fasicos como Abe Laboriel, baterista de Paul McCartney, el argentino Guillermo Vadal\u00e1 y la orquesta sinf\u00f3nica de Nashville.<\/p>\n<p>El nuevo material cuenta con nueve canciones in\u00e9ditas y fue registrado por el reconocido ingeniero de grabaci\u00f3n argentino\u00a0<b>Gustavo Borner<\/b>, ganador de 16 Grammys.<\/p>\n","protected":false},"excerpt":{"rendered":"<p>La presentaci\u00f3n oficial de\u00a0\u201cLa Conquista del Espacio\u201d\u00a0de\u00a0Fito Paez\u00a0ser\u00e1 el\u00a013 de marzo\u00a0en el\u00a0Hip\u00f3dromo de Rosario.\u00a0Su nuevo \u00e1lbum fue grabado en el m\u00edtico Capitol Studios, en Los \u00c1ngeles, y cuenta con la participaci\u00f3n de grandes artistas internacionales. El 13 de marzo\u00a0Fito Paez\u00a0celebrar\u00e1 su cumplea\u00f1os n\u00famero 57, presentando\u00a0\u201cLa Conquista del Espacio\u201d, su \u00e1lbum n\u00famero veintitr\u00e9s, en la ciudad &hellip;<\/p>\n","protected":false},"author":5,"featured_media":3318,"comment_status":"open","ping_status":"open","sticky":false,"template":"","format":"standard","meta":{"footnotes":""},"categories":[4,17],"tags":[],"class_list":["post-3317","post","type-post","status-publish","format-standard","has-post-thumbnail","hentry","category-news","category-noticias"],"_links":{"self":[{"href":"https:\/\/radiobeat97.com.ar\/beat\/wp-json\/wp\/v2\/posts\/3317","targetHints":{"allow":["GET"]}}],"collection":[{"href":"https:\/\/radiobeat97.com.ar\/beat\/wp-json\/wp\/v2\/posts"}],"about":[{"href":"https:\/\/radiobeat97.com.ar\/beat\/wp-json\/wp\/v2\/types\/post"}],"author":[{"embeddable":true,"href":"https:\/\/radiobeat97.com.ar\/beat\/wp-json\/wp\/v2\/users\/5"}],"replies":[{"embeddable":true,"href":"https:\/\/radiobeat97.com.ar\/beat\/wp-json\/wp\/v2\/comments?post=3317"}],"version-history":[{"count":1,"href":"https:\/\/radiobeat97.com.ar\/beat\/wp-json\/wp\/v2\/posts\/3317\/revisions"}],"predecessor-version":[{"id":3319,"href":"https:\/\/radiobeat97.com.ar\/beat\/wp-json\/wp\/v2\/posts\/3317\/revisions\/3319"}],"wp:featuredmedia":[{"embeddable":true,"href":"https:\/\/radiobeat97.com.ar\/beat\/wp-json\/wp\/v2\/media\/3318"}],"wp:attachment":[{"href":"https:\/\/radiobeat97.com.ar\/beat\/wp-json\/wp\/v2\/media?parent=3317"}],"wp:term":[{"taxonomy":"category","embeddable":true,"href":"https:\/\/radiobeat97.com.ar\/beat\/wp-json\/wp\/v2\/categories?post=3317"},{"taxonomy":"post_tag","embeddable":true,"href":"https:\/\/radiobeat97.com.ar\/beat\/wp-json\/wp\/v2\/tags?post=3317"}],"curies":[{"name":"wp","href":"https:\/\/api.w.org\/{rel}","templated":true}]}}