{"id":3362,"date":"2020-04-22T20:20:34","date_gmt":"2020-04-22T20:20:34","guid":{"rendered":"http:\/\/www.radiobeat97.com.ar\/beat\/?p=3362"},"modified":"2020-04-22T20:20:34","modified_gmt":"2020-04-22T20:20:34","slug":"fallecio-marcos-mundstock","status":"publish","type":"post","link":"https:\/\/radiobeat97.com.ar\/beat\/fallecio-marcos-mundstock\/","title":{"rendered":"Fallecio Marcos Mundstock"},"content":{"rendered":"<article class=\"col-lg-12 principal notinoti v2c\">El actor, locutor y m\u00fasico\u00a0<b>Marcos Mundstock<\/b>\u00a0muri\u00f3 a los 77 a\u00f1os, a causa de una enfermedad que le hab\u00edan diagnosticado el a\u00f1o pasado.<\/p>\n<p>Mediante un comunicado emitido en redes sociales,\u00a0<a href=\"https:\/\/www.cmtv.com.ar\/biografia\/show.php?bnid=171&amp;banda=Les_Luthiers\" target=\"_blank\" rel=\"noopener\">Les Luthiers<\/a>\u00a0daba la noticia:<\/p>\n<p>\u00ab<i>Despu\u00e9s de m\u00e1s de un a\u00f1o de lidiar con un problema de salud que se torn\u00f3 irreversible, Marcos, nuestro compa\u00f1ero y amigo, finalmente parti\u00f3.<br \/>\nDe ahora en m\u00e1s, cada uno de nosotros deber\u00e1 empezar a transitar el doloroso camino de aprender a convivir con su ausencia.<br \/>\nPero no hoy. Pensar hoy en partidas o ausencias nos resulta demasiado triste. Hoy preferimos evocar todo lo que Marcos nos brind\u00f3 y conservaremos con nosotros para siempre.<br \/>\nNos quedar\u00e1 el recuerdo de su voz, \u00fanica e inconfundible. Y de su presencia sobre el escenario, con su carpeta roja y frente al micr\u00f3fono, que cautivaba al p\u00fablico antes de decir una sola palabra.<br \/>\nNos quedar\u00e1 su profesionalismo. Su autoexigencia, su \u00e9tica de trabajo y su respeto extremo por el p\u00fablico, valores que todos compartimos y que \u00e9l defendi\u00f3 desde el momento de la creaci\u00f3n misma de Les Luthiers.<br \/>\nNos quedar\u00e1 el recuerdo de su compa\u00f1erismo, tanto en lo profesional y en lo personal. La inteligencia de sus comentarios y su respeto por las opiniones ajenas, a\u00fan en la disidencia.<br \/>\nNos quedar\u00e1n grabados los aprendizajes compartidos que hicimos a lo largo de tantos a\u00f1os. Los lugares del mundo que descubrimos juntos. La sorpresa que compart\u00edamos cada vez que Les Luthiers dada un nuevo salto y llegaba m\u00e1s y m\u00e1s lejos.<br \/>\nNos quedar\u00e1 el recuerdo de sus chistes cotidianos, r\u00e1pidos y asombrosamente ingeniosos, listos para brindarnos una chispa de alegr\u00eda en todo momento, en las buenas y en las malas.<br \/>\nNos quedar\u00e1n tantas cosas de Marcos, que a\u00fan en medio de la tristeza y el dolor que estamos viviendo, no podemos dejar de agradecer a la vida, y de sentirnos privilegiados de haber recorrido con \u00e9l todo este tramo del camino\u00bb.<\/i><\/p>\n<\/article>\n<div id=\"c-tres\"><\/div>\n<div class=\"video\">\n<div class=\"col-md-12\">\n<div class=\"instagram\"><iframe title=\"mira el video\" src=\"https:\/\/instagram.com\/p\/B_SaqlplI1g\/embed\/\" width=\"100%\" height=\"710\" frameborder=\"0\" scrolling=\"no\" data-mce-fragment=\"1\"><\/iframe><\/div>\n<\/div>\n<\/div>\n","protected":false},"excerpt":{"rendered":"<p>El actor, locutor y m\u00fasico\u00a0Marcos Mundstock\u00a0muri\u00f3 a los 77 a\u00f1os, a causa de una enfermedad que le hab\u00edan diagnosticado el a\u00f1o pasado. Mediante un comunicado emitido en redes sociales,\u00a0Les Luthiers\u00a0daba la noticia: \u00abDespu\u00e9s de m\u00e1s de un a\u00f1o de lidiar con un problema de salud que se torn\u00f3 irreversible, Marcos, nuestro compa\u00f1ero y amigo, finalmente &hellip;<\/p>\n","protected":false},"author":1,"featured_media":3363,"comment_status":"open","ping_status":"open","sticky":false,"template":"","format":"standard","meta":{"footnotes":""},"categories":[4,17],"tags":[],"class_list":["post-3362","post","type-post","status-publish","format-standard","has-post-thumbnail","hentry","category-news","category-noticias"],"_links":{"self":[{"href":"https:\/\/radiobeat97.com.ar\/beat\/wp-json\/wp\/v2\/posts\/3362","targetHints":{"allow":["GET"]}}],"collection":[{"href":"https:\/\/radiobeat97.com.ar\/beat\/wp-json\/wp\/v2\/posts"}],"about":[{"href":"https:\/\/radiobeat97.com.ar\/beat\/wp-json\/wp\/v2\/types\/post"}],"author":[{"embeddable":true,"href":"https:\/\/radiobeat97.com.ar\/beat\/wp-json\/wp\/v2\/users\/1"}],"replies":[{"embeddable":true,"href":"https:\/\/radiobeat97.com.ar\/beat\/wp-json\/wp\/v2\/comments?post=3362"}],"version-history":[{"count":1,"href":"https:\/\/radiobeat97.com.ar\/beat\/wp-json\/wp\/v2\/posts\/3362\/revisions"}],"predecessor-version":[{"id":3364,"href":"https:\/\/radiobeat97.com.ar\/beat\/wp-json\/wp\/v2\/posts\/3362\/revisions\/3364"}],"wp:featuredmedia":[{"embeddable":true,"href":"https:\/\/radiobeat97.com.ar\/beat\/wp-json\/wp\/v2\/media\/3363"}],"wp:attachment":[{"href":"https:\/\/radiobeat97.com.ar\/beat\/wp-json\/wp\/v2\/media?parent=3362"}],"wp:term":[{"taxonomy":"category","embeddable":true,"href":"https:\/\/radiobeat97.com.ar\/beat\/wp-json\/wp\/v2\/categories?post=3362"},{"taxonomy":"post_tag","embeddable":true,"href":"https:\/\/radiobeat97.com.ar\/beat\/wp-json\/wp\/v2\/tags?post=3362"}],"curies":[{"name":"wp","href":"https:\/\/api.w.org\/{rel}","templated":true}]}}