{"id":3391,"date":"2020-06-09T02:00:32","date_gmt":"2020-06-09T02:00:32","guid":{"rendered":"http:\/\/www.radiobeat97.com.ar\/beat\/?p=3391"},"modified":"2020-06-09T02:00:32","modified_gmt":"2020-06-09T02:00:32","slug":"voy-dejando-atras-lo-nuevo-de-turf","status":"publish","type":"post","link":"https:\/\/radiobeat97.com.ar\/beat\/voy-dejando-atras-lo-nuevo-de-turf\/","title":{"rendered":"Voy Dejando Atr\u00e1s, lo nuevo de Turf"},"content":{"rendered":"<article class=\"col-lg-12 principal notinoti v2c\">l pasado viernes 8 de mayo, de la mano de Popart Discos,\u00a0<a href=\"https:\/\/www.cmtv.com.ar\/biografia\/show.php?bnid=292&amp;banda=Turf\" target=\"_blank\" rel=\"noopener\">Turf l<\/a>anz\u00f3 el segundo adelanto de su sexto disco de estudio titulado:\u00a0<a href=\"https:\/\/www.cmtv.com.ar\/discos_letras\/letra.php?bnid=292&amp;banda=Turf&amp;DS_DS=13721&amp;tmid=150106&amp;tema=VOY_DEJANDO_ATR%C1S\" target=\"_blank\" rel=\"noopener\">\u201cVoy Dejando Atr\u00e1s\u201d<\/a>. Es una canci\u00f3n, con esp\u00edritu Indie-Rock que contiene coros Gospel y melod\u00edas \u00e9picas.<\/p>\n<p>En palabras de<b>\u00a0Joaqu\u00edn Levinton:<\/b>\u00a0\u201c<i>Me encanta el estribillo, tiene una cosa muy poderosa que parece que somos 100 cantando. La letra es muy simple, habla sobre dejar atr\u00e1s algo que no ten\u00e9s ganas de dejar. Y est\u00e1 bueno dar un paso al frente, para que no siempre sean pasos al costado (risas).\u201d<br \/>\n<\/i><\/p>\n<p>El videoclip fue dirigido por\u00a0<b>Gonzalo Llamas Sebesta<\/b>, en las casas de los m\u00fasicos, como gui\u00f1o de ese refugio indiscutible que simboliza el hogar, justo cuando preferimos quedarnos \u201c<i>sin conversar con nadie\u201d<\/i>, como dice la canci\u00f3n en su primer estrofa.<\/p>\n<p>La pieza visual se cre\u00f3 respetando los matices propios de la canci\u00f3n, tan rom\u00e1ntica como apasionada, conservando los cambios abruptos tanto de intensidad como de sensaciones que sugiere la melod\u00eda, pero sin dejar de lado la sencillez.<\/p>\n<p>De alguna manera tambi\u00e9n, esto fue el puntapi\u00e9 al momento de elegir la nueva fecha de lanzamiento, ya que en lugar de presentarla en vivo, como era el objetivo inicial, se decidi\u00f3 hacerlo en este momento tan particular, el que de alguna manera, por alguna accidentada causalidad, se hizo contempor\u00e1neo el lenguaje del videoclip, con la sensaci\u00f3n de aislamiento que nos toca vivir.<\/p>\n<p>Es clara la ausencia de<b>\u00a0Carlos \u201cTody\u201d Tapia,\u00a0<\/b>m\u00e1s all\u00e1 de la presencia inconfundible de su bajo en la pista, dado que no se encontraba en el pa\u00eds durante el rodaje en los primeros d\u00edas de marzo 2020.<\/p>\n<p>A continuaci\u00f3n mir\u00e1 el video de\u00a0<a href=\"https:\/\/www.cmtv.com.ar\/discos_letras\/letra.php?bnid=292&amp;banda=Turf&amp;DS_DS=13721&amp;tmid=150106&amp;tema=VOY_DEJANDO_ATR%C1S\" target=\"_blank\" rel=\"noopener\">\u201cVoy Dejando Atr\u00e1s\u201d<\/a>:<\/p>\n<\/article>\n<div id=\"c-tres\"><\/div>\n<div class=\"video\">\n<div class=\"artista1 artista\">\n<div class=\"col-md-12 bio\">\n<div class=\"video-youtube\"><iframe class=\"iframeyoutube\" title=\"mira el video\" src=\"https:\/\/www.youtube.com\/embed\/fZaYxxVu-5Q\" width=\"300\" height=\"560\" allowfullscreen=\"allowfullscreen\" data-mce-fragment=\"1\"><\/iframe><\/div>\n<\/div>\n<\/div>\n<\/div>\n","protected":false},"excerpt":{"rendered":"<p>l pasado viernes 8 de mayo, de la mano de Popart Discos,\u00a0Turf lanz\u00f3 el segundo adelanto de su sexto disco de estudio titulado:\u00a0\u201cVoy Dejando Atr\u00e1s\u201d. Es una canci\u00f3n, con esp\u00edritu Indie-Rock que contiene coros Gospel y melod\u00edas \u00e9picas. En palabras de\u00a0Joaqu\u00edn Levinton:\u00a0\u201cMe encanta el estribillo, tiene una cosa muy poderosa que parece que somos 100 &hellip;<\/p>\n","protected":false},"author":1,"featured_media":3392,"comment_status":"open","ping_status":"open","sticky":false,"template":"","format":"standard","meta":{"footnotes":""},"categories":[4,17],"tags":[],"class_list":["post-3391","post","type-post","status-publish","format-standard","has-post-thumbnail","hentry","category-news","category-noticias"],"_links":{"self":[{"href":"https:\/\/radiobeat97.com.ar\/beat\/wp-json\/wp\/v2\/posts\/3391","targetHints":{"allow":["GET"]}}],"collection":[{"href":"https:\/\/radiobeat97.com.ar\/beat\/wp-json\/wp\/v2\/posts"}],"about":[{"href":"https:\/\/radiobeat97.com.ar\/beat\/wp-json\/wp\/v2\/types\/post"}],"author":[{"embeddable":true,"href":"https:\/\/radiobeat97.com.ar\/beat\/wp-json\/wp\/v2\/users\/1"}],"replies":[{"embeddable":true,"href":"https:\/\/radiobeat97.com.ar\/beat\/wp-json\/wp\/v2\/comments?post=3391"}],"version-history":[{"count":1,"href":"https:\/\/radiobeat97.com.ar\/beat\/wp-json\/wp\/v2\/posts\/3391\/revisions"}],"predecessor-version":[{"id":3393,"href":"https:\/\/radiobeat97.com.ar\/beat\/wp-json\/wp\/v2\/posts\/3391\/revisions\/3393"}],"wp:featuredmedia":[{"embeddable":true,"href":"https:\/\/radiobeat97.com.ar\/beat\/wp-json\/wp\/v2\/media\/3392"}],"wp:attachment":[{"href":"https:\/\/radiobeat97.com.ar\/beat\/wp-json\/wp\/v2\/media?parent=3391"}],"wp:term":[{"taxonomy":"category","embeddable":true,"href":"https:\/\/radiobeat97.com.ar\/beat\/wp-json\/wp\/v2\/categories?post=3391"},{"taxonomy":"post_tag","embeddable":true,"href":"https:\/\/radiobeat97.com.ar\/beat\/wp-json\/wp\/v2\/tags?post=3391"}],"curies":[{"name":"wp","href":"https:\/\/api.w.org\/{rel}","templated":true}]}}