{"id":3471,"date":"2020-08-16T00:17:24","date_gmt":"2020-08-16T00:17:24","guid":{"rendered":"http:\/\/www.radiobeat97.com.ar\/beat\/?p=3471"},"modified":"2020-08-16T00:17:24","modified_gmt":"2020-08-16T00:17:24","slug":"break-the-silence-the-movie","status":"publish","type":"post","link":"https:\/\/radiobeat97.com.ar\/beat\/break-the-silence-the-movie\/","title":{"rendered":"Break the Silence: The Movie"},"content":{"rendered":"<article class=\"col-lg-12 notinoti v2c cc_cursor\">La banda m\u00e1s popular de chicos de\u00a0<b>Corea del Sur<\/b>\u00a0comparti\u00f3 un adelanto de su nueva pel\u00edcula:\u00a0<b>\u00abBreak the Silence: The Movie\u00bb.<\/b><\/p>\n<p>En el tr\u00e1iler de 30 segundos, compartido en el canal oficial de\u00a0BTS\u00a0, vemos a\u00a0<b>Jimin\u00a0<\/b>relatando:\u00a0<i>\u00abCon ellos pas\u00e9 los momentos m\u00e1s preciosos y brillantes\u00a0de mi vida. As\u00ed es como los describir\u00eda\u00bb.<\/i><\/p>\n<p>La pel\u00edcula, dirigida por<b>\u00a0Park Jun-soo<\/b>, muestra al grupo de K-pop\u00a0 a lo largo del a\u00f1o 2019, incluyendo su gira internacional por diferentes estadios.<\/p>\n<p>En el tr\u00e1iler tambi\u00e9n aparecen escenas de show, las pruebas de sonido, los preparativos para las presentaciones y m\u00e1s cosas sobre la interesante carrera de\u00a0<b>BTS<\/b>.<\/p>\n<p>A continuaci\u00f3n mir\u00e1 el tr\u00e1iler de<b>\u00a0\u00abBreak the Silence: The Movie\u00bb:<\/b><\/p>\n<\/article>\n<div id=\"c-tres\"><\/div>\n<div class=\"video\">\n<div class=\"artista1 artista\">\n<div class=\"col-md-12 bio\">\n<div class=\"video-youtube cc_cursor\"><iframe class=\"iframeyoutube\" title=\"mira el video\" src=\"https:\/\/www.youtube.com\/embed\/hz9_jkrrptU\" width=\"300\" height=\"560\" allowfullscreen=\"allowfullscreen\" data-mce-fragment=\"1\"><\/iframe><\/p>\n<div class=\"suscribirse cc_cursor\">\n<div class=\"yt-contenedor\">\n<div class=\"g-ytsubscribe cc_cursor\" data-channel=\"CMTVmusica\" data-layout=\"default\" data-count=\"default\"><\/div>\n<\/div>\n<\/div>\n<\/div>\n<\/div>\n<\/div>\n<\/div>\n<div class=\"video\">\n<div class=\"col-md-12\">\n<div class=\"instagram cc_cursor\"><iframe title=\"mira el video\" src=\"https:\/\/instagram.com\/p\/CDkFsq4hW-x\/embed\/\" width=\"100%\" height=\"710\" frameborder=\"0\" scrolling=\"no\" data-mce-fragment=\"1\"><\/iframe><\/div>\n<\/div>\n<\/div>\n","protected":false},"excerpt":{"rendered":"<p>La banda m\u00e1s popular de chicos de\u00a0Corea del Sur\u00a0comparti\u00f3 un adelanto de su nueva pel\u00edcula:\u00a0\u00abBreak the Silence: The Movie\u00bb. En el tr\u00e1iler de 30 segundos, compartido en el canal oficial de\u00a0BTS\u00a0, vemos a\u00a0Jimin\u00a0relatando:\u00a0\u00abCon ellos pas\u00e9 los momentos m\u00e1s preciosos y brillantes\u00a0de mi vida. As\u00ed es como los describir\u00eda\u00bb. La pel\u00edcula, dirigida por\u00a0Park Jun-soo, muestra al &hellip;<\/p>\n","protected":false},"author":1,"featured_media":3472,"comment_status":"open","ping_status":"open","sticky":false,"template":"","format":"standard","meta":{"footnotes":""},"categories":[4,17],"tags":[],"class_list":["post-3471","post","type-post","status-publish","format-standard","has-post-thumbnail","hentry","category-news","category-noticias"],"_links":{"self":[{"href":"https:\/\/radiobeat97.com.ar\/beat\/wp-json\/wp\/v2\/posts\/3471","targetHints":{"allow":["GET"]}}],"collection":[{"href":"https:\/\/radiobeat97.com.ar\/beat\/wp-json\/wp\/v2\/posts"}],"about":[{"href":"https:\/\/radiobeat97.com.ar\/beat\/wp-json\/wp\/v2\/types\/post"}],"author":[{"embeddable":true,"href":"https:\/\/radiobeat97.com.ar\/beat\/wp-json\/wp\/v2\/users\/1"}],"replies":[{"embeddable":true,"href":"https:\/\/radiobeat97.com.ar\/beat\/wp-json\/wp\/v2\/comments?post=3471"}],"version-history":[{"count":1,"href":"https:\/\/radiobeat97.com.ar\/beat\/wp-json\/wp\/v2\/posts\/3471\/revisions"}],"predecessor-version":[{"id":3473,"href":"https:\/\/radiobeat97.com.ar\/beat\/wp-json\/wp\/v2\/posts\/3471\/revisions\/3473"}],"wp:featuredmedia":[{"embeddable":true,"href":"https:\/\/radiobeat97.com.ar\/beat\/wp-json\/wp\/v2\/media\/3472"}],"wp:attachment":[{"href":"https:\/\/radiobeat97.com.ar\/beat\/wp-json\/wp\/v2\/media?parent=3471"}],"wp:term":[{"taxonomy":"category","embeddable":true,"href":"https:\/\/radiobeat97.com.ar\/beat\/wp-json\/wp\/v2\/categories?post=3471"},{"taxonomy":"post_tag","embeddable":true,"href":"https:\/\/radiobeat97.com.ar\/beat\/wp-json\/wp\/v2\/tags?post=3471"}],"curies":[{"name":"wp","href":"https:\/\/api.w.org\/{rel}","templated":true}]}}