{"id":3541,"date":"2020-11-12T02:52:13","date_gmt":"2020-11-12T02:52:13","guid":{"rendered":"http:\/\/www.radiobeat97.com.ar\/beat\/?p=3541"},"modified":"2020-11-12T02:52:15","modified_gmt":"2020-11-12T02:52:15","slug":"video-shame-shame-de-foo-fighters","status":"publish","type":"post","link":"https:\/\/radiobeat97.com.ar\/beat\/video-shame-shame-de-foo-fighters\/","title":{"rendered":"Video: Shame Shame de Foo Fighters"},"content":{"rendered":"\n<p>El s\u00e1bado 14 de noviembre a las 5 p.m., hora del Pac\u00edfico, Foo Fighters se reagrupar\u00e1 para montar una invasi\u00f3n total de rock en su sala de estar, transmitido en vivo desde el Roxy en Hollywood.<\/p>\n\n\n\n<p>Adem\u00e1s la banda estren\u00f3 el video oficial de \u00abShame Shame\u00bb. Dirigido por la argentina Paola Kudacki y coprotagonizada por Dave Grohl y Sofia Boutella, \u00abShame Shame\u00bb representa en un impresionante blanco y negro una interpretaci\u00f3n de un sue\u00f1o recurrente que ha perseguido a Grohl desde su infancia.<\/p>\n\n\n\n<p>Las entradas para el show sale 15 d\u00f3lares y se pueden comprar en&nbsp;<a href=\"https:\/\/l.facebook.com\/l.php?u=http%3A%2F%2Ffoofighters.nocapshows.com%2F%3Ffbclid%3DIwAR0DumsEi2WF8Vdesuh4QlTxCxysQLr_vLQY5j3227t9z_xlskDK2GtXdm0&amp;h=AT31t5xPKmp9DYzQGKH5ykYNkiY8U8HUWmYQO3jFjRappkRgA432aGAgif0SUyZfJ5tsqqrFlsRz91BHhbeJWx7H7cIMxxfAa2KUSN1S8Xuwb6rgoh8mZuvIZHmcBe0hi3BtjrufZ5u9mra-7jCqU8NF24Pl8jTuMxGC9YrY8NfLP_qH3zTurA_iAujyEr44Drh0FG4C1b2cDZNCZgiPbeviLzH5QodsUFmh2Ch_aK6ExcNJN5t_nnsDEfi6nxu9bA7Dhprgf1yn3-Y-KAnLOB9ZDI14iFHHt3UXP_cXHXmgaDKrheDsBWak4PIdUPQIGqiE81SUH16aJbX4m0A2mVyXP92fdE8a1vfPp747ycfWav5mefk9L90n3AbiAifYFThThIRmpdzeEUVCA9c0uV8hAGb_est0EJNDpiId3qzl0N1ubSubrzVQHTuVW3UhnI3NtTG6UjQWegnVL9rq9da_i3O61QWLuXJ4EhzeVyMCEQBEhQc-OXBznwN_2uhZXVtjWa640Ax5UECP24CLnNWX20XSb7TEsZDJKusLCj--T4hboF8dPLEAYuO1mO-e5DEoRl7b8IeFcwkRoZ49Vl_qASastlmbVSSbGaMP7JUE7XbI5jhrnNqnvRaQPPuElA\" target=\"_blank\" rel=\"noreferrer noopener\">foofighters.nocapshows.com.<\/a>&nbsp;Los compradores de boletos tendr\u00e1n acceso para reproducir la transmisi\u00f3n completa durante 48 horas desde el inicio del programa.<\/p>\n","protected":false},"excerpt":{"rendered":"<p>El s\u00e1bado 14 de noviembre a las 5 p.m., hora del Pac\u00edfico, Foo Fighters se reagrupar\u00e1 para montar una invasi\u00f3n total de rock en su sala de estar, transmitido en vivo desde el Roxy en Hollywood. Adem\u00e1s la banda estren\u00f3 el video oficial de \u00abShame Shame\u00bb. Dirigido por la argentina Paola Kudacki y coprotagonizada por &hellip;<\/p>\n","protected":false},"author":5,"featured_media":3542,"comment_status":"open","ping_status":"open","sticky":false,"template":"","format":"standard","meta":{"footnotes":""},"categories":[4,17],"tags":[],"class_list":["post-3541","post","type-post","status-publish","format-standard","has-post-thumbnail","hentry","category-news","category-noticias"],"_links":{"self":[{"href":"https:\/\/radiobeat97.com.ar\/beat\/wp-json\/wp\/v2\/posts\/3541","targetHints":{"allow":["GET"]}}],"collection":[{"href":"https:\/\/radiobeat97.com.ar\/beat\/wp-json\/wp\/v2\/posts"}],"about":[{"href":"https:\/\/radiobeat97.com.ar\/beat\/wp-json\/wp\/v2\/types\/post"}],"author":[{"embeddable":true,"href":"https:\/\/radiobeat97.com.ar\/beat\/wp-json\/wp\/v2\/users\/5"}],"replies":[{"embeddable":true,"href":"https:\/\/radiobeat97.com.ar\/beat\/wp-json\/wp\/v2\/comments?post=3541"}],"version-history":[{"count":1,"href":"https:\/\/radiobeat97.com.ar\/beat\/wp-json\/wp\/v2\/posts\/3541\/revisions"}],"predecessor-version":[{"id":3543,"href":"https:\/\/radiobeat97.com.ar\/beat\/wp-json\/wp\/v2\/posts\/3541\/revisions\/3543"}],"wp:featuredmedia":[{"embeddable":true,"href":"https:\/\/radiobeat97.com.ar\/beat\/wp-json\/wp\/v2\/media\/3542"}],"wp:attachment":[{"href":"https:\/\/radiobeat97.com.ar\/beat\/wp-json\/wp\/v2\/media?parent=3541"}],"wp:term":[{"taxonomy":"category","embeddable":true,"href":"https:\/\/radiobeat97.com.ar\/beat\/wp-json\/wp\/v2\/categories?post=3541"},{"taxonomy":"post_tag","embeddable":true,"href":"https:\/\/radiobeat97.com.ar\/beat\/wp-json\/wp\/v2\/tags?post=3541"}],"curies":[{"name":"wp","href":"https:\/\/api.w.org\/{rel}","templated":true}]}}