{"id":3685,"date":"2021-04-23T01:58:44","date_gmt":"2021-04-23T01:58:44","guid":{"rendered":"http:\/\/www.radiobeat97.com.ar\/beat\/?p=3685"},"modified":"2021-04-23T01:58:47","modified_gmt":"2021-04-23T01:58:47","slug":"24-emprendimientos-productivos-recibieron-el-sello-hecho-en-cordoba","status":"publish","type":"post","link":"https:\/\/radiobeat97.com.ar\/beat\/24-emprendimientos-productivos-recibieron-el-sello-hecho-en-cordoba\/","title":{"rendered":"24 emprendimientos productivos recibieron el sello Hecho en C\u00f3rdoba"},"content":{"rendered":"\n<ul class=\"wp-block-list\"><li><strong>El programa provincial revaloriza, visibiliza y promueve la producci\u00f3n cordobesa.<\/strong><\/li><li><strong>La iniciativa busca generar valor agregado a trav\u00e9s de la identidad de origen.<\/strong><\/li><li><strong>Adem\u00e1s, brinda apoyo al desarrollo de emprendedores, productores y comerciantes de la provincia.<\/strong><\/li><\/ul>\n\n\n\n<p>El ministro de Industria, Comercio y Miner\u00eda, Eduardo Accastello, acompa\u00f1ado por el Secretario de Comercio, Juan Pablo Inglese, entreg\u00f3 certificados del&nbsp;<strong>sello Hecho en C\u00f3rdoba<\/strong>&nbsp;a 24 emprendimientos productivos (14 del interior y 10 de Capital), que tras cumplir con el proceso de obtenci\u00f3n y auditor\u00edas ya pueden exhibir este sello en sus productos.<\/p>\n\n\n\n<p>La certificaci\u00f3n permite a emprendedores, productores y comerciantes que sus productos est\u00e9n identificados con el sticker del sello Hecho en C\u00f3rdoba en g\u00f3ndolas de supermercados, comercios de barrios y en la tienda online de Mercado Libre.<\/p>\n\n\n\n<p>En referencia a la entrega concretada el martes, Accastello expres\u00f3:&nbsp;<em>\u201cEstamos celebrando que 25 empresas y emprendedores reciban el sello Hecho en C\u00f3rdoba, porque tener una marca Provincia nos da identidad, nos marca hacia d\u00f3nde vamos desde el desarrollo industrial; y nosotros queremos ir a m\u00e1s exportaciones, a m\u00e1s empleo y a m\u00e1s calidad de vida para los cordobeses\u201d.<\/em><\/p>\n\n\n\n<p>El ministro luego resalt\u00f3 la necesidad de reducir las brechas digitales, sociales y de g\u00e9nero. \u201c<em>No hay C\u00f3rdoba productiva con niveles altos de desempleo y, por eso, el sector p\u00fablico debe ir al ritmo del sector privado, para que el cambio que se est\u00e1 produciendo en el mundo y el salto tecnol\u00f3gico nos encuentre potenci\u00e1ndolos\u201d,&nbsp;<\/em>dijo y agreg\u00f3 que el empleo privado es clave para&nbsp;<em>\u00abpermitir el cambio estrat\u00e9gico que necesita C\u00f3rdoba y que necesita Argentina\u201d.<\/em><\/p>\n\n\n\n<p>Para finalizar, Accastello se\u00f1al\u00f3 que se viene trabajando de manera asociada con los sectores productivosen la constituci\u00f3n de la Matriz Productiva C\u00f3rdoba 2030, en las capacitaciones a trav\u00e9s del programa de Inserci\u00f3n Laboral (PIL), en las buenas pr\u00e1cticas industriales y empresariales,&nbsp;<em>\u00abporque cuidar el ambiente es un compromiso de los cordobeses y cordobesas y tambi\u00e9n, estamos llevando adelante programas como el que presentamos con el gobernador para el Autoconsumo de Biodiesel\u201d.<\/em><\/p>\n\n\n\n<figure class=\"wp-block-image\"><img decoding=\"async\" src=\"https:\/\/prensa.cba.gov.ar\/wp-content\/uploads\/2021\/04\/Sello-Hecho-en-Cordoba.jpg\" alt=\"\" class=\"wp-image-447850\"\/><\/figure>\n\n\n\n<p>Por su parte, el Secretario de Comercio destac\u00f3 que el programa Hecho en C\u00f3rdoba se realiza conjuntamente entre el sector p\u00fablico y privado, apuntando a la federalizaci\u00f3n,&nbsp;<em>\u201cpor eso hoy tenemos 14 empresas del interior que reciben el certificado\u201d<\/em><strong><em>.&nbsp;<\/em><\/strong>Y agreg\u00f3 que otros de los pilares de la iniciativa es poner el foco en las mujeres y los j\u00f3venes y, reducir las brechas digitales para mostrar y reconocer lo que se produce en C\u00f3rdoba.<\/p>\n\n\n\n<p>A su turno, Inglese sostuvo que el sello Hecho en C\u00f3rdoba es la materializaci\u00f3n de la voluntad del Estado de seguir acompa\u00f1ando en cada paso a las empresa.&nbsp;<em>\u201cConsumir productos cordobeses es consumir empleo que se traduce en m\u00e1s desarrollo para nuestras pymes, nuestros pueblos y nuestra Provincia\u201d,&nbsp;<\/em>indic\u00f3.<\/p>\n\n\n\n<h3 class=\"wp-block-heading\"><strong>Empresas con sello<\/strong><\/h3>\n\n\n\n<p>Las firmas que recibieron la certificaci\u00f3n, algunas de forma presencial y otras de manera virtual, son las siguientes:<\/p>\n\n\n\n<p>Encode S.A., Pinturas Pacl\u00edn S.A., Trufa Dolls, Fygmay S.R.L., C\u00f3rdoba Resistencias El\u00e9ctricas S.R.L., Sonidos SAS, Vamel S.R.L., Servelec S.R.L., PME SAS, Indual&nbsp; S.A., Laboratorio Arvensis, La Caroyense S.A, Familia Gri\u00f3n S.R.L, Gliestore S.A., Muebles G\u00f3mez, Especias Manuco,&nbsp; Lumine S.A., Equis +web TV, Laura Arias Lencer\u00eda, Alto Alegre Doble&nbsp; ASA, O.H.F, Improal S.R.L, Bianca Pastas y Bianca Panes.<\/p>\n\n\n\n<p>En la entrega tambi\u00e9n estuvieron presentes el subsecretario de PyME, \u00c1ngel Quaglia; la coordinadora de la Mesa Mujeres de la C\u00f3rdoba Productiva, Laura Pedernera; el director de Comercio, Javier Litrenta; emprendedores, productores y comerciantes.<\/p>\n\n\n\n<p><strong>Hecho en C\u00f3rdoba<\/strong>&nbsp;es un programa que permanentemente se nutre y lleva adelante acuerdos log\u00edsticos, de capacitaci\u00f3n con las universidades. A su vez ofrece financiamiento para que los emprendimientos productivos puedan seguir desarrollando sus ideas y sean m\u00e1s competitivos.<\/p>\n\n\n\n<p>Para m\u00e1s informaci\u00f3n, los interesados pueden ingresar a https:\/\/hechoencordoba.cba.gov.ar .<\/p>\n","protected":false},"excerpt":{"rendered":"<p>El programa provincial revaloriza, visibiliza y promueve la producci\u00f3n cordobesa.La iniciativa busca generar valor agregado a trav\u00e9s de la identidad de origen.Adem\u00e1s, brinda apoyo al desarrollo de emprendedores, productores y comerciantes de la provincia. El ministro de Industria, Comercio y Miner\u00eda, Eduardo Accastello, acompa\u00f1ado por el Secretario de Comercio, Juan Pablo Inglese, entreg\u00f3 certificados del&nbsp;sello &hellip;<\/p>\n","protected":false},"author":5,"featured_media":3686,"comment_status":"open","ping_status":"open","sticky":false,"template":"","format":"standard","meta":{"footnotes":""},"categories":[4,17],"tags":[],"class_list":["post-3685","post","type-post","status-publish","format-standard","has-post-thumbnail","hentry","category-news","category-noticias"],"_links":{"self":[{"href":"https:\/\/radiobeat97.com.ar\/beat\/wp-json\/wp\/v2\/posts\/3685","targetHints":{"allow":["GET"]}}],"collection":[{"href":"https:\/\/radiobeat97.com.ar\/beat\/wp-json\/wp\/v2\/posts"}],"about":[{"href":"https:\/\/radiobeat97.com.ar\/beat\/wp-json\/wp\/v2\/types\/post"}],"author":[{"embeddable":true,"href":"https:\/\/radiobeat97.com.ar\/beat\/wp-json\/wp\/v2\/users\/5"}],"replies":[{"embeddable":true,"href":"https:\/\/radiobeat97.com.ar\/beat\/wp-json\/wp\/v2\/comments?post=3685"}],"version-history":[{"count":1,"href":"https:\/\/radiobeat97.com.ar\/beat\/wp-json\/wp\/v2\/posts\/3685\/revisions"}],"predecessor-version":[{"id":3687,"href":"https:\/\/radiobeat97.com.ar\/beat\/wp-json\/wp\/v2\/posts\/3685\/revisions\/3687"}],"wp:featuredmedia":[{"embeddable":true,"href":"https:\/\/radiobeat97.com.ar\/beat\/wp-json\/wp\/v2\/media\/3686"}],"wp:attachment":[{"href":"https:\/\/radiobeat97.com.ar\/beat\/wp-json\/wp\/v2\/media?parent=3685"}],"wp:term":[{"taxonomy":"category","embeddable":true,"href":"https:\/\/radiobeat97.com.ar\/beat\/wp-json\/wp\/v2\/categories?post=3685"},{"taxonomy":"post_tag","embeddable":true,"href":"https:\/\/radiobeat97.com.ar\/beat\/wp-json\/wp\/v2\/tags?post=3685"}],"curies":[{"name":"wp","href":"https:\/\/api.w.org\/{rel}","templated":true}]}}