{"id":3791,"date":"2021-06-29T13:42:54","date_gmt":"2021-06-29T13:42:54","guid":{"rendered":"http:\/\/www.radiobeat97.com.ar\/beat\/?p=3791"},"modified":"2021-06-29T13:42:56","modified_gmt":"2021-06-29T13:42:56","slug":"cordoba-4-0-la-provincia-acompana-a-las-pymes-en-su-transformacion-digital","status":"publish","type":"post","link":"https:\/\/radiobeat97.com.ar\/beat\/cordoba-4-0-la-provincia-acompana-a-las-pymes-en-su-transformacion-digital\/","title":{"rendered":"C\u00f3rdoba 4.0: la Provincia acompa\u00f1a a las PyMEs en su transformaci\u00f3n digital"},"content":{"rendered":"\n<ul class=\"wp-block-list\"><li><strong>El vicegobernador, Manuel Calvo, encabez\u00f3 la presentaci\u00f3n de la acci\u00f3n que acompa\u00f1a y fomenta el avance tecnol\u00f3gico de las peque\u00f1as y medianas empresas.<\/strong><\/li><li><strong>El objeto es mejorar la competitividad del sector, de la mano de proyectos \u201cde adopci\u00f3n\u201d y l\u00edneas de financiamiento.<\/strong><\/li><li><strong>Las PyMEs interesadas en participar de la edici\u00f3n 2021 ya pueden completar un formulario online.<\/strong><\/li><\/ul>\n\n\n\n<p>En una presentaci\u00f3n llevada a cabo este lunes, el Gobierno de la Provincia lanz\u00f3 la edici\u00f3n 2021 de C\u00f3rdoba 4.0, la iniciativa que se propone acompa\u00f1ar y fomentar el avance tecnol\u00f3gico de las peque\u00f1as y medianas empresas, con el objeto de mejorar la competitividad del sector.<\/p>\n\n\n\n<p>El acto fue encabezado por el vicegobernador, Manuel Calvo, y cont\u00f3 con la presencia de los ministros que integran el Gabinete Productivo de C\u00f3rdoba, as\u00ed como de representantes del sector acad\u00e9mico y empresarial.<\/p>\n\n\n\n<figure class=\"wp-block-image\"><img decoding=\"async\" src=\"https:\/\/prensa.cba.gov.ar\/wp-content\/uploads\/2021\/06\/Cordoba-4.0-2.jpeg\" alt=\"\" class=\"wp-image-456486\"\/><\/figure>\n\n\n\n<p>Desarrollada con la participaci\u00f3n de&nbsp;<strong>universidades, c\u00e1maras empresarias y distintos cl\u00fasters con sede en la provincia, este a\u00f1o C\u00f3rdoba 4.0&nbsp;<\/strong>pondr\u00e1n en marcha Proyectos de Adopci\u00f3n Tecnol\u00f3gica para 100 Pymes, as\u00ed como l\u00edneas de financiamiento impulsadas por Bancor. Las empresas interesadas en participar deben completar, hasta el pr\u00f3ximo 30 de julio, un formulario que ya se encuentra online en el sitio web del Ministerio de Ciencia y Tecnolog\u00eda de C\u00f3rdoba.<\/p>\n\n\n\n<p>Manuel Calvo enfatiz\u00f3 en su mensaje que esta acci\u00f3n se inscribe dentro de una verdadera pol\u00edtica de Estado implementada por la gesti\u00f3n del gobernador, Juan Schiaretti, en el marco de la cuarta revoluci\u00f3n industrial y cient\u00edfico t\u00e9cnica.<\/p>\n\n\n\n<p>\u201c<em>No es solamente C\u00f3rdoba 4.0: es \u2018Industria 4.0\u2019, es \u2018Agro 4.0\u2019, Educaci\u00f3n 4.0\u2019, es Conectividad 4.0\u2019. Son distintas acciones mancomunadas del Gobierno de C\u00f3rdoba, que tienen como principal objetivo generar igualdad de oportunidades para todos los habitantes de nuestra provincia<\/em>\u201d, dijo el vicegobernador.<\/p>\n\n\n\n<p>Para esta edici\u00f3n 2021 se han establecido dos l\u00edneas de acci\u00f3n, referidas al acompa\u00f1amiento en materia de incorporaci\u00f3n de nuevas tecnolog\u00edas y al acceso a l\u00edneas de financiamiento espec\u00edfico de Bancor, por un monto de 100 millones de pesos.<\/p>\n\n\n\n<p>El ministro de Ciencia y Tecnolog\u00eda de la Provincia, Pablo De Chiara, expres\u00f3 que \u201c<em>C\u00f3rdoba tiene todo para poder ser protagonista de este mundo de enormes cambios<\/em>\u201d.<\/p>\n\n\n\n<p>\u201c<em>Por un lado<\/em>&nbsp;-dijo De Chiara- tiene un sector acad\u00e9mico extremadamente comprometido,&nbsp;<em>adem\u00e1s de un sector productivo que entiende que con la innovaci\u00f3n y la adopci\u00f3n tecnol\u00f3gica va a lograr mayor competitividad. Y tambi\u00e9n un Estado presente, que genera los espacios de interacci\u00f3n y tiene la vocaci\u00f3n de la escucha y el di\u00e1logo<\/em>\u201d.<\/p>\n\n\n\n<p>Por su parte, el ministro de Industria, Comercio y Miner\u00eda, Eduardo Accastello, se\u00f1al\u00f3:&nbsp;<em>\u201cC\u00f3rdoba 4.0 se inscribe en el proyecto de desarrollo que tiene este Gabinete Productivo del gobierno de Juan Schiaretti, qu\u00e9 busca transformar las ideas que surgen de los sectores en pol\u00edticas p\u00fablicas de manera paulatina, firme y fehaciente en el tiempo<\/em>\u201d.<\/p>\n\n\n\n<p>\u201c<em>C\u00f3rdoba 4.0 surge de un estado desarrollista. C\u00f3rdoba 4.0 es ciencia y tecnolog\u00eda 4.0, producci\u00f3n 4.0, comercio y servicio 4.0 y, log\u00edstica 4.0<\/em>\u201d, sostuvo Accastello.<\/p>\n\n\n\n<h3 class=\"wp-block-heading\"><strong>Beneficios<\/strong><\/h3>\n\n\n\n<p>A trav\u00e9s de C\u00f3rdoba 4.0, las PyMEs inscriptas podr\u00e1n acceder al dise\u00f1o de un Proyecto de Adopci\u00f3n Tecnol\u00f3gica, estudio mediante el cual se obtiene un conocimiento sobre los procesos productivos de la empresa a partir de un relevamiento en campo. Esto permite identificar y focalizar un problema u oportunidad, a partir de un proyecto cuya soluci\u00f3n implique incorporaci\u00f3n y explotaci\u00f3n tecnol\u00f3gica, adem\u00e1s de recomendaciones para continuar en el camino de la mejora continua.<\/p>\n\n\n\n<p>La asistencia ser\u00e1 brindada a trav\u00e9s de un \u201cexperto 4.0\u201d del \u00e1mbito universitario, quien tendr\u00e1 a su cargo la elaboraci\u00f3n del proyecto de adopci\u00f3n tecnol\u00f3gica. Se brindar\u00e1n 2.250 horas profesionales de expertos 4.0 de universidades para 100 PyMEs de C\u00f3rdoba.<\/p>\n\n\n\n<p>Asimismo, una Comisi\u00f3n Evaluadora ad-hoc, integrada por representantes del sector productivo, acad\u00e9mico y p\u00fablico, analizar\u00e1 las solicitudes en base a los criterios definidos, para resolver acerca de la selecci\u00f3n de empresas beneficiarias.<\/p>\n\n\n\n<p>De la presentaci\u00f3n de esta edici\u00f3n 2021 participaron tambi\u00e9n el ministro de Agricultura y Ganader\u00eda, Sergio Buzzo, y el presidente de Bancor, Daniel Tillard.<\/p>\n\n\n\n<h3 class=\"wp-block-heading\"><strong>Pilares del C\u00f3rdoba 4.0<\/strong><\/h3>\n\n\n\n<p>La Industria 4.0 o cuarta revoluci\u00f3n industrial, busca transformar a la empresa en una organizaci\u00f3n inteligente con una nueva forma de producir que es autom\u00e1tica, independiente y controlable desde cualquier lugar. La implementaci\u00f3n se realiza a trav\u00e9s de la adopci\u00f3n de las nuevas tecnolog\u00edas para la progresiva automatizaci\u00f3n y conexi\u00f3n del mundo f\u00edsico y virtual del proceso productivo.<\/p>\n\n\n\n<p>Algunas de las tecnolog\u00edas innovadoras son: fabricaci\u00f3n aditiva, rob\u00f3tica colaborativa, herramientas de planificaci\u00f3n de la producci\u00f3n, inteligencia artificial, realidad virtual y aumentada, gamificaci\u00f3n, simulaci\u00f3n de procesos, inteligencia operacional, IoT, BigData, cloudcomputing, ciberseguridad, la nano y biotecnolog\u00eda y la computaci\u00f3n cu\u00e1ntica.<\/p>\n\n\n\n<p>Con estas tecnolog\u00edas, las empresas pueden acceder a grandes cantidades de datos en tiempo real y tomar mejores decisiones en todo el proceso productivo.<\/p>\n","protected":false},"excerpt":{"rendered":"<p>El vicegobernador, Manuel Calvo, encabez\u00f3 la presentaci\u00f3n de la acci\u00f3n que acompa\u00f1a y fomenta el avance tecnol\u00f3gico de las peque\u00f1as y medianas empresas.El objeto es mejorar la competitividad del sector, de la mano de proyectos \u201cde adopci\u00f3n\u201d y l\u00edneas de financiamiento.Las PyMEs interesadas en participar de la edici\u00f3n 2021 ya pueden completar un formulario online. &hellip;<\/p>\n","protected":false},"author":5,"featured_media":3792,"comment_status":"open","ping_status":"open","sticky":false,"template":"","format":"standard","meta":{"footnotes":""},"categories":[4,17],"tags":[],"class_list":["post-3791","post","type-post","status-publish","format-standard","has-post-thumbnail","hentry","category-news","category-noticias"],"_links":{"self":[{"href":"https:\/\/radiobeat97.com.ar\/beat\/wp-json\/wp\/v2\/posts\/3791","targetHints":{"allow":["GET"]}}],"collection":[{"href":"https:\/\/radiobeat97.com.ar\/beat\/wp-json\/wp\/v2\/posts"}],"about":[{"href":"https:\/\/radiobeat97.com.ar\/beat\/wp-json\/wp\/v2\/types\/post"}],"author":[{"embeddable":true,"href":"https:\/\/radiobeat97.com.ar\/beat\/wp-json\/wp\/v2\/users\/5"}],"replies":[{"embeddable":true,"href":"https:\/\/radiobeat97.com.ar\/beat\/wp-json\/wp\/v2\/comments?post=3791"}],"version-history":[{"count":1,"href":"https:\/\/radiobeat97.com.ar\/beat\/wp-json\/wp\/v2\/posts\/3791\/revisions"}],"predecessor-version":[{"id":3793,"href":"https:\/\/radiobeat97.com.ar\/beat\/wp-json\/wp\/v2\/posts\/3791\/revisions\/3793"}],"wp:featuredmedia":[{"embeddable":true,"href":"https:\/\/radiobeat97.com.ar\/beat\/wp-json\/wp\/v2\/media\/3792"}],"wp:attachment":[{"href":"https:\/\/radiobeat97.com.ar\/beat\/wp-json\/wp\/v2\/media?parent=3791"}],"wp:term":[{"taxonomy":"category","embeddable":true,"href":"https:\/\/radiobeat97.com.ar\/beat\/wp-json\/wp\/v2\/categories?post=3791"},{"taxonomy":"post_tag","embeddable":true,"href":"https:\/\/radiobeat97.com.ar\/beat\/wp-json\/wp\/v2\/tags?post=3791"}],"curies":[{"name":"wp","href":"https:\/\/api.w.org\/{rel}","templated":true}]}}