{"id":3899,"date":"2021-09-06T11:49:57","date_gmt":"2021-09-06T11:49:57","guid":{"rendered":"http:\/\/www.radiobeat97.com.ar\/beat\/?p=3899"},"modified":"2021-09-06T11:50:00","modified_gmt":"2021-09-06T11:50:00","slug":"ahi-vamos-el-documental","status":"publish","type":"post","link":"https:\/\/radiobeat97.com.ar\/beat\/ahi-vamos-el-documental\/","title":{"rendered":"\u00abAh\u00ed vamos\u00bb el Documental"},"content":{"rendered":"\n<p>Ya est\u00e1 disponible por primera vez, en el canal oficial de\u00a0Gustavo Cerati, uno de los dos documentales de \u201cAh\u00ed vamos\u201d.<br><br>Se trata del testimonio de la grabaci\u00f3n, con im\u00e1genes del backstage de las sesiones y un extenso reportaje a Cerati, todo filmado entre julio de 2005 y marzo de 2006 en su estudio Un\u00edsono, con direcci\u00f3n de Germ\u00e1n S\u00e1ez.<br><br>Unos pocos d\u00edas despu\u00e9s, el pr\u00f3ximo martes 31, tambi\u00e9n a las 19.00hs, se podr\u00e1 disfrutar del documental completo de la gira, filmado en M\u00e9xico, Argentina, Uruguay, Puerto Rico, Estados Unidos, Chile, Colombia, Per\u00fa y Espa\u00f1a, entre junio de 2006 y mayo de 2007. Incluye m\u00e1s declaraciones exclusivas de Gustavo y as\u00ed como reportajes a los m\u00fasicos de su banda: Tweety Gonz\u00e1lez, Richard Coleman, Fernando Nal\u00e9, Leandro Fresco y Fernando Samalea.<br><br>En ambos casos se trata se trata del material incluido, originalmente, como extras del DVD lanzado en abril de 2007.<br><br>El material de ambos documentales muestra nuevas y fascinantes facetas de la obra de Gustavo Cerati, que sigue atrayendo a varias generaciones de fans, tal como se comprob\u00f3 en las \u00faltimas semanas con el lanzamiento del video in\u00e9dito del tema \u201cNo te creo\u201d, que desde el pasado 11 de agosto ya pas\u00f3 la marca de 1.7 millones de visualizaciones en YouTube.<br><br>Con los documentales de \u201cAh\u00ed vamos\u201d, del l\u00edder de\u00a0Soda Stereo, por primera vez lanzados en forma oficial, Sony Music completa entonces el contenido del artista que se estrena a lo largo de agosto, el \u201c<strong>Mes Cerati<\/strong>\u201d.<br><br>A continuaci\u00f3n les compartimos este documental:<\/p>\n\n\n\n<p><iframe title=\"Gustavo Cerati - Ah\u00ed Vamos, Documental y Fotos de la Grabaci\u00f3n\" width=\"500\" height=\"375\" src=\"https:\/\/www.youtube.com\/embed\/vWyPS8rkSXk?feature=oembed\" frameborder=\"0\" allow=\"accelerometer; autoplay; clipboard-write; encrypted-media; gyroscope; picture-in-picture; web-share\" referrerpolicy=\"strict-origin-when-cross-origin\" allowfullscreen><\/iframe><\/p>\n\n\n\n<p><\/p>\n\n\n\n<p>fuente: cmtv.com.ar<\/p>\n","protected":false},"excerpt":{"rendered":"<p>Ya est\u00e1 disponible por primera vez, en el canal oficial de\u00a0Gustavo Cerati, uno de los dos documentales de \u201cAh\u00ed vamos\u201d.Se trata del testimonio de la grabaci\u00f3n, con im\u00e1genes del backstage de las sesiones y un extenso reportaje a Cerati, todo filmado entre julio de 2005 y marzo de 2006 en su estudio Un\u00edsono, con direcci\u00f3n &hellip;<\/p>\n","protected":false},"author":1,"featured_media":3900,"comment_status":"open","ping_status":"open","sticky":false,"template":"","format":"standard","meta":{"footnotes":""},"categories":[4,17],"tags":[],"class_list":["post-3899","post","type-post","status-publish","format-standard","has-post-thumbnail","hentry","category-news","category-noticias"],"_links":{"self":[{"href":"https:\/\/radiobeat97.com.ar\/beat\/wp-json\/wp\/v2\/posts\/3899","targetHints":{"allow":["GET"]}}],"collection":[{"href":"https:\/\/radiobeat97.com.ar\/beat\/wp-json\/wp\/v2\/posts"}],"about":[{"href":"https:\/\/radiobeat97.com.ar\/beat\/wp-json\/wp\/v2\/types\/post"}],"author":[{"embeddable":true,"href":"https:\/\/radiobeat97.com.ar\/beat\/wp-json\/wp\/v2\/users\/1"}],"replies":[{"embeddable":true,"href":"https:\/\/radiobeat97.com.ar\/beat\/wp-json\/wp\/v2\/comments?post=3899"}],"version-history":[{"count":1,"href":"https:\/\/radiobeat97.com.ar\/beat\/wp-json\/wp\/v2\/posts\/3899\/revisions"}],"predecessor-version":[{"id":3901,"href":"https:\/\/radiobeat97.com.ar\/beat\/wp-json\/wp\/v2\/posts\/3899\/revisions\/3901"}],"wp:featuredmedia":[{"embeddable":true,"href":"https:\/\/radiobeat97.com.ar\/beat\/wp-json\/wp\/v2\/media\/3900"}],"wp:attachment":[{"href":"https:\/\/radiobeat97.com.ar\/beat\/wp-json\/wp\/v2\/media?parent=3899"}],"wp:term":[{"taxonomy":"category","embeddable":true,"href":"https:\/\/radiobeat97.com.ar\/beat\/wp-json\/wp\/v2\/categories?post=3899"},{"taxonomy":"post_tag","embeddable":true,"href":"https:\/\/radiobeat97.com.ar\/beat\/wp-json\/wp\/v2\/tags?post=3899"}],"curies":[{"name":"wp","href":"https:\/\/api.w.org\/{rel}","templated":true}]}}