{"id":4083,"date":"2021-09-12T21:16:50","date_gmt":"2021-09-12T21:16:50","guid":{"rendered":"http:\/\/www.radiobeat97.com.ar\/beat\/?p=4083"},"modified":"2021-09-13T20:22:42","modified_gmt":"2021-09-13T20:22:42","slug":"la-plaza-cielo-tierra-cumple-4-anos","status":"publish","type":"post","link":"https:\/\/radiobeat97.com.ar\/beat\/la-plaza-cielo-tierra-cumple-4-anos\/","title":{"rendered":"La Plaza Cielo Tierra cumple 4 a\u00f1os"},"content":{"rendered":"<ul>\n<li><strong>Con nuevos instrumentos cient\u00edficos y proyecciones del telescopio mayor, anoche iniciaron actividades complementarias a las habituales visitas como parte de los festejos en el mes aniversario.<\/strong><\/li>\n<li><strong>Este espacio naci\u00f3 de una iniciativa conjunta entre el Gobierno de la Provincia de C\u00f3rdoba y la Universidad Nacional de C\u00f3rdoba.<\/strong><\/li>\n<\/ul>\n<p>El Centro de Interpretaci\u00f3n Cient\u00edfica\u00a0<a href=\"https:\/\/www.plazacielotierra.org\/\" target=\"_blank\" rel=\"noreferrer noopener\">Plaza Cielo Tierra<\/a>\u00a0cumple hoy cuatro a\u00f1os acercando la ciencia a todos los cordobeses. Este espacio naci\u00f3 de una iniciativa conjunta entre el Gobierno de la Provincia de C\u00f3rdoba y la Universidad Nacional de C\u00f3rdoba.<\/p>\n<p>Con el objetivo claro de invitar a todos los ciudadanos a disfrutar, observar, descubrir y experimentar conociendo el Universo, la Plaza es un parque tem\u00e1tico con objetos que ayudan a entender la ciencia y la tecnolog\u00eda, constituyendo un tipo de museo sin objetos patrimoniales.<\/p>\n<p>En el marco del mes aniversario, el Centro de Interpretaci\u00f3n Cient\u00edfica inici\u00f3 anoche una serie de actividades complementarias, pensadas para seguir asombrando a grandes y chicos, para descubrir la ciencia y la tecnolog\u00eda del mundo que nos rodea.<\/p>\n<figure class=\"wp-block-gallery columns-3 is-cropped\">\n<ul class=\"blocks-gallery-grid\">\n<li class=\"blocks-gallery-item\">\n<figure><img fetchpriority=\"high\" decoding=\"async\" class=\"wp-image-466366\" src=\"https:\/\/prensa.cba.gov.ar\/wp-content\/uploads\/2021\/09\/DSC_6256.jpg\" alt=\"\" width=\"993\" height=\"663\" data-id=\"466366\" data-link=\"https:\/\/prensa.cba.gov.ar\/?attachment_id=466366\" \/><\/figure>\n<\/li>\n<li class=\"blocks-gallery-item\">\n<figure><img decoding=\"async\" class=\"wp-image-466364\" src=\"https:\/\/prensa.cba.gov.ar\/wp-content\/uploads\/2021\/09\/DSC_6300.jpg\" alt=\"\" width=\"993\" height=\"663\" data-id=\"466364\" data-link=\"https:\/\/prensa.cba.gov.ar\/?attachment_id=466364\" \/><\/figure>\n<\/li>\n<li class=\"blocks-gallery-item\">\n<figure><img decoding=\"async\" class=\"wp-image-466365\" src=\"https:\/\/prensa.cba.gov.ar\/wp-content\/uploads\/2021\/09\/DSC_6297.jpg\" alt=\"\" width=\"993\" height=\"663\" data-id=\"466365\" data-link=\"https:\/\/prensa.cba.gov.ar\/?attachment_id=466365\" \/><\/figure>\n<\/li>\n<\/ul>\n<\/figure>\n<p>Mientras la gente se acercaba para iniciar su visita, el director de Plaza Cielo Tierra, Daniel Barraco, destac\u00f3:\u00a0<em>\u201cEn la Plaza pretendemos mostrar y comprender a la ciencia no como una construcci\u00f3n de individuos aislados o en soledad, sino del conjunto de los individuos que forman las sociedades. Mediante la fascinaci\u00f3n que provocan los hechos de la naturaleza, buscamos disparar el inter\u00e9s a reflexionar sobre ellos, a pensar de formas distintas a las habituales, a preguntarse sobre el Universo, la naturaleza, el mundo interior que construimos o el mundo social en donde nos desarrollamos.<\/em><\/p>\n<p>\u00ab<em>Finalmente, pretendemos despertar en ni\u00f1os, ni\u00f1as y j\u00f3venes las vocaciones cient\u00edficas, as\u00ed como hacerlos amar la b\u00fasqueda del conocimiento, apreciando y valorando el esfuerzo que ello requiere y poniendo el eje en el contacto y la comunicaci\u00f3n humana\u201d<\/em>, concluy\u00f3.<\/p>\n<p>Entre las actividades que se ofreci\u00f3 anoche a los visitantes en la primera jornada de actividades del mes aniversario, se proyect\u00f3 en vivo el cielo de C\u00f3rdoba a trav\u00e9s de la utilizaci\u00f3n de un telescopio mayor, que permiti\u00f3 observar de cerca las constelaciones y astros que nos rodean. Adem\u00e1s, se realiz\u00f3 una visita nocturna en donde se pudieron conocer nuevos instrumentos cient\u00edficos: Ventana de Ames, P\u00e9ndulo Misterioso, P\u00e9ndulo de Newton, Estructura de Tensegridad y Tubo de Rubens.<\/p>\n<h3><strong>Agenda<\/strong><strong>\u00a0de Actividades:<\/strong><\/h3>\n<ul>\n<li><strong>Cine Club Cient\u00edfico:<\/strong><\/li>\n<\/ul>\n<p>Los d\u00edas 17 y 24 de septiembre, y 1 y 8 de octubre se proyectar\u00e1n pel\u00edculas cient\u00edficas al aire libre. Los contenidos ser\u00e1n de producci\u00f3n nacional e internacional. La actividad tendr\u00e1 una duraci\u00f3n de aproximadamente una hora y es con inscripci\u00f3n previa.<\/p>\n<p>Las actividades son con cupo limitado debido al protocolo Covid-19 aprobado por el Centro de Operaciones de Emergencia (COE).<\/p>\n<p>Conoc\u00e9 m\u00e1s sobre las actividades aqu\u00ed:\u00a0\u00a0<a href=\"https:\/\/www.plazacielotierra.org\/plaza-cielo-tierra-cumple-4-anos\/\" target=\"_blank\" rel=\"noreferrer noopener\">Plaza Cielo Tierra cumple 4 a\u00f1os\u00a0 \u2013 Plaza Cielo Tierra<\/a><\/p>\n<p><iframe title=\"YouTube video player\" src=\"https:\/\/www.youtube.com\/embed\/0sSuIqlc0Xk\" width=\"560\" height=\"315\" frameborder=\"0\" allowfullscreen=\"allowfullscreen\"><\/iframe><\/p>\n","protected":false},"excerpt":{"rendered":"<p>Con nuevos instrumentos cient\u00edficos y proyecciones del telescopio mayor, anoche iniciaron actividades complementarias a las habituales visitas como parte de los festejos en el mes aniversario. Este espacio naci\u00f3 de una iniciativa conjunta entre el Gobierno de la Provincia de C\u00f3rdoba y la Universidad Nacional de C\u00f3rdoba. El Centro de Interpretaci\u00f3n Cient\u00edfica\u00a0Plaza Cielo Tierra\u00a0cumple hoy &hellip;<\/p>\n","protected":false},"author":1,"featured_media":4084,"comment_status":"open","ping_status":"open","sticky":false,"template":"","format":"standard","meta":{"footnotes":""},"categories":[45],"tags":[],"class_list":["post-4083","post","type-post","status-publish","format-standard","has-post-thumbnail","hentry","category-tecnologia"],"_links":{"self":[{"href":"https:\/\/radiobeat97.com.ar\/beat\/wp-json\/wp\/v2\/posts\/4083","targetHints":{"allow":["GET"]}}],"collection":[{"href":"https:\/\/radiobeat97.com.ar\/beat\/wp-json\/wp\/v2\/posts"}],"about":[{"href":"https:\/\/radiobeat97.com.ar\/beat\/wp-json\/wp\/v2\/types\/post"}],"author":[{"embeddable":true,"href":"https:\/\/radiobeat97.com.ar\/beat\/wp-json\/wp\/v2\/users\/1"}],"replies":[{"embeddable":true,"href":"https:\/\/radiobeat97.com.ar\/beat\/wp-json\/wp\/v2\/comments?post=4083"}],"version-history":[{"count":1,"href":"https:\/\/radiobeat97.com.ar\/beat\/wp-json\/wp\/v2\/posts\/4083\/revisions"}],"predecessor-version":[{"id":4085,"href":"https:\/\/radiobeat97.com.ar\/beat\/wp-json\/wp\/v2\/posts\/4083\/revisions\/4085"}],"wp:featuredmedia":[{"embeddable":true,"href":"https:\/\/radiobeat97.com.ar\/beat\/wp-json\/wp\/v2\/media\/4084"}],"wp:attachment":[{"href":"https:\/\/radiobeat97.com.ar\/beat\/wp-json\/wp\/v2\/media?parent=4083"}],"wp:term":[{"taxonomy":"category","embeddable":true,"href":"https:\/\/radiobeat97.com.ar\/beat\/wp-json\/wp\/v2\/categories?post=4083"},{"taxonomy":"post_tag","embeddable":true,"href":"https:\/\/radiobeat97.com.ar\/beat\/wp-json\/wp\/v2\/tags?post=4083"}],"curies":[{"name":"wp","href":"https:\/\/api.w.org\/{rel}","templated":true}]}}