{"id":4191,"date":"2021-10-09T13:06:50","date_gmt":"2021-10-09T13:06:50","guid":{"rendered":"http:\/\/www.radiobeat97.com.ar\/beat\/?p=4191"},"modified":"2021-10-09T13:06:50","modified_gmt":"2021-10-09T13:06:50","slug":"esi-1-800-personas-participaron-de-educar-en-igualdad","status":"publish","type":"post","link":"https:\/\/radiobeat97.com.ar\/beat\/esi-1-800-personas-participaron-de-educar-en-igualdad\/","title":{"rendered":"ESI: 1.800 personas participaron de \u201cEducar en Igualdad\u201d"},"content":{"rendered":"<ul>\n<li><strong>Se trata de integrantes de la comunidad educativa de toda la provincia que participaron en las actividades de reflexi\u00f3n sobre la Educaci\u00f3n Sexual Integral y las Violencias de G\u00e9nero.<\/strong><\/li>\n<li><strong>Con actividades virtuales, las escuelas tuvieron a disposici\u00f3n herramientas para trabajar la tem\u00e1tica entre las actividades curriculares definidas para esta semana.<\/strong><\/li>\n<\/ul>\n<p>En el marco de los 15 a\u00f1os de la sanci\u00f3n de la Ley de Educaci\u00f3n Sexual Integral (ESI),\u00a0unas 1.800 personas, entre familias, estudiantes y docentes de todos los niveles y modalidades de la provincia, participaron de una nueva jornada de \u201cEducar en Igualdad\u201d que se desarroll\u00f3 durante cuatro d\u00edas hasta hoy.<\/p>\n<p>De esta manera, quienes formaron parte de las actividades propuestas por el Ministerio de Educaci\u00f3n a trav\u00e9s de la Direcci\u00f3n de Desarrollo Curricular, Capacitaci\u00f3n y Acompa\u00f1amiento Institucional (DGDCCyAI), pudieron debatir y reflexionar sobre la prevenci\u00f3n y la erradicaci\u00f3n de las violencias de g\u00e9nero en las aulas.<\/p>\n<p>En los encuentros se abordaron las herramientas para la prevenci\u00f3n de las violencias de g\u00e9nero a trav\u00e9s de narraciones, obras de t\u00edteres, conversatorios e instancias de reflexi\u00f3n. As\u00ed, se constituyeron distintos espacios para compartir experiencias con enfoques espec\u00edficos para los niveles inicial, primario, secundario y superior.<\/p>\n<p>Desde el Programa Provincial de ESI, se ofrecieron durante esta semana una serie de actividades virtuales para brindar a las escuelas herramientas para enriquecer la discusi\u00f3n y reflexi\u00f3n, y profundizar el debate en torno a la prevenci\u00f3n y erradicaci\u00f3n de las violencias de g\u00e9nero.<\/p>\n<p>La apertura de la jornada estuvo a cargo de la secretaria de Educaci\u00f3n de la Provincia de C\u00f3rdoba, Delia Provinciali y del director de la Direcci\u00f3n de Desarrollo Curricular, Capacitaci\u00f3n y Acompa\u00f1amiento Institucional (DGDCCyAI), Prof. Edgardo Carandino. Tambi\u00e9n particip\u00f3 Mirta Marina, del Observatorio Federal de ESI y Sonia Papera, coordinadora del Programa Provincial de ESI.<\/p>\n","protected":false},"excerpt":{"rendered":"<p>Se trata de integrantes de la comunidad educativa de toda la provincia que participaron en las actividades de reflexi\u00f3n sobre la Educaci\u00f3n Sexual Integral y las Violencias de G\u00e9nero. Con actividades virtuales, las escuelas tuvieron a disposici\u00f3n herramientas para trabajar la tem\u00e1tica entre las actividades curriculares definidas para esta semana. En el marco de los &hellip;<\/p>\n","protected":false},"author":5,"featured_media":4192,"comment_status":"open","ping_status":"open","sticky":false,"template":"","format":"standard","meta":{"footnotes":""},"categories":[48],"tags":[],"class_list":["post-4191","post","type-post","status-publish","format-standard","has-post-thumbnail","hentry","category-info-general"],"_links":{"self":[{"href":"https:\/\/radiobeat97.com.ar\/beat\/wp-json\/wp\/v2\/posts\/4191","targetHints":{"allow":["GET"]}}],"collection":[{"href":"https:\/\/radiobeat97.com.ar\/beat\/wp-json\/wp\/v2\/posts"}],"about":[{"href":"https:\/\/radiobeat97.com.ar\/beat\/wp-json\/wp\/v2\/types\/post"}],"author":[{"embeddable":true,"href":"https:\/\/radiobeat97.com.ar\/beat\/wp-json\/wp\/v2\/users\/5"}],"replies":[{"embeddable":true,"href":"https:\/\/radiobeat97.com.ar\/beat\/wp-json\/wp\/v2\/comments?post=4191"}],"version-history":[{"count":1,"href":"https:\/\/radiobeat97.com.ar\/beat\/wp-json\/wp\/v2\/posts\/4191\/revisions"}],"predecessor-version":[{"id":4193,"href":"https:\/\/radiobeat97.com.ar\/beat\/wp-json\/wp\/v2\/posts\/4191\/revisions\/4193"}],"wp:featuredmedia":[{"embeddable":true,"href":"https:\/\/radiobeat97.com.ar\/beat\/wp-json\/wp\/v2\/media\/4192"}],"wp:attachment":[{"href":"https:\/\/radiobeat97.com.ar\/beat\/wp-json\/wp\/v2\/media?parent=4191"}],"wp:term":[{"taxonomy":"category","embeddable":true,"href":"https:\/\/radiobeat97.com.ar\/beat\/wp-json\/wp\/v2\/categories?post=4191"},{"taxonomy":"post_tag","embeddable":true,"href":"https:\/\/radiobeat97.com.ar\/beat\/wp-json\/wp\/v2\/tags?post=4191"}],"curies":[{"name":"wp","href":"https:\/\/api.w.org\/{rel}","templated":true}]}}