{"id":4223,"date":"2021-10-19T10:59:18","date_gmt":"2021-10-19T10:59:18","guid":{"rendered":"http:\/\/www.radiobeat97.com.ar\/beat\/?p=4223"},"modified":"2021-10-19T10:59:18","modified_gmt":"2021-10-19T10:59:18","slug":"ciclo-lectivo-2022-cordoba-iniciara-las-clases-el-2-de-marzo","status":"publish","type":"post","link":"https:\/\/radiobeat97.com.ar\/beat\/ciclo-lectivo-2022-cordoba-iniciara-las-clases-el-2-de-marzo\/","title":{"rendered":"Ciclo lectivo 2022: C\u00f3rdoba iniciar\u00e1 las clases el 2 de marzo"},"content":{"rendered":"<ul>\n<li><strong>El calendario contempla el regreso de los docentes el pr\u00f3ximo 15 de febrero, mientras que los alumnos con contenidos pendientes realizar\u00e1n el per\u00edodo de intensificaci\u00f3n de aprendizajes del 17 al 25 de ese mes.<\/strong><\/li>\n<li><strong>La finalizaci\u00f3n del ciclo lectivo ser\u00e1 el 19 de diciembre de 2022. De esta manera se prev\u00e9 que habr\u00e1 190 d\u00edas de clases.<\/strong><\/li>\n<\/ul>\n<p>El Ministerio de Educaci\u00f3n de la provincia de C\u00f3rdoba estableci\u00f3\u00a0<strong>las fechas correspondientes al ciclo lectivo 2022.<\/strong>\u00a0De esta manera, el equipo directivo y docente se reintegrar\u00e1 a sus funciones el 15 de febrero, d\u00eda en el que comenzar\u00e1 el taller de planificaci\u00f3n de la organizaci\u00f3n pedag\u00f3gica institucional, que finalizar\u00e1 el 16.<\/p>\n<p>En tanto que, los estudiantes que no completaron sus aprendizajes en diciembre del 2021, realizar\u00e1n el\u00a0<strong>\u00abper\u00edodo de intensificaci\u00f3n de aprendizajes\u00bb<\/strong>\u00a0entre el 17 y el 25 de febrero.\u00a0Por otro lado, el 24 y el 25 del mismo mes tendr\u00e1 lugar el\u00a0<strong>per\u00edodo de ambientaci\u00f3n<\/strong>\u00a0de estudiantes que ingresan por primera vez al nivel inicial, primario y secundario.<\/p>\n<p>A su vez, entre el 21 y el 25 de febrero tendr\u00e1n lugar los ex\u00e1menes previos y libres equivalentes.<\/p>\n<p>Es as\u00ed que<strong>, el inicio de clases en los distintos niveles y modalidades de la Educaci\u00f3n General Obligatoria ser\u00e1 el 2 de marzo, receso escolar invernal\u00a0<\/strong>ser\u00e1 entre el<strong>\u00a011 y el 22 de julio.\u00a0<\/strong>En tanto que<strong>,\u00a0<\/strong>la finalizaci\u00f3n del ciclo lectivo ser\u00e1 el<strong>\u00a019 de diciembre de 2022.<\/p>\n<p>De esta manera, el pr\u00f3ximo a\u00f1o, los estudiantes tendr\u00e1n 190 d\u00edas de clases.<\/strong><\/p>\n<p><strong>Cabe destacar<\/strong>\u00a0que, a partir del 1 de febrero de 2022 las escuelas que integren el\u00a0<strong>Programa Acompa\u00f1ar<\/strong>\u00a0de nivel primario y secundario, reiniciar\u00e1n sus actividades de vinculaci\u00f3n pedag\u00f3gica y de intensificaci\u00f3n de aprendizajes con estudiantes con aprendizajes pendientes.<\/p>\n<p>A continuaci\u00f3n, compartimos las principales fechas del calendario.<\/p>\n<p><strong>R\u00e9gimen com\u00fan:<\/strong><\/p>\n<p><strong>15\/02\/22:<\/strong>\u00a0Reintegro del Equipo directivo y docente.<\/p>\n<p><strong>15 y 16-02\/22:<\/strong>\u00a0Taller de planificaci\u00f3n de la organizaci\u00f3n pedag\u00f3gica institucional.<\/p>\n<p><strong>17 al 25\/02\/22:<\/strong>\u00a0 Per\u00edodo de intensificaci\u00f3n de aprendizajes pendientes.<\/p>\n<p><strong>21 al 25\/02\/22:<\/strong>\u00a0Per\u00edodo de ex\u00e1menes previos, libres y equivalentes.<\/p>\n<p><strong>24 y 25\/02\/22:\u00a0\u00a0<\/strong>Per\u00edodo de ambientaci\u00f3n de estudiantes que ingresan por primera vez a los niveles inicial, primario y secundario.<\/p>\n<p><strong>02\/03\/22:<\/strong>\u00a0Inicio de clases para los distintos niveles y modalidades de la Educaci\u00f3n General Obligatoria.<\/p>\n<p><strong>11 al 22\/07\/22:<\/strong>\u00a0Receso escolar de invierno.<\/p>\n<p><strong>19\/12\/22:<\/strong>\u00a0Finalizaci\u00f3n del ciclo lectivo Nivel Inicial, Primario, Secundario y Modalidades.<\/p>\n<p><strong>20 al 29\/12\/22:<\/strong>\u00a0Coloquios y ex\u00e1menes previos y equivalentes.<\/p>\n<p><strong>R\u00e9gimen especial:<\/strong><\/p>\n<p><strong>22\/08\/22:<\/strong>\u00a0Inicio del ciclo lectivo.<\/p>\n<p><strong>19\/12 al 30\/12\/22:<\/strong>\u00a0Receso escolar.<\/p>\n<p><strong>09\/06\/23:<\/strong>\u00a0Finalizaci\u00f3n del Ciclo.<\/p>\n<p><strong>Nivel superior:<\/strong><\/p>\n<p><strong>15\/02\/22:<\/strong>\u00a0Reintegro del Equipo Directivo y Docente.<\/p>\n<p><strong>16 y 17\/02\/22:<\/strong>\u00a0Taller de Planificaci\u00f3n de la organizaci\u00f3n pedag\u00f3gica institucional.<\/p>\n<p><strong>21\/02\/22:<\/strong>\u00a0Ingreso a 1er A\u00f1o Oficio de Ense\u00f1ar \u2013 Ser T\u00e9cnico.<\/p>\n<p><strong>04\/04\/22:<\/strong>\u00a0Inicio de clases.<\/p>\n<p><strong>11 al 22\/07\/22:<\/strong>\u00a0Receso Escolar de invierno.<\/p>\n<p><strong>25\/12\/22:<\/strong>\u00a0Finalizaci\u00f3n del ciclo lectivo.<\/p>\n<p><strong>28\/11 al 23\/12\/22:<\/strong>\u00a0Ex\u00e1menes y Evaluaci\u00f3n Institucional.<\/p>\n","protected":false},"excerpt":{"rendered":"<p>El calendario contempla el regreso de los docentes el pr\u00f3ximo 15 de febrero, mientras que los alumnos con contenidos pendientes realizar\u00e1n el per\u00edodo de intensificaci\u00f3n de aprendizajes del 17 al 25 de ese mes. La finalizaci\u00f3n del ciclo lectivo ser\u00e1 el 19 de diciembre de 2022. De esta manera se prev\u00e9 que habr\u00e1 190 d\u00edas &hellip;<\/p>\n","protected":false},"author":5,"featured_media":4224,"comment_status":"open","ping_status":"open","sticky":false,"template":"","format":"standard","meta":{"footnotes":""},"categories":[48],"tags":[],"class_list":["post-4223","post","type-post","status-publish","format-standard","has-post-thumbnail","hentry","category-info-general"],"_links":{"self":[{"href":"https:\/\/radiobeat97.com.ar\/beat\/wp-json\/wp\/v2\/posts\/4223","targetHints":{"allow":["GET"]}}],"collection":[{"href":"https:\/\/radiobeat97.com.ar\/beat\/wp-json\/wp\/v2\/posts"}],"about":[{"href":"https:\/\/radiobeat97.com.ar\/beat\/wp-json\/wp\/v2\/types\/post"}],"author":[{"embeddable":true,"href":"https:\/\/radiobeat97.com.ar\/beat\/wp-json\/wp\/v2\/users\/5"}],"replies":[{"embeddable":true,"href":"https:\/\/radiobeat97.com.ar\/beat\/wp-json\/wp\/v2\/comments?post=4223"}],"version-history":[{"count":1,"href":"https:\/\/radiobeat97.com.ar\/beat\/wp-json\/wp\/v2\/posts\/4223\/revisions"}],"predecessor-version":[{"id":4225,"href":"https:\/\/radiobeat97.com.ar\/beat\/wp-json\/wp\/v2\/posts\/4223\/revisions\/4225"}],"wp:featuredmedia":[{"embeddable":true,"href":"https:\/\/radiobeat97.com.ar\/beat\/wp-json\/wp\/v2\/media\/4224"}],"wp:attachment":[{"href":"https:\/\/radiobeat97.com.ar\/beat\/wp-json\/wp\/v2\/media?parent=4223"}],"wp:term":[{"taxonomy":"category","embeddable":true,"href":"https:\/\/radiobeat97.com.ar\/beat\/wp-json\/wp\/v2\/categories?post=4223"},{"taxonomy":"post_tag","embeddable":true,"href":"https:\/\/radiobeat97.com.ar\/beat\/wp-json\/wp\/v2\/tags?post=4223"}],"curies":[{"name":"wp","href":"https:\/\/api.w.org\/{rel}","templated":true}]}}