{"id":4283,"date":"2021-11-17T21:38:14","date_gmt":"2021-11-17T21:38:14","guid":{"rendered":"http:\/\/www.radiobeat97.com.ar\/beat\/?p=4283"},"modified":"2021-11-17T21:38:14","modified_gmt":"2021-11-17T21:38:14","slug":"tenis-se-presentaron-los-tres-torneos-itf-a-disputarse-en-cordoba","status":"publish","type":"post","link":"https:\/\/radiobeat97.com.ar\/beat\/tenis-se-presentaron-los-tres-torneos-itf-a-disputarse-en-cordoba\/","title":{"rendered":"Tenis: se presentaron los tres torneos ITF a disputarse en C\u00f3rdoba"},"content":{"rendered":"<ul>\n<li><strong>Ser\u00e1n en noviembre y diciembre y tendr\u00e1n como sede el Polo Deportivo Kempes y las ciudades de Villa Allende y R\u00edo Cuarto.<\/strong><\/li>\n<li><strong>Adem\u00e1s, se confirm\u00f3 que la edici\u00f3n del C\u00f3rdoba Open 2022 se llevar\u00e1 a cabo del 29 de enero al 6 de febrero.<\/strong><\/li>\n<\/ul>\n<p>La sala de conferencias del Estadio Kempes fue el marco para la presentaci\u00f3n de los tres torneos ITF World Tennis que se realizar\u00e1n en nuestra provincia. El primer evento ser\u00e1 en la cancha principal del Polo Deportivo, el Kempes Tenis, desde el 21 al 28 de noviembre. Luego, la acci\u00f3n ser\u00e1 en los courts de Villa Allende, donde el Espacio Deep ser\u00e1 el anfitri\u00f3n entre el 28 de noviembre y el 5 de diciembre. Por \u00faltimo, el Jockey Club R\u00edo Cuarto ser\u00e1 sede del torneo que se desarrollar\u00e1 entre el 5 y el 12 de diciembre.<\/p>\n<p>En la presentaci\u00f3n estuvieron presentes autoridades de la Agencia C\u00f3rdoba Deportes, el presidente H\u00e9ctor Campana, el vicepresidente Gonzalo Sosa, el presidente de la Asociaci\u00f3n Argentina de Tenis, Agust\u00edn Calleri, el presidente de la Federaci\u00f3n Cordobesa de Tenis, Juan P\u00e9rez, los directores y organizadores de los cert\u00e1menes y los jugadores Lucio Carnevale y Federico Mirgone.<\/p>\n<div class=\"wp-block-coblocks-gallery-carousel\" aria-label=\"Carousel Gallery\">\n<div class=\"is-cropped coblocks-gallery has-no-alignment has-caption-style-dark\">\n<div class=\"has-carousel has-carousel-lrg flickity-enabled is-draggable\" tabindex=\"0\" data-flickity=\"{&quot;autoPlay&quot;:false,&quot;draggable&quot;:true,&quot;pageDots&quot;:false,&quot;prevNextButtons&quot;:true,&quot;wrapAround&quot;:true,&quot;cellAlign&quot;:&quot;center&quot;,&quot;pauseAutoPlayOnHover&quot;:false,&quot;freeScroll&quot;:false,&quot;arrowShape&quot;:{&quot;x0&quot;:10,&quot;x1&quot;:60,&quot;y1&quot;:50,&quot;x2&quot;:65,&quot;y2&quot;:45,&quot;x3&quot;:20},&quot;thumbnails&quot;:false,&quot;responsiveHeight&quot;:false}\">\n<div class=\"flickity-viewport\">\n<div class=\"flickity-slider\">\n<div class=\"coblocks-gallery--item is-selected\">\n<figure class=\"coblocks-gallery--figure\"><img fetchpriority=\"high\" decoding=\"async\" class=\"wp-image-476222\" src=\"https:\/\/prensa.cba.gov.ar\/wp-content\/uploads\/2021\/11\/tenis-1-993.jpg\" alt=\"\" width=\"993\" height=\"660\" data-id=\"476222\" data-link=\"https:\/\/prensa.cba.gov.ar\/?attachment_id=476222\" \/><\/figure>\n<\/div>\n<div class=\"coblocks-gallery--item\" aria-hidden=\"true\">\n<figure class=\"coblocks-gallery--figure\"><img decoding=\"async\" class=\"wp-image-476223\" src=\"https:\/\/prensa.cba.gov.ar\/wp-content\/uploads\/2021\/11\/tenis-2-993.jpg\" alt=\"\" width=\"993\" height=\"660\" data-id=\"476223\" data-link=\"https:\/\/prensa.cba.gov.ar\/?attachment_id=476223\" \/><\/figure>\n<\/div>\n<div class=\"coblocks-gallery--item\" aria-hidden=\"true\">\n<figure class=\"coblocks-gallery--figure\"><img decoding=\"async\" class=\"wp-image-476224\" src=\"https:\/\/prensa.cba.gov.ar\/wp-content\/uploads\/2021\/11\/tenis-3-993.jpg\" alt=\"\" width=\"993\" height=\"660\" data-id=\"476224\" data-link=\"https:\/\/prensa.cba.gov.ar\/?attachment_id=476224\" \/><\/figure>\n<\/div>\n<\/div>\n<\/div>\n<p><button class=\"flickity-button flickity-prev-next-button previous\" type=\"button\" aria-label=\"Previous\"><\/button><button class=\"flickity-button flickity-prev-next-button next\" type=\"button\" aria-label=\"Next\"><\/button><\/div>\n<\/div>\n<\/div>\n<p>En relaci\u00f3n a la trascendencia de los eventos que se vienen, Campana destac\u00f3:\u00a0<em>\u201cEs una alegr\u00eda que estos tres torneos se desarrollen en nuestra provincia. Tener este tipo de competencia sirve para la preparaci\u00f3n de los jugadores que empiezan a recorrer el camino del profesionalismo. Adem\u00e1s, estamos felices de trabajar en conjunto con la Asociaci\u00f3n Argentina de Tenis y potenciar la disciplina en C\u00f3rdoba\u201d.<\/em><\/p>\n<p>Adem\u00e1s, confirm\u00f3 que el C\u00f3rdoba Open 2022 tiene fecha confirmada<em>:<strong>\u00a0\u201cSer\u00e1 del 29 de enero al 6 de febrero y esperamos que pueda ser mucho m\u00e1s parecido a las primeras ediciones, con un buen marco de p\u00fablico en las tribunas para que los cordobeses puedan disfrutarlo\u201d.<\/strong><\/em><\/p>\n<p>Por su parte, Calleri expres\u00f3:<em>\u00a0\u201cC\u00f3rdoba se merece tener estos tipos de torneos porque es un gran exponente a nivel internacional en lo deportivo, como queda demostrado adem\u00e1s con la Billie Jean King Cup y el ATP que se realizaron en la provincia. Todos los jugadores, tanto nacionales como extranjeros, disfrutan de venir a jugar a C\u00f3rdoba. Es muy importante el apoyo que brinda el Gobierno de la Provincia para que puedan llevarse a cabo\u201d.<\/em><\/p>\n<p>El torneo del Kempes es un M15 (ex future), mientras que los dos restantes son M25. Esta clasificaci\u00f3n difiere en los puntos que se otorgan a los jugadores, as\u00ed como tambi\u00e9n al dinero a repartir.<\/p>\n<p>Las raquetas que ya est\u00e1n confirmadas son: Santiago Rodr\u00edguez Taverna, Nicol\u00e1s \u00c1lvarez (Per\u00fa), Facundo Ju\u00e1rez, Vladyslav Orlov (Ucrania), Mat\u00edas Zukas, Gonzalo Villanueva, Luciano Darderi (Italia), Eric Vanshelboim (Ucrania), Carlos Sanchez Jover (Espa\u00f1a), Mat\u00edas Descotte, Juan Pablo Paz, Francisco Comesa\u00f1a, Alejo Lingua Lavall\u00e9n, Mariano Kestelboim, Mariano Navone. Con estos tres torneos, C\u00f3rdoba se consolida como una plaza referente del tenis nacional e internacional, con el ATP y la Copa Billie Jean King que ya se disputaron este a\u00f1o, a\u00fan en un contexto complicado por la situaci\u00f3n de pandemia.<\/p>\n","protected":false},"excerpt":{"rendered":"<p>Ser\u00e1n en noviembre y diciembre y tendr\u00e1n como sede el Polo Deportivo Kempes y las ciudades de Villa Allende y R\u00edo Cuarto. Adem\u00e1s, se confirm\u00f3 que la edici\u00f3n del C\u00f3rdoba Open 2022 se llevar\u00e1 a cabo del 29 de enero al 6 de febrero. La sala de conferencias del Estadio Kempes fue el marco para &hellip;<\/p>\n","protected":false},"author":5,"featured_media":4285,"comment_status":"open","ping_status":"open","sticky":false,"template":"","format":"standard","meta":{"footnotes":""},"categories":[47],"tags":[],"class_list":["post-4283","post","type-post","status-publish","format-standard","has-post-thumbnail","hentry","category-deportes"],"_links":{"self":[{"href":"https:\/\/radiobeat97.com.ar\/beat\/wp-json\/wp\/v2\/posts\/4283","targetHints":{"allow":["GET"]}}],"collection":[{"href":"https:\/\/radiobeat97.com.ar\/beat\/wp-json\/wp\/v2\/posts"}],"about":[{"href":"https:\/\/radiobeat97.com.ar\/beat\/wp-json\/wp\/v2\/types\/post"}],"author":[{"embeddable":true,"href":"https:\/\/radiobeat97.com.ar\/beat\/wp-json\/wp\/v2\/users\/5"}],"replies":[{"embeddable":true,"href":"https:\/\/radiobeat97.com.ar\/beat\/wp-json\/wp\/v2\/comments?post=4283"}],"version-history":[{"count":1,"href":"https:\/\/radiobeat97.com.ar\/beat\/wp-json\/wp\/v2\/posts\/4283\/revisions"}],"predecessor-version":[{"id":4286,"href":"https:\/\/radiobeat97.com.ar\/beat\/wp-json\/wp\/v2\/posts\/4283\/revisions\/4286"}],"wp:featuredmedia":[{"embeddable":true,"href":"https:\/\/radiobeat97.com.ar\/beat\/wp-json\/wp\/v2\/media\/4285"}],"wp:attachment":[{"href":"https:\/\/radiobeat97.com.ar\/beat\/wp-json\/wp\/v2\/media?parent=4283"}],"wp:term":[{"taxonomy":"category","embeddable":true,"href":"https:\/\/radiobeat97.com.ar\/beat\/wp-json\/wp\/v2\/categories?post=4283"},{"taxonomy":"post_tag","embeddable":true,"href":"https:\/\/radiobeat97.com.ar\/beat\/wp-json\/wp\/v2\/tags?post=4283"}],"curies":[{"name":"wp","href":"https:\/\/api.w.org\/{rel}","templated":true}]}}