{"id":4293,"date":"2021-11-23T23:11:52","date_gmt":"2021-11-23T23:11:52","guid":{"rendered":"http:\/\/www.radiobeat97.com.ar\/beat\/?p=4293"},"modified":"2021-11-23T23:11:52","modified_gmt":"2021-11-23T23:11:52","slug":"tres-destacados-en-la-semana-cultural","status":"publish","type":"post","link":"https:\/\/radiobeat97.com.ar\/beat\/tres-destacados-en-la-semana-cultural\/","title":{"rendered":"Tres destacados en la semana cultural"},"content":{"rendered":"<ul>\n<li><strong>La agenda de actividades de la Agencia C\u00f3rdoba Cultura propone distintos eventos para disfrutar de los artistas locales.<\/strong><\/li>\n<li><strong>Las actividades presenciales se realizan considerando los protocolos necesarios; aquellas en formato virtual pueden seguirse a trav\u00e9s Youtube: CulturaCBA.<\/strong><\/li>\n<\/ul>\n<p>Entre los imperdibles de la semana, \u200bel\u00a0<strong>mi\u00e9rcoles 24 a las 20<\/strong>, contin\u00faa la s\u00e9ptima edici\u00f3n del ciclo virtual de entrevistas\u00a0<strong>\u00abCon acento cordob\u00e9s\u00bb<\/strong>\u00a0que en estos nuevos cap\u00edtulos llega al mundo del cuarteto: el latido de la identidad popular. Con el flamante\u00a0<a href=\"https:\/\/cultura.cba.gov.ar\/museo-del-cuarteto\/\" target=\"_blank\" rel=\"noreferrer noopener\">Museo del Cuarteto<\/a>\u00a0como escenario, Santiago\u201d Colorete\u201d Gianola indaga de lleno en el ambiente y las carreras de los m\u00e1s reconocidos exponentes de este g\u00e9nero musical. El pasado, el presente y el futuro confluyen en estos cinco programas que exploran aspectos culturales, musicales y art\u00edsticos del cuarteto desde la mirada de sus actores protag\u00f3nicos. El pr\u00f3ximo mi\u00e9rcoles el entrevistado ser\u00e1\u00a0<strong>Tyago Griffo<\/strong>. Se puede seguir en\u00a0<a href=\"https:\/\/www.youtube.com\/user\/CulturaCBA\" target=\"_blank\" rel=\"noreferrer noopener\">Youtube CulturaCBA,<\/a>\u00a0<a href=\"https:\/\/www.facebook.com\/cba.cultura\" target=\"_blank\" rel=\"noreferrer noopener\">Facebook.com\/cba.cultura\u00a0<\/a>e\u00a0<a href=\"https:\/\/www.instagram.com\/cultura.cba\/?hl=es\" target=\"_blank\" rel=\"noreferrer noopener\">Instagram @cultura.cba<\/a><\/p>\n<figure class=\"wp-block-image size-full\"><img fetchpriority=\"high\" decoding=\"async\" class=\"wp-image-476852\" src=\"https:\/\/prensa.cba.gov.ar\/wp-content\/uploads\/2021\/11\/tiago-griffo.jpg\" alt=\"\" width=\"993\" height=\"660\" \/><figcaption>Tyago Griffo<\/figcaption><\/figure>\n<p>Adem\u00e1s, entre otro de los destacados la Agencia C\u00f3rdoba Cultura presenta\u00a0<strong>\u00abAhora y siempre\u00bb<\/strong>, ciclo cultural de arte y Memoria en los Espacios para la Memoria de C\u00f3rdoba. La cita es el jueves 25 a las 22. El Espacio para la Memoria, Promoci\u00f3n y Defensa de los DD.HH. Campo de la Ribera, junto al Espacio para la Memoria La Perla, y el Archivo Provincial de la Memoria, en articulaci\u00f3n con el Ministerio de Justicia y Derechos Humanos de la Provincia de C\u00f3rdoba y la Agencia C\u00f3rdoba Cultura, generan este ciclo pensado para la difusi\u00f3n y promoci\u00f3n de la cultura local desde la perspectiva integral que pone en juego las distintas pol\u00edticas de Memoria, Verdad y Justicia. Un ciclo que abarca e interpela a diversos artistas y trabajadores de la cultura de C\u00f3rdoba y el pa\u00eds, y que busca, a partir del arte, repensar y construir un presente m\u00e1s libre y proyectar un futuro de igualdad, tanto a nivel social como cultural. En esta oportunidad, con la narraci\u00f3n de Flor Coll, el grupo de danza contempor\u00e1nea de Ariana Andreoli y los cantantes\u00a0<strong>Juan I\u00f1aki<\/strong>\u00a0y\u00a0<strong>Paola Bernal<\/strong>\u00a0subir\u00e1n a escena para brindar un concierto grabado en vivo en el Espacio de la Memoria La Perla que se podr\u00e1 seguir en Youtube CulturaCBA y por el canal del Ministerio de Justicia y DDHH de C\u00f3rdoba.<\/p>\n<figure class=\"wp-block-image size-full\"><img decoding=\"async\" class=\"wp-image-476853\" src=\"https:\/\/prensa.cba.gov.ar\/wp-content\/uploads\/2021\/11\/Juan-inaki-y-paola-Bernal-ahora-y-siempre.jpg\" alt=\"\" width=\"993\" height=\"660\" \/><figcaption>Juan I\u00f1aki y Paola Bernal<\/figcaption><\/figure>\n<p>El viernes 26 a las 21, llega al\u00a0<a href=\"https:\/\/cultura.cba.gov.ar\/teatro-real\/\" target=\"_blank\" rel=\"noreferrer noopener\">Teatro Real\u00a0<\/a><strong>Los Patricios con amigos<\/strong>, un espect\u00e1culo en el que conmemoran los 46 a\u00f1os de trayectoria internacional durante la cual recorrieron distintos pa\u00edses representando a la m\u00fasica cordobesa. Este espect\u00e1culo est\u00e1 preparado para interpretar el nuevo repertorio con la participaci\u00f3n de grandes amigos de la m\u00fasica que los acompa\u00f1ar\u00e1n con sus canciones. Actualmente la agrupaci\u00f3n est\u00e1 integrada por Ram\u00f3n Beliz\u00e1n, Juan Domingo \u00c1lvarez y Eduardo Beliz\u00e1n.<\/p>\n<figure class=\"wp-block-image size-full\"><img decoding=\"async\" class=\"wp-image-476854\" src=\"https:\/\/prensa.cba.gov.ar\/wp-content\/uploads\/2021\/11\/Los-Patricios-2.jpg\" alt=\"\" width=\"993\" height=\"660\" \/><figcaption>Los Patricios<\/figcaption><\/figure>\n<p>Estas son solo algunas de las actividades que podr\u00e1n disfrutarse, la grilla completa,\u00a0<a href=\"https:\/\/cultura.cba.gov.ar\/agenda-cultural-de-eventos-del-22-al-28\/\" target=\"_blank\" rel=\"noreferrer noopener\">aqu\u00ed<\/a><\/p>\n","protected":false},"excerpt":{"rendered":"<p>La agenda de actividades de la Agencia C\u00f3rdoba Cultura propone distintos eventos para disfrutar de los artistas locales. Las actividades presenciales se realizan considerando los protocolos necesarios; aquellas en formato virtual pueden seguirse a trav\u00e9s Youtube: CulturaCBA. Entre los imperdibles de la semana, \u200bel\u00a0mi\u00e9rcoles 24 a las 20, contin\u00faa la s\u00e9ptima edici\u00f3n del ciclo virtual &hellip;<\/p>\n","protected":false},"author":5,"featured_media":4294,"comment_status":"open","ping_status":"open","sticky":false,"template":"","format":"standard","meta":{"footnotes":""},"categories":[46],"tags":[],"class_list":["post-4293","post","type-post","status-publish","format-standard","has-post-thumbnail","hentry","category-musica"],"_links":{"self":[{"href":"https:\/\/radiobeat97.com.ar\/beat\/wp-json\/wp\/v2\/posts\/4293","targetHints":{"allow":["GET"]}}],"collection":[{"href":"https:\/\/radiobeat97.com.ar\/beat\/wp-json\/wp\/v2\/posts"}],"about":[{"href":"https:\/\/radiobeat97.com.ar\/beat\/wp-json\/wp\/v2\/types\/post"}],"author":[{"embeddable":true,"href":"https:\/\/radiobeat97.com.ar\/beat\/wp-json\/wp\/v2\/users\/5"}],"replies":[{"embeddable":true,"href":"https:\/\/radiobeat97.com.ar\/beat\/wp-json\/wp\/v2\/comments?post=4293"}],"version-history":[{"count":1,"href":"https:\/\/radiobeat97.com.ar\/beat\/wp-json\/wp\/v2\/posts\/4293\/revisions"}],"predecessor-version":[{"id":4295,"href":"https:\/\/radiobeat97.com.ar\/beat\/wp-json\/wp\/v2\/posts\/4293\/revisions\/4295"}],"wp:featuredmedia":[{"embeddable":true,"href":"https:\/\/radiobeat97.com.ar\/beat\/wp-json\/wp\/v2\/media\/4294"}],"wp:attachment":[{"href":"https:\/\/radiobeat97.com.ar\/beat\/wp-json\/wp\/v2\/media?parent=4293"}],"wp:term":[{"taxonomy":"category","embeddable":true,"href":"https:\/\/radiobeat97.com.ar\/beat\/wp-json\/wp\/v2\/categories?post=4293"},{"taxonomy":"post_tag","embeddable":true,"href":"https:\/\/radiobeat97.com.ar\/beat\/wp-json\/wp\/v2\/tags?post=4293"}],"curies":[{"name":"wp","href":"https:\/\/api.w.org\/{rel}","templated":true}]}}