{"id":4307,"date":"2021-12-01T11:51:45","date_gmt":"2021-12-01T11:51:45","guid":{"rendered":"http:\/\/www.radiobeat97.com.ar\/beat\/?p=4307"},"modified":"2021-12-01T11:51:45","modified_gmt":"2021-12-01T11:51:45","slug":"alumnos-cordobeses-en-el-podio-de-la-olimpiada-nacional-de-informatica-facebook-twitter","status":"publish","type":"post","link":"https:\/\/radiobeat97.com.ar\/beat\/alumnos-cordobeses-en-el-podio-de-la-olimpiada-nacional-de-informatica-facebook-twitter\/","title":{"rendered":"Alumnos cordobeses en el podio de la Olimp\u00edada Nacional de Inform\u00e1tica Facebook Twitter"},"content":{"rendered":"<ul>\n<li><strong>Juan Jos\u00e9 L\u00e4derach y Mar\u00eda Victoria Sarach, obtuvieron el 1er y 2do puesto en la Categor\u00eda Programaci\u00f3n Nivel I<\/strong>.<\/li>\n<li><strong>Ambos estudiantes ya se hab\u00edan destacado en las instancias zonal y provincial de esta actividad<\/strong>.<\/li>\n<li><strong>Ahora, accedieron a la posibilidad de participar en el certamen iberoamericano de la especialidad (CIIC 2022)<\/strong>.<\/li>\n<\/ul>\n<p>Dos estudiantes cordobeses se impusieron en su categor\u00eda del\u00a0<strong>Certamen Nacional de Programaci\u00f3n 2021 del<\/strong>\u00a0<strong>Programa Olimp\u00edada Inform\u00e1tica Argentina.<\/strong><\/p>\n<p>Los estudiantes\u00a0<strong>Juan Jos\u00e9 L\u00e4derach, del Instituto Nacional de Monserrat obtuvo la medalla dorada<\/strong>\u00a0(primer puesto) y\u00a0<strong>Mar\u00eda Victoria Sarach, del Colegio Luterano Concordia, mereci\u00f3 la medalla plateada<\/strong>\u00a0(segundo puesto) en la Categor\u00eda Programaci\u00f3n Nivel I.<\/p>\n<p>Ambos cursan el tercer a\u00f1o de sus respectivos colegios y, para alcanzar este reconocimiento, debieron resolver individualmente tres problemas en el lenguaje de programaci\u00f3n \u201c<strong>C\/ C++\u201d,<\/strong>\u00a0cuyos compiladores son\u00a0<strong>Gcc<\/strong>\u00a0y\u00a0<strong>Freepascal (fpc)<\/strong>\u00a0de acuerdo a las normas de las olimp\u00edadas internacionales.<\/p>\n<p>Juan Jos\u00e9 y Mar\u00eda Victoria, junto a sus asesores docentes, ya se hab\u00edan destacado en las instancias zonales y provinciales de esta actividad, organizadas en conjunto por los ministerios de Ciencia y Tecnolog\u00eda y de Educaci\u00f3n de la Provincia, junto a la Universidad Tecnol\u00f3gica Nacional y la empresa Globant.<\/p>\n<p>El\u00a0<strong>Certamen Nacional 2021\u00a0<\/strong>de la Categor\u00eda Programaci\u00f3n tuvo lugar el pasado viernes 26 de noviembre, organizado por el Programa Olimp\u00edada Inform\u00e1tica Argentina con sede en la Universidad Nacional de San Mart\u00edn.<\/p>\n<p>Participaron 72 estudiantes de Buenos Aires, CABA, Chaco, Chubut, C\u00f3rdoba, Corrientes, Jujuy, La Rioja, Mendoza, Santa Cruz y Santa Fe.<\/p>\n<p>Por estricto orden de m\u00e9rito, los dos representantes de la Provincia de C\u00f3rdoba accedieron a la posibilidad de participar en el certamen iberoamericano (CIIC 2022) y en el certamen selectivo para el certamen internacional (IOI 2022).<\/p>\n<div class=\"post-bottom-meta post-bottom-edit\">\n<div class=\"post-bottom-meta-title\"><\/div>\n<\/div>\n","protected":false},"excerpt":{"rendered":"<p>Juan Jos\u00e9 L\u00e4derach y Mar\u00eda Victoria Sarach, obtuvieron el 1er y 2do puesto en la Categor\u00eda Programaci\u00f3n Nivel I. Ambos estudiantes ya se hab\u00edan destacado en las instancias zonal y provincial de esta actividad. Ahora, accedieron a la posibilidad de participar en el certamen iberoamericano de la especialidad (CIIC 2022). Dos estudiantes cordobeses se impusieron &hellip;<\/p>\n","protected":false},"author":5,"featured_media":4308,"comment_status":"open","ping_status":"open","sticky":false,"template":"","format":"standard","meta":{"footnotes":""},"categories":[48],"tags":[],"class_list":["post-4307","post","type-post","status-publish","format-standard","has-post-thumbnail","hentry","category-info-general"],"_links":{"self":[{"href":"https:\/\/radiobeat97.com.ar\/beat\/wp-json\/wp\/v2\/posts\/4307","targetHints":{"allow":["GET"]}}],"collection":[{"href":"https:\/\/radiobeat97.com.ar\/beat\/wp-json\/wp\/v2\/posts"}],"about":[{"href":"https:\/\/radiobeat97.com.ar\/beat\/wp-json\/wp\/v2\/types\/post"}],"author":[{"embeddable":true,"href":"https:\/\/radiobeat97.com.ar\/beat\/wp-json\/wp\/v2\/users\/5"}],"replies":[{"embeddable":true,"href":"https:\/\/radiobeat97.com.ar\/beat\/wp-json\/wp\/v2\/comments?post=4307"}],"version-history":[{"count":1,"href":"https:\/\/radiobeat97.com.ar\/beat\/wp-json\/wp\/v2\/posts\/4307\/revisions"}],"predecessor-version":[{"id":4309,"href":"https:\/\/radiobeat97.com.ar\/beat\/wp-json\/wp\/v2\/posts\/4307\/revisions\/4309"}],"wp:featuredmedia":[{"embeddable":true,"href":"https:\/\/radiobeat97.com.ar\/beat\/wp-json\/wp\/v2\/media\/4308"}],"wp:attachment":[{"href":"https:\/\/radiobeat97.com.ar\/beat\/wp-json\/wp\/v2\/media?parent=4307"}],"wp:term":[{"taxonomy":"category","embeddable":true,"href":"https:\/\/radiobeat97.com.ar\/beat\/wp-json\/wp\/v2\/categories?post=4307"},{"taxonomy":"post_tag","embeddable":true,"href":"https:\/\/radiobeat97.com.ar\/beat\/wp-json\/wp\/v2\/tags?post=4307"}],"curies":[{"name":"wp","href":"https:\/\/api.w.org\/{rel}","templated":true}]}}