{"id":4380,"date":"2021-12-18T03:04:49","date_gmt":"2021-12-18T03:04:49","guid":{"rendered":"http:\/\/www.radiobeat97.com.ar\/beat\/?p=4380"},"modified":"2021-12-18T03:04:49","modified_gmt":"2021-12-18T03:04:49","slug":"teatro-y-actividades-recreativas-en-la-capital-cordobesa","status":"publish","type":"post","link":"https:\/\/radiobeat97.com.ar\/beat\/teatro-y-actividades-recreativas-en-la-capital-cordobesa\/","title":{"rendered":"Teatro y actividades recreativas en la capital cordobesa"},"content":{"rendered":"<ul>\n<li><strong>Con participaci\u00f3n de chicos y grandes, se llev\u00f3 a cabo un encuentro comunitario en el Centro Recreativo de barrio Arg\u00fcello Lourdes.<\/strong><\/li>\n<li><strong>Se trata de una iniciativa conjunta de la Agencia C\u00f3rdoba Joven, el Ministerio de Seguridad y el Ministerio de Vinculaci\u00f3n Comunitaria, Protocolo y Comunicaci\u00f3n.\u00a0<\/strong><\/li>\n<\/ul>\n<p>Se llev\u00f3 a cabo un encuentro comunitario orientado a promover la no violencia, la diversidad y la inclusi\u00f3n en el Centro Recreativo, Deportivo y Social de barrio Arg\u00fcello Lourdes, en la capital cordobesa.<\/p>\n<p>Se trata de un trabajo articulado entre la\u00a0<strong>Agencia C\u00f3rdoba Joven, el Ministerio de Seguridad y el Ministerio de Vinculaci\u00f3n Comunitaria, Protocolo y Comunicaci\u00f3n<\/strong>\u00a0que consiste en la realizaci\u00f3n de diversas actividades recreativas, deportivas y did\u00e1cticas junto a vecinos y vecinas de distintos puntos de la ciudad.<\/p>\n<p>En cada oportunidad, adem\u00e1s, se presenta una obra de teatro que invita a dialogar\u00a0sobre su mensaje. Ayer, la pieza: \u201cTe llevo en el alma\u201d, permiti\u00f3 reflexionar sobre la importancia de lograr mayor inclusi\u00f3n, respeto y empat\u00eda, erradicando la violencia desde las pr\u00e1cticas m\u00e1s habituales, como las de jugar al f\u00fatbol.<\/p>\n<p>Participaron familias del barrio y zonas aleda\u00f1as. Cont\u00f3 con la presencia del presidente de la Agencia, Mat\u00edas Anconentani; el subsecretario de Coordinaci\u00f3n y Planificaci\u00f3n Estrat\u00e9gica del Ministerio de Seguridad, Lucas Mezzano; el Director de Control y Gesti\u00f3n de Proximidad del mismo ministerio, Cristian Caridi; y la concejala Erika Mercado.<\/p>\n<figure class=\"wp-block-gallery columns-2 is-cropped\">\n<ul class=\"blocks-gallery-grid\">\n<li class=\"blocks-gallery-item\">\n<figure><img fetchpriority=\"high\" decoding=\"async\" class=\"wp-image-480554\" src=\"https:\/\/prensa.cba.gov.ar\/wp-content\/uploads\/2021\/12\/00-Arguello.jpg\" alt=\"\" width=\"993\" height=\"660\" data-id=\"480554\" data-link=\"https:\/\/prensa.cba.gov.ar\/?attachment_id=480554\" \/><\/figure>\n<\/li>\n<li class=\"blocks-gallery-item\">\n<figure><img decoding=\"async\" class=\"wp-image-480555\" src=\"https:\/\/prensa.cba.gov.ar\/wp-content\/uploads\/2021\/12\/04-Arguello.jpg\" alt=\"\" width=\"993\" height=\"660\" data-id=\"480555\" data-link=\"https:\/\/prensa.cba.gov.ar\/?attachment_id=480555\" \/><\/figure>\n<\/li>\n<\/ul>\n<\/figure>\n<h4><strong>C\u00f3mo sigue<\/strong><\/h4>\n<p>La pr\u00f3xima actividad tendr\u00e1 lugar el martes 21 de diciembre, a las 18 hs., en el Centro Recreativo, Deportivo y Social de barrio Liceo II (calle M\u00e1rmol y Colectora).<\/p>\n<p>All\u00ed se compartir\u00e1 una jornada de juegos y recreaci\u00f3n, y se presentar\u00e1 la obra de teatro \u201cChau se\u00f1or miedo\u201d.<\/p>\n<figure class=\"wp-block-gallery columns-2 is-cropped\">\n<ul class=\"blocks-gallery-grid\">\n<li class=\"blocks-gallery-item\">\n<figure><img decoding=\"async\" class=\"wp-image-480557\" src=\"https:\/\/prensa.cba.gov.ar\/wp-content\/uploads\/2021\/12\/02-Arguello.jpg\" alt=\"\" width=\"993\" height=\"660\" data-id=\"480557\" data-link=\"https:\/\/prensa.cba.gov.ar\/?attachment_id=480557\" \/><\/figure>\n<\/li>\n<li class=\"blocks-gallery-item\">\n<figure><img loading=\"lazy\" decoding=\"async\" class=\"wp-image-480558\" src=\"https:\/\/prensa.cba.gov.ar\/wp-content\/uploads\/2021\/12\/03-Arguello.jpg\" alt=\"\" width=\"993\" height=\"660\" data-id=\"480558\" data-link=\"https:\/\/prensa.cba.gov.ar\/?attachment_id=480558\" \/><\/figure>\n<\/li>\n<\/ul>\n<\/figure>\n","protected":false},"excerpt":{"rendered":"<p>Con participaci\u00f3n de chicos y grandes, se llev\u00f3 a cabo un encuentro comunitario en el Centro Recreativo de barrio Arg\u00fcello Lourdes. Se trata de una iniciativa conjunta de la Agencia C\u00f3rdoba Joven, el Ministerio de Seguridad y el Ministerio de Vinculaci\u00f3n Comunitaria, Protocolo y Comunicaci\u00f3n.\u00a0 Se llev\u00f3 a cabo un encuentro comunitario orientado a promover &hellip;<\/p>\n","protected":false},"author":5,"featured_media":4381,"comment_status":"open","ping_status":"open","sticky":false,"template":"","format":"standard","meta":{"footnotes":""},"categories":[48],"tags":[],"class_list":["post-4380","post","type-post","status-publish","format-standard","has-post-thumbnail","hentry","category-info-general"],"_links":{"self":[{"href":"https:\/\/radiobeat97.com.ar\/beat\/wp-json\/wp\/v2\/posts\/4380","targetHints":{"allow":["GET"]}}],"collection":[{"href":"https:\/\/radiobeat97.com.ar\/beat\/wp-json\/wp\/v2\/posts"}],"about":[{"href":"https:\/\/radiobeat97.com.ar\/beat\/wp-json\/wp\/v2\/types\/post"}],"author":[{"embeddable":true,"href":"https:\/\/radiobeat97.com.ar\/beat\/wp-json\/wp\/v2\/users\/5"}],"replies":[{"embeddable":true,"href":"https:\/\/radiobeat97.com.ar\/beat\/wp-json\/wp\/v2\/comments?post=4380"}],"version-history":[{"count":1,"href":"https:\/\/radiobeat97.com.ar\/beat\/wp-json\/wp\/v2\/posts\/4380\/revisions"}],"predecessor-version":[{"id":4382,"href":"https:\/\/radiobeat97.com.ar\/beat\/wp-json\/wp\/v2\/posts\/4380\/revisions\/4382"}],"wp:featuredmedia":[{"embeddable":true,"href":"https:\/\/radiobeat97.com.ar\/beat\/wp-json\/wp\/v2\/media\/4381"}],"wp:attachment":[{"href":"https:\/\/radiobeat97.com.ar\/beat\/wp-json\/wp\/v2\/media?parent=4380"}],"wp:term":[{"taxonomy":"category","embeddable":true,"href":"https:\/\/radiobeat97.com.ar\/beat\/wp-json\/wp\/v2\/categories?post=4380"},{"taxonomy":"post_tag","embeddable":true,"href":"https:\/\/radiobeat97.com.ar\/beat\/wp-json\/wp\/v2\/tags?post=4380"}],"curies":[{"name":"wp","href":"https:\/\/api.w.org\/{rel}","templated":true}]}}