{"id":4396,"date":"2021-12-27T11:36:04","date_gmt":"2021-12-27T11:36:04","guid":{"rendered":"http:\/\/www.radiobeat97.com.ar\/beat\/?p=4396"},"modified":"2021-12-27T11:36:04","modified_gmt":"2021-12-27T11:36:04","slug":"homenaje-musical-al-diego","status":"publish","type":"post","link":"https:\/\/radiobeat97.com.ar\/beat\/homenaje-musical-al-diego\/","title":{"rendered":"Homenaje musical al Diego"},"content":{"rendered":"<article class=\"col-lg-12 notinoti v2c\">Relatores presenta \u201cEl fog\u00f3n del 10\u201d, el cierre de las 24 horas dedicadas a recordar el primer a\u00f1o de la partida de <b>Diego Armando Maradona<\/b>.<\/p>\n<p>Se trata de un video a de resumen de una jornada en donde varias personas se reunieron para recordar con m\u00fasica a Maradona.<\/p>\n<p>Siempre recordamos que para Maradona la m\u00fasica cumpli\u00f3 un rol importante en su vida, incluso grab\u00f3 el tema \u00abQuerida amiga\u00bb a d\u00fao con\u00a0Pimpinela.<\/p>\n<p>En \u00abEl fog\u00f3n del 10\u00bb participaron\u00a0\u00a0Ciro, V\u00edctor Hugo,\u00a0Juanse, Mex Urtizberea, Claudio Caniggia,\u00a0Juan Ingaramo, Cucuza Castiello, Juli\u00e1n Kart\u00fan, Alejandro Apo, Claudia Villap\u00fan, Viviana Vila, Rep, Pedro Rosemblat, Catriel Ciavarella y todo el equipo de Relatorxs.<\/p>\n<\/article>\n<div class=\"video\">\n<div class=\"artista1 artista\">\n<div>fuente: cmtv.com.ar<\/div>\n<\/div>\n<\/div>\n","protected":false},"excerpt":{"rendered":"<p>Relatores presenta \u201cEl fog\u00f3n del 10\u201d, el cierre de las 24 horas dedicadas a recordar el primer a\u00f1o de la partida de Diego Armando Maradona. Se trata de un video a de resumen de una jornada en donde varias personas se reunieron para recordar con m\u00fasica a Maradona. Siempre recordamos que para Maradona la m\u00fasica &hellip;<\/p>\n","protected":false},"author":5,"featured_media":4397,"comment_status":"open","ping_status":"open","sticky":false,"template":"","format":"standard","meta":{"footnotes":""},"categories":[46],"tags":[],"class_list":["post-4396","post","type-post","status-publish","format-standard","has-post-thumbnail","hentry","category-musica"],"_links":{"self":[{"href":"https:\/\/radiobeat97.com.ar\/beat\/wp-json\/wp\/v2\/posts\/4396","targetHints":{"allow":["GET"]}}],"collection":[{"href":"https:\/\/radiobeat97.com.ar\/beat\/wp-json\/wp\/v2\/posts"}],"about":[{"href":"https:\/\/radiobeat97.com.ar\/beat\/wp-json\/wp\/v2\/types\/post"}],"author":[{"embeddable":true,"href":"https:\/\/radiobeat97.com.ar\/beat\/wp-json\/wp\/v2\/users\/5"}],"replies":[{"embeddable":true,"href":"https:\/\/radiobeat97.com.ar\/beat\/wp-json\/wp\/v2\/comments?post=4396"}],"version-history":[{"count":1,"href":"https:\/\/radiobeat97.com.ar\/beat\/wp-json\/wp\/v2\/posts\/4396\/revisions"}],"predecessor-version":[{"id":4398,"href":"https:\/\/radiobeat97.com.ar\/beat\/wp-json\/wp\/v2\/posts\/4396\/revisions\/4398"}],"wp:featuredmedia":[{"embeddable":true,"href":"https:\/\/radiobeat97.com.ar\/beat\/wp-json\/wp\/v2\/media\/4397"}],"wp:attachment":[{"href":"https:\/\/radiobeat97.com.ar\/beat\/wp-json\/wp\/v2\/media?parent=4396"}],"wp:term":[{"taxonomy":"category","embeddable":true,"href":"https:\/\/radiobeat97.com.ar\/beat\/wp-json\/wp\/v2\/categories?post=4396"},{"taxonomy":"post_tag","embeddable":true,"href":"https:\/\/radiobeat97.com.ar\/beat\/wp-json\/wp\/v2\/tags?post=4396"}],"curies":[{"name":"wp","href":"https:\/\/api.w.org\/{rel}","templated":true}]}}