{"id":4420,"date":"2022-01-04T12:06:01","date_gmt":"2022-01-04T12:06:01","guid":{"rendered":"http:\/\/www.radiobeat97.com.ar\/beat\/?p=4420"},"modified":"2022-01-04T12:06:01","modified_gmt":"2022-01-04T12:06:01","slug":"paulo-londra-2022-es-mio","status":"publish","type":"post","link":"https:\/\/radiobeat97.com.ar\/beat\/paulo-londra-2022-es-mio\/","title":{"rendered":"Paulo Londra: \u201c2022 es m\u00edo\u201d"},"content":{"rendered":"<p class=\"paragraph\">A mediados de noviembre trascendi\u00f3 que\u00a0<b>Paulo Londra<\/b>\u00a0resolvi\u00f3 de manera \u201camistosa\u201d la puja legal y multimillonaria con el sello discogr\u00e1fico\u00a0<i><b>Big Ligas<\/b><\/i>. Ocurri\u00f3 en una corte de Miami<b>\u00a0<\/b>tres d\u00edas despu\u00e9s del comienzo del juicio y\u00a0fue el primer paso para que comience a materializarse la vuelta del cordob\u00e9s a la m\u00fasica.<\/p>\n<p class=\"paragraph\">Desde ese momento hasta hoy, la expectativa y la ansiedad de sus fan\u00e1ticos viene creciendo y el propio\u00a0<b>Londra dio otro paso adelante en esa direcci\u00f3n durante los primeros minutos del a\u00f1o<\/b>. \u201c<b>\u00a1Feliz a\u00f1o nuevo, mi locos! Muchas gracias a los que me apoyan: 2022 es m\u00edo<\/b>\u201d, dijo el rapero en un video que public\u00f3 en sus\u00a0<i>Instagram Stories,\u00a0<\/i>especialmente dedicado a sus seguidores.<\/p>\n<p class=\"paragraph\">Desde hace unas semanas Paulo est\u00e1 de viaje por Estados Unidos y el a\u00f1o nuevo lo celebr\u00f3 en Los Angeles en compa\u00f1\u00eda de algunos amigos cordobeses, entre los que est\u00e1\u00a0<b>Leandro Bolmaro<\/b>, basquetbolista de los Minnesota Timberwolves.<\/p>\n<p class=\"paragraph\">En la tarde del s\u00e1bado 1ro de enero, Paulo subi\u00f3 otras\u00a0<i>IG Stories<\/i>\u00a0a su cuenta. En una de ellas, el rapero comparti\u00f3 el posteo de una cuenta de fans: all\u00ed se puede apreciar una foto suya en la que recibe un disco de doble platino por\u00a0<i><b>Homerun<\/b><\/i><i>\u00a0&#8211;<\/i>su hasta ahora \u00fanico \u00e1lbum- en compa\u00f1\u00eda de sus padres,\u00a0<i><b>Quique\u00a0<\/b><\/i>y\u00a0<b>Lourdes Far\u00edas<\/b>. A la foto, le agreg\u00f3 una contundente leyenda: \u201c<b>A los que m\u00e1s quiero impresionar<\/b>\u201d, expres\u00f3 Londra se\u00f1alando tanto a sus progenitores como a sus fan\u00e1ticos.<\/p>\n<div class=\"visual__image \">Paulo Londra recibi\u00f3 el 2022 en Estados Unidos y acompa\u00f1ado por un grupo de amigos (Foto: Instagram)<\/div>\n<p class=\"paragraph\">Adem\u00e1s de disfrutar de un juego de la NBA en Minnesota, en el pa\u00eds del norte Paulo tambi\u00e9n pas\u00f3 por el estado de Wisconsin, lugar en el que se divirti\u00f3 con una moto de nieve y desde donde public\u00f3 su \u00faltimo posteo de Instagram de 2021. \u201c<b>Ya pas\u00e9 las malas, me tocan las buenas. Por eso empec\u00e9 a disfrutar<\/b>\u201d, dijo el autor de \u201cAdan y Eva\u201d, refiri\u00e9ndose a la traum\u00e1tica puja legal que lo alej\u00f3 de la m\u00fasica y que ya lleva m\u00e1s de dos a\u00f1os:\u00a0<b>la \u00faltima canci\u00f3n que public\u00f3 hasta el momento es \u201cParty\u201d, lanzada el 26 de septiembre de 2019<\/b>.<\/p>\n<p class=\"paragraph\">En los \u00faltimos d\u00edas del 2021 tambi\u00e9n hubo otra pista sobre la vuelta de Paulo a la m\u00fasica, aunque algo m\u00e1s encriptada y \u201csolo para entendidos\u201d.\u00a0<b>Bizarrap\u00a0<\/b>estren\u00f3 su \u201cBZRP Music Sessions #48\u2033 con\u00a0<b>Tiago PZK<\/b>,\u00a0<i>track\u00a0<\/i>que incluye la frase \u201c<b>Lo nuestro e\u2019 un secreto, Biza Session 23<\/b>\u2033. La referencia apunta a la\u00a0<i>session\u00a0<\/i>\u201csalteada\u201d del productor -uno de los artistas argentinos m\u00e1s escuchados en todo el mundo-, ya que en su conteo pasa de la n\u00famero 22 a la 24. Y aunque nunca fue confirmado por\u00a0<i><b>Biza<\/b><\/i>, en el mundillo de las redes sociales se viene especulando largamente con que \u201cla 23\u2033 es una que ya tiene grabada con Londra y que reci\u00e9n ver\u00e1 la luz una vez que los problemas legales del cordob\u00e9s se solucionen definitivamente.<\/p>\n<p class=\"paragraph\">En lo personal, las cosas no vienen del todo redondas para Londra:\u00a0en septiembre de 2021 se separ\u00f3 de\u00a0<b>Roc\u00edo Moreno<\/b>, quien es la madre de su hija\u00a0<b>Naomi<\/b>\u00a0y quien adem\u00e1s espera por otra hija del rapero, a nacer en el primer trimestre del 2022. En C\u00f3rdoba Capital y a m\u00e1s de 9 mil kil\u00f3metros de Los Angeles,\u00a0<b>Moreno recibi\u00f3 el nuevo a\u00f1o muy pegada a su primog\u00e9nita y luciendo orgullosa su creciente panza de embarazada<\/b>, algo que comparti\u00f3 en su perfil de Instagram.<\/p>\n<p>&nbsp;<\/p>\n<p>fuente: infobae.com<\/p>\n","protected":false},"excerpt":{"rendered":"<p>A mediados de noviembre trascendi\u00f3 que\u00a0Paulo Londra\u00a0resolvi\u00f3 de manera \u201camistosa\u201d la puja legal y multimillonaria con el sello discogr\u00e1fico\u00a0Big Ligas. Ocurri\u00f3 en una corte de Miami\u00a0tres d\u00edas despu\u00e9s del comienzo del juicio y\u00a0fue el primer paso para que comience a materializarse la vuelta del cordob\u00e9s a la m\u00fasica. Desde ese momento hasta hoy, la expectativa &hellip;<\/p>\n","protected":false},"author":5,"featured_media":4421,"comment_status":"open","ping_status":"open","sticky":false,"template":"","format":"standard","meta":{"footnotes":""},"categories":[46],"tags":[],"class_list":["post-4420","post","type-post","status-publish","format-standard","has-post-thumbnail","hentry","category-musica"],"_links":{"self":[{"href":"https:\/\/radiobeat97.com.ar\/beat\/wp-json\/wp\/v2\/posts\/4420","targetHints":{"allow":["GET"]}}],"collection":[{"href":"https:\/\/radiobeat97.com.ar\/beat\/wp-json\/wp\/v2\/posts"}],"about":[{"href":"https:\/\/radiobeat97.com.ar\/beat\/wp-json\/wp\/v2\/types\/post"}],"author":[{"embeddable":true,"href":"https:\/\/radiobeat97.com.ar\/beat\/wp-json\/wp\/v2\/users\/5"}],"replies":[{"embeddable":true,"href":"https:\/\/radiobeat97.com.ar\/beat\/wp-json\/wp\/v2\/comments?post=4420"}],"version-history":[{"count":1,"href":"https:\/\/radiobeat97.com.ar\/beat\/wp-json\/wp\/v2\/posts\/4420\/revisions"}],"predecessor-version":[{"id":4422,"href":"https:\/\/radiobeat97.com.ar\/beat\/wp-json\/wp\/v2\/posts\/4420\/revisions\/4422"}],"wp:featuredmedia":[{"embeddable":true,"href":"https:\/\/radiobeat97.com.ar\/beat\/wp-json\/wp\/v2\/media\/4421"}],"wp:attachment":[{"href":"https:\/\/radiobeat97.com.ar\/beat\/wp-json\/wp\/v2\/media?parent=4420"}],"wp:term":[{"taxonomy":"category","embeddable":true,"href":"https:\/\/radiobeat97.com.ar\/beat\/wp-json\/wp\/v2\/categories?post=4420"},{"taxonomy":"post_tag","embeddable":true,"href":"https:\/\/radiobeat97.com.ar\/beat\/wp-json\/wp\/v2\/tags?post=4420"}],"curies":[{"name":"wp","href":"https:\/\/api.w.org\/{rel}","templated":true}]}}