{"id":4439,"date":"2022-01-07T02:23:23","date_gmt":"2022-01-07T02:23:23","guid":{"rendered":"http:\/\/www.radiobeat97.com.ar\/beat\/?p=4439"},"modified":"2022-01-07T02:23:23","modified_gmt":"2022-01-07T02:23:23","slug":"drones-robotica-y-telescopios-en-la-kermes-de-ciencia-y-tecnologia","status":"publish","type":"post","link":"https:\/\/radiobeat97.com.ar\/beat\/drones-robotica-y-telescopios-en-la-kermes-de-ciencia-y-tecnologia\/","title":{"rendered":"Drones, rob\u00f3tica y telescopios en la kerm\u00e9s de ciencia y tecnolog\u00eda"},"content":{"rendered":"<ul>\n<li><strong>Esta muestra y exposici\u00f3n de divulgaci\u00f3n tendr\u00e1 m\u00faltiples presentaciones en enero y febrero<\/strong>.<\/li>\n<li><strong>Habr\u00e1 laboratorios itinerantes, rob\u00f3tica, drones, programaci\u00f3n, telescopios y experiencias de realidad aumentada<\/strong>.<\/li>\n<li><strong>La agenda prev\u00e9 actividades en la ciudad de C\u00f3rdoba y diversas localidades del interior<\/strong><\/li>\n<\/ul>\n<p>Con el prop\u00f3sito de acercar propuestas en ciencia, tecnolog\u00eda e innovaci\u00f3n, el Ministerio de Ciencia y Tecnolog\u00eda tendr\u00e1 durante los meses estivales, diversas propuestas de divulgaci\u00f3n enmarcadas en su\u00a0<strong><a href=\"https:\/\/mincyt.cba.gov.ar\/kermes-de-verano\/\">Kerm\u00e9s de Ciencia y Tecnolog\u00eda.<\/a><\/strong><\/p>\n<p>Estas actividades l\u00fadicas y recreativas, vinculadas a la experimentaci\u00f3n, la observaci\u00f3n y el conocimiento formar\u00e1n parte de las diversas propuestas organizadas por el Gobierno de C\u00f3rdoba en la temporada de verano, en la ciudad de C\u00f3rdoba y diversas localidades del interior provincial.<\/p>\n<p>De esta manera, cient\u00edficos y divulgadores realizar\u00e1n distintas propuestas destinadas a toda la familia, con el prop\u00f3sito de que los m\u00e1s chicos puedan conocer, divertirse, crear y aprender a partir de un contacto directo con vivencias cient\u00edficas y tecnol\u00f3gicas.<\/p>\n<p>La agenda de presencias de la Kerm\u00e9s de Ciencia y Tecnolog\u00eda, estar\u00e1 disponible en el sitio web\u00a0<a href=\"https:\/\/mincyt.cba.gov.ar\/kermes-de-verano\"><strong>https:\/\/mincyt.cba.gov.ar\/kermes-de-verano<\/strong><\/a>\u00a0y en las redes sociales del Ministerio de Ciencia y Tecnolog\u00eda, de acuerdo a las posibilidades de realizaci\u00f3n que se presenten dada la situaci\u00f3n epidemiol\u00f3gica y las condiciones clim\u00e1ticas de cada lugar en las fechas previstas<\/p>\n<h4><strong>Las actividades:<\/strong><\/h4>\n<ul>\n<li><strong>Laboratorio itinerante<\/strong>: Un espacio interactivo para realizar experimentos de f\u00edsica, qu\u00edmica, biolog\u00eda, geolog\u00eda y se plantean y resuelven divertidos problemas de matem\u00e1tica.<\/li>\n<li><strong>ExpoTech:<\/strong>\u00a0Es una exposici\u00f3n y taller donde se muestran objetos y aplicaciones vinculados con la programaci\u00f3n, la automatizaci\u00f3n y la rob\u00f3tica. La actividad est\u00e1 orientada a generar inter\u00e9s y desarrollar competencias para iniciarse en la programaci\u00f3n de eventos sencillos y conocer objetos vinculados a la rob\u00f3tica, la dom\u00f3tica y las ciencias de la computaci\u00f3n.<\/li>\n<li><strong>Ciencia y Tecnolog\u00eda bajo las estrellas:<\/strong>\u00a0Es una actividad coordinada por un astr\u00f3nomo donde, si las condiciones meteorol\u00f3gicas lo permiten, los participantes podr\u00e1n hacer observaciones a trav\u00e9s de un telescopio reflector con las caracter\u00edsticas \u00f3pticas necesarias para observar n\u00edtidamente objetos celestes.<\/li>\n<li><strong>Realidad Aumentada:\u00a0<\/strong>Todas estas actividades ser\u00e1n acompa\u00f1adas por \u201cMOVI\u201d, un personaje virtual que invita a realizar una experiencia de tecnolog\u00eda inmersiva.<\/li>\n<\/ul>\n<hr class=\"wp-block-separator\" \/>\n<h3 class=\"has-text-align-center\"><strong><a href=\"https:\/\/mincyt.cba.gov.ar\/kermes-de-verano\/\">MIR\u00c1 TODA LA CARTELERA AQU\u00cd<\/a><\/strong><\/h3>\n<figure class=\"wp-block-image size-full\"><a href=\"https:\/\/mincyt.cba.gov.ar\/kermes-de-verano\/\"><img fetchpriority=\"high\" decoding=\"async\" class=\"wp-image-482708\" src=\"https:\/\/prensa.cba.gov.ar\/wp-content\/uploads\/2022\/01\/baner-landing-KERMES-VERANO.gif\" alt=\"\" width=\"1707\" height=\"683\" \/><\/a><\/figure>\n","protected":false},"excerpt":{"rendered":"<p>Esta muestra y exposici\u00f3n de divulgaci\u00f3n tendr\u00e1 m\u00faltiples presentaciones en enero y febrero. Habr\u00e1 laboratorios itinerantes, rob\u00f3tica, drones, programaci\u00f3n, telescopios y experiencias de realidad aumentada. La agenda prev\u00e9 actividades en la ciudad de C\u00f3rdoba y diversas localidades del interior Con el prop\u00f3sito de acercar propuestas en ciencia, tecnolog\u00eda e innovaci\u00f3n, el Ministerio de Ciencia y &hellip;<\/p>\n","protected":false},"author":5,"featured_media":4430,"comment_status":"open","ping_status":"open","sticky":false,"template":"","format":"standard","meta":{"footnotes":""},"categories":[45],"tags":[],"class_list":["post-4439","post","type-post","status-publish","format-standard","has-post-thumbnail","hentry","category-tecnologia"],"_links":{"self":[{"href":"https:\/\/radiobeat97.com.ar\/beat\/wp-json\/wp\/v2\/posts\/4439","targetHints":{"allow":["GET"]}}],"collection":[{"href":"https:\/\/radiobeat97.com.ar\/beat\/wp-json\/wp\/v2\/posts"}],"about":[{"href":"https:\/\/radiobeat97.com.ar\/beat\/wp-json\/wp\/v2\/types\/post"}],"author":[{"embeddable":true,"href":"https:\/\/radiobeat97.com.ar\/beat\/wp-json\/wp\/v2\/users\/5"}],"replies":[{"embeddable":true,"href":"https:\/\/radiobeat97.com.ar\/beat\/wp-json\/wp\/v2\/comments?post=4439"}],"version-history":[{"count":1,"href":"https:\/\/radiobeat97.com.ar\/beat\/wp-json\/wp\/v2\/posts\/4439\/revisions"}],"predecessor-version":[{"id":4440,"href":"https:\/\/radiobeat97.com.ar\/beat\/wp-json\/wp\/v2\/posts\/4439\/revisions\/4440"}],"wp:featuredmedia":[{"embeddable":true,"href":"https:\/\/radiobeat97.com.ar\/beat\/wp-json\/wp\/v2\/media\/4430"}],"wp:attachment":[{"href":"https:\/\/radiobeat97.com.ar\/beat\/wp-json\/wp\/v2\/media?parent=4439"}],"wp:term":[{"taxonomy":"category","embeddable":true,"href":"https:\/\/radiobeat97.com.ar\/beat\/wp-json\/wp\/v2\/categories?post=4439"},{"taxonomy":"post_tag","embeddable":true,"href":"https:\/\/radiobeat97.com.ar\/beat\/wp-json\/wp\/v2\/tags?post=4439"}],"curies":[{"name":"wp","href":"https:\/\/api.w.org\/{rel}","templated":true}]}}