{"id":4450,"date":"2022-01-10T18:53:20","date_gmt":"2022-01-10T18:53:20","guid":{"rendered":"http:\/\/www.radiobeat97.com.ar\/beat\/?p=4450"},"modified":"2022-01-10T18:53:20","modified_gmt":"2022-01-10T18:53:20","slug":"la-comedia-cordobesa-en-escena","status":"publish","type":"post","link":"https:\/\/radiobeat97.com.ar\/beat\/la-comedia-cordobesa-en-escena\/","title":{"rendered":"La Comedia Cordobesa en escena"},"content":{"rendered":"<ul>\n<li><strong>Todos los d\u00edas, a las 21 horas, y por los canales digitales de la Agencia C\u00f3rdoba Cultura se renueva la cartelera cultural con un abanico de propuestas para disfrutar desde casa.<\/strong><\/li>\n<li><strong>Tambi\u00e9n, la Comedia Cordobesa abre su temporada de verano en el Teatro Real y Nardo Escanilla sigue en cartelera en el<a href=\"https:\/\/cultura.cba.gov.ar\/centro-cultural-cordoba\/\" target=\"_blank\" rel=\"noreferrer noopener\">\u00a0<\/a>Centro Cultural C\u00f3rdoba.<\/strong><\/li>\n<\/ul>\n<p>La agenda de actividades de la Agencia C\u00f3rdoba Cultura\u00a0propone distintos eventos para disfrutar de los artistas locales. Las actividades presenciales se realizan considerando los protocolos necesarios; aquellas en formato virtual pueden seguirse a trav\u00e9s\u00a0<a href=\"https:\/\/prensa.cba.gov.ar\/informacion-general\/la-comedia-cordobesa-en-escena-musica-para-disfrutar-desde-casa-y-nardo-escanilla-en-el-ccc-los-imperdibles\/CulturaCBA\" target=\"_blank\" rel=\"noreferrer noopener\">Youtube: CulturaCBA<\/a>.<\/p>\n<p>Por primera vez en su historia, la\u00a0<a href=\"https:\/\/cultura.cba.gov.ar\/comedia-cordobesa-2\/\" target=\"_blank\" rel=\"noreferrer noopener\"><strong>Comedia Cordobesa<\/strong>\u00a0<\/a>inaugura por primera vez a temporada de verano del\u00a0<strong><a href=\"https:\/\/cultura.cba.gov.ar\/teatro-real\/\" target=\"_blank\" rel=\"noreferrer noopener\">Teatro Real<\/a>,<\/strong>\u00a0de la mano de la pieza\u00a0<strong>\u00abEran cinco hermanos y ella no tan santa\u00bb<\/strong>, cl\u00e1sico del autor cordob\u00e9s Miguel Iriarte. En cartel desde este viernes 14 de enero, a las 21.30, en el Teatro Real (San Jer\u00f3nimo 66, C\u00f3rdoba Capital). Repite de viernes a domingos.<\/p>\n<p>Entradas desde 500 pesos disponibles a trav\u00e9s del sistema autoentrada.com o en boleter\u00eda del teatro. La invitaci\u00f3n de la obra es unir a dos generaciones: los que vieron aquella\u00a0<em>Ramona\u00a0<\/em>de d\u00e9cadas pasadas y la redescubran en un recital cuartetero, y quienes por primera vez asistan a conocer esta historia, atravesada por este ritmo que resuena y se amplifica en las calles.<\/p>\n<figure class=\"wp-block-image size-full\"><img fetchpriority=\"high\" decoding=\"async\" class=\"wp-image-482340\" src=\"https:\/\/prensa.cba.gov.ar\/wp-content\/uploads\/2022\/01\/ERAN-5-HERMANOS-Y-ELLA-NO-ERA-MUY-SANTA-2.jpg\" alt=\"\" width=\"993\" height=\"600\" \/><figcaption><strong>\u00abEran cinco hermanos y ella no tan santa\u00bb<\/strong>\u00a0la obra con la que la Comedia Cordobesa inaugura su temporada teatral de verano<\/figcaption><\/figure>\n<p>Entre otro de los imperdibles, se cuenta a este nuevo episodio de\u00a0<strong>\u00abCultura en el patio\u00bb\u00a0<\/strong>con la presentaci\u00f3n de Alma N\u00f3made. La cita es el viernes 14 a las 21 hs, por los canales digitales de la Agencia C\u00f3rdoba Cultura<\/p>\n<figure class=\"wp-block-image size-full\"><img decoding=\"async\" class=\"wp-image-482792\" src=\"https:\/\/prensa.cba.gov.ar\/wp-content\/uploads\/2022\/01\/alma-nomade_cultura-en-el-patio.jpg\" alt=\"\" width=\"993\" height=\"660\" \/><figcaption>Alma n\u00f3made en otro episodio de<strong>\u00a0\u00abCultura en el Patio\u00bb<\/strong><\/figcaption><\/figure>\n<p>Adem\u00e1s,<strong>\u00a0Nardo Escanilla\u00a0<\/strong>contin\u00faa en cartel en el \u00a0<strong><a href=\"https:\/\/cultura.cba.gov.ar\/centro-cultural-cordoba\/\" target=\"_blank\" rel=\"noreferrer noopener\">Centro Cultural C\u00f3rdoba<\/a>\u00a0<\/strong>de la mano de su nuevo show\u00a0<strong>\u00abExperiencia Buenardo\u00bb<\/strong>. El humorista cordob\u00e9s presenta esta nueva alternativa del humor para disfrutar apostando a una temporada de verano bien cordobesa.<\/p>\n<p>Despu\u00e9s de un a\u00f1o de alta participaci\u00f3n radial, televisiva y en redes, mantiene su excelente nivel de improvisaci\u00f3n fusionado con el formato de stand up. Cada funci\u00f3n ser\u00e1 un viaje a lo cotidiano, lo absurdo, lo pasado o futuro, lo extra\u00f1o o conocido, en donde cada persona podr\u00e1 identificarse y disfrutar de ello, viviendo una gran experiencia junto a invitados especiales. Permitirse re\u00edrse de s\u00ed mismo o ver experiencias propias o ajenas de manera graciosa, ser\u00e1 el pilar en cada funci\u00f3n. Entrada 1500 pesos a trav\u00e9s del sitio<a href=\"https:\/\/ventas.autoentrada.com\/\" target=\"_blank\" rel=\"noreferrer noopener\">\u00a0autoentrada.com.<\/a><\/p>\n<figure class=\"wp-block-image size-full\"><img decoding=\"async\" class=\"wp-image-482221\" src=\"https:\/\/prensa.cba.gov.ar\/wp-content\/uploads\/2021\/12\/nardo-escanilla_buenardo-1.jpg\" alt=\"\" width=\"993\" height=\"660\" \/><figcaption>El humorista hace temporada veraniega en el Centro Cultural C\u00f3rdoba<\/figcaption><\/figure>\n<h2>La cartelera completa y m\u00e1s informaci\u00f3n,\u00a0<a href=\"https:\/\/cultura.cba.gov.ar\/agenda-cultural-de-eventos-del-10-al-16-de-enero\/\" target=\"_blank\" rel=\"noreferrer noopener\">AQU\u00cd<\/a><\/h2>\n","protected":false},"excerpt":{"rendered":"<p>Todos los d\u00edas, a las 21 horas, y por los canales digitales de la Agencia C\u00f3rdoba Cultura se renueva la cartelera cultural con un abanico de propuestas para disfrutar desde casa. Tambi\u00e9n, la Comedia Cordobesa abre su temporada de verano en el Teatro Real y Nardo Escanilla sigue en cartelera en el\u00a0Centro Cultural C\u00f3rdoba. La &hellip;<\/p>\n","protected":false},"author":5,"featured_media":4452,"comment_status":"open","ping_status":"open","sticky":false,"template":"","format":"standard","meta":{"footnotes":""},"categories":[46],"tags":[],"class_list":["post-4450","post","type-post","status-publish","format-standard","has-post-thumbnail","hentry","category-musica"],"_links":{"self":[{"href":"https:\/\/radiobeat97.com.ar\/beat\/wp-json\/wp\/v2\/posts\/4450","targetHints":{"allow":["GET"]}}],"collection":[{"href":"https:\/\/radiobeat97.com.ar\/beat\/wp-json\/wp\/v2\/posts"}],"about":[{"href":"https:\/\/radiobeat97.com.ar\/beat\/wp-json\/wp\/v2\/types\/post"}],"author":[{"embeddable":true,"href":"https:\/\/radiobeat97.com.ar\/beat\/wp-json\/wp\/v2\/users\/5"}],"replies":[{"embeddable":true,"href":"https:\/\/radiobeat97.com.ar\/beat\/wp-json\/wp\/v2\/comments?post=4450"}],"version-history":[{"count":1,"href":"https:\/\/radiobeat97.com.ar\/beat\/wp-json\/wp\/v2\/posts\/4450\/revisions"}],"predecessor-version":[{"id":4453,"href":"https:\/\/radiobeat97.com.ar\/beat\/wp-json\/wp\/v2\/posts\/4450\/revisions\/4453"}],"wp:featuredmedia":[{"embeddable":true,"href":"https:\/\/radiobeat97.com.ar\/beat\/wp-json\/wp\/v2\/media\/4452"}],"wp:attachment":[{"href":"https:\/\/radiobeat97.com.ar\/beat\/wp-json\/wp\/v2\/media?parent=4450"}],"wp:term":[{"taxonomy":"category","embeddable":true,"href":"https:\/\/radiobeat97.com.ar\/beat\/wp-json\/wp\/v2\/categories?post=4450"},{"taxonomy":"post_tag","embeddable":true,"href":"https:\/\/radiobeat97.com.ar\/beat\/wp-json\/wp\/v2\/tags?post=4450"}],"curies":[{"name":"wp","href":"https:\/\/api.w.org\/{rel}","templated":true}]}}