{"id":4478,"date":"2022-01-17T11:42:24","date_gmt":"2022-01-17T11:42:24","guid":{"rendered":"http:\/\/www.radiobeat97.com.ar\/beat\/?p=4478"},"modified":"2022-01-17T11:42:24","modified_gmt":"2022-01-17T11:42:24","slug":"cordoba-registra-un-90-de-ocupacion-promedio-de-sus-plazas","status":"publish","type":"post","link":"https:\/\/radiobeat97.com.ar\/beat\/cordoba-registra-un-90-de-ocupacion-promedio-de-sus-plazas\/","title":{"rendered":"C\u00f3rdoba registra un 90% de ocupaci\u00f3n promedio de sus plazas"},"content":{"rendered":"<ul>\n<li><strong>La alta afluencia tur\u00edsticas se verifica en las principales plazas de la provincia.<\/strong><\/li>\n<li><strong>En promedio el gasto por persona es de $5.250 y el pernocte es por cinco d\u00edas.<\/strong><\/li>\n<\/ul>\n<p>Contin\u00faan los buenos n\u00fameros de ocupaci\u00f3n en los diferentes valles tur\u00edsticos de C\u00f3rdoba en esta temporada de verano. El fin de semana volvi\u00f3 a registrar un i<strong>ntenso movimiento de turistas en la provincia<\/strong>\u00a0que marc\u00f3 picos del 98% en algunos destinos.<\/p>\n<p>En este sentido el presidente de la Agencia C\u00f3rdoba Turismo, Esteban Avil\u00e9s destac\u00f3:\u00a0<em>\u201cEstamos con muy buena ocupaci\u00f3n en la provincia, con algunos lugares casi a pleno; y eso nos pone muy contentos porque hemos trabajado mucho, y lo seguimos haciendo, para la reactivaci\u00f3n del sector. La familia argentina vuelve a elegir a C\u00f3rdoba, su naturaleza, su gastronom\u00eda, su cartelera de eventos; tenemos una gran oferta tur\u00edstica gracias al esfuerzo de todos los cordobeses\u201d<\/em>.<\/p>\n<p>En relaci\u00f3n al gasto\u00a0<strong>promedio por d\u00eda por persona es de $5.<\/strong>250 aproximadamente considerando alojamiento, comidas, excursiones, transporte, entre otros rubros. Mientras que el promedio de pernoctes es de 5 d\u00edas.<\/p>\n<p>Respecto del origen los turistas vienen de todo el pa\u00eds pero mayoritariamente vienen turistas de provincia de Buenos Aires, CABA y Santa fe, y los propios cordobeses.<\/p>\n<h3>Datos de ocupaci\u00f3n de este fin de semana<\/h3>\n<p>De acuerdo a lo informado por las distintas direcciones de turismo (*), el promedio de ocupaci\u00f3n fue del 90% con picos del 98%, como\u00a0<strong>Villa General Belgrano<\/strong>\u00a0y\u00a0<strong>Miramar<\/strong>, que tuvo que derivar turistas a localidades cercanas dada el agotamiento total de las plazas hoteleras.<\/p>\n<p>En el Valle de Punilla,\u00a0<strong>Villa Carlos Paz\u00a0<\/strong>tuvo un promedio de 91,5% con mucha concurrencia a los teatros y eventos; mientras que\u00a0<strong>La Falda<\/strong>, con sus ciclos \u201cLa Falda Bajo las Estrellas\u201d, alcanz\u00f3 el un promedio de 76% su capacidad de alojamiento ocupada, y\u00a0<strong>Villa Giardino<\/strong>\u00a0el 87%.<\/p>\n<p><strong>Sierras Chicas\u00a0<\/strong>y\u00a0<strong>C\u00f3rdoba Norte\u00f1a<\/strong>, como todos los a\u00f1os durante enero se ven colmadas por el derrame tur\u00edstico del\u00a0<strong>Festival de Jes\u00fas Mar\u00eda<\/strong>. En el destino anfitri\u00f3n del gran Festival tuvo un 95,5% de ocupaci\u00f3n.<\/p>\n<p>En Paravachasca,\u00a0<strong>Alta Gracia<\/strong>\u00a0alcanz\u00f3 el 88.5 % de ocupaci\u00f3n, con una amplia cartelera de actividades y la Noche de Los Museos este finde; por su parte\u00a0<strong>La Serranita<\/strong>\u00a0estuvo con el 95% de sus plazas ocupadas<\/p>\n<p>En el noreste provincial\u00a0<strong>Miramar<\/strong>, su naturaleza y gastronom\u00eda, lleg\u00f3 a tener el 98,7% de sus alojamientos ocupados. En tanto en Traslasierra,\u00a0<strong>Mina Clavero<\/strong>, con sus paisajes y delicias registr\u00f3 un promedio del 92%; mientras que la localidad de\u00a0<strong>Nono<\/strong>\u00a0tuvo un 88% de ocupaci\u00f3n y\u00a0<strong>Villa Cura Brochero<\/strong>\u00a0el 97%.<\/p>\n<p>El Valle de Calamuchita tambi\u00e9n atraviesa una gran temporada estival.\u00a0<strong>Villa General Belgrano\u00a0<\/strong>tuvo un promedio de 98% (con el 99% en los m\u00e1s categorizados), al igual que\u00a0<strong>Los Reartes<\/strong>; mientras que\u00a0<strong>Santa Rosa de Calamuchita<\/strong>\u00a0alcanz\u00f3 un promedio de 95%,\u00a0<strong>Villa Rumipal\u00a0<\/strong>el 97% y\u00a0<strong>Villa Yacanto<\/strong>\u00a0estuvo a pleno.<\/p>\n<p>De esta forma, C\u00f3rdoba sigue firme entre los principales destinos elegidos por los turistas del pa\u00eds durante la temporada alta<\/p>\n<p>(*)\u00a0<em>Hasta el momento se contin\u00faa relevando la ocupaci\u00f3n hotelera en las localidades a trav\u00e9s de las diferentes secretar\u00edas y direcciones de turismo<\/em>.<\/p>\n","protected":false},"excerpt":{"rendered":"<p>La alta afluencia tur\u00edsticas se verifica en las principales plazas de la provincia. En promedio el gasto por persona es de $5.250 y el pernocte es por cinco d\u00edas. Contin\u00faan los buenos n\u00fameros de ocupaci\u00f3n en los diferentes valles tur\u00edsticos de C\u00f3rdoba en esta temporada de verano. El fin de semana volvi\u00f3 a registrar un &hellip;<\/p>\n","protected":false},"author":5,"featured_media":4479,"comment_status":"open","ping_status":"open","sticky":false,"template":"","format":"standard","meta":{"footnotes":""},"categories":[48],"tags":[],"class_list":["post-4478","post","type-post","status-publish","format-standard","has-post-thumbnail","hentry","category-info-general"],"_links":{"self":[{"href":"https:\/\/radiobeat97.com.ar\/beat\/wp-json\/wp\/v2\/posts\/4478","targetHints":{"allow":["GET"]}}],"collection":[{"href":"https:\/\/radiobeat97.com.ar\/beat\/wp-json\/wp\/v2\/posts"}],"about":[{"href":"https:\/\/radiobeat97.com.ar\/beat\/wp-json\/wp\/v2\/types\/post"}],"author":[{"embeddable":true,"href":"https:\/\/radiobeat97.com.ar\/beat\/wp-json\/wp\/v2\/users\/5"}],"replies":[{"embeddable":true,"href":"https:\/\/radiobeat97.com.ar\/beat\/wp-json\/wp\/v2\/comments?post=4478"}],"version-history":[{"count":1,"href":"https:\/\/radiobeat97.com.ar\/beat\/wp-json\/wp\/v2\/posts\/4478\/revisions"}],"predecessor-version":[{"id":4480,"href":"https:\/\/radiobeat97.com.ar\/beat\/wp-json\/wp\/v2\/posts\/4478\/revisions\/4480"}],"wp:featuredmedia":[{"embeddable":true,"href":"https:\/\/radiobeat97.com.ar\/beat\/wp-json\/wp\/v2\/media\/4479"}],"wp:attachment":[{"href":"https:\/\/radiobeat97.com.ar\/beat\/wp-json\/wp\/v2\/media?parent=4478"}],"wp:term":[{"taxonomy":"category","embeddable":true,"href":"https:\/\/radiobeat97.com.ar\/beat\/wp-json\/wp\/v2\/categories?post=4478"},{"taxonomy":"post_tag","embeddable":true,"href":"https:\/\/radiobeat97.com.ar\/beat\/wp-json\/wp\/v2\/tags?post=4478"}],"curies":[{"name":"wp","href":"https:\/\/api.w.org\/{rel}","templated":true}]}}