{"id":4537,"date":"2022-02-03T11:22:01","date_gmt":"2022-02-03T11:22:01","guid":{"rendered":"http:\/\/www.radiobeat97.com.ar\/beat\/?p=4537"},"modified":"2022-02-03T11:22:44","modified_gmt":"2022-02-03T11:22:44","slug":"4537","status":"publish","type":"post","link":"https:\/\/radiobeat97.com.ar\/beat\/4537\/","title":{"rendered":"Los Caligaris, gira y nuevo single"},"content":{"rendered":"<article class=\"col-lg-12 notinoti v2c\">\u00a0<b>Los Caligaris<\/b>\u00a0tuvieron un gran a\u00f1o 2021, giraron por M\u00e9xico y Argentina y a fin de a\u00f1o lanzaron \u201cQuiero Cumbia\u201d con la participaci\u00f3n especial del freestyler rosarino\u00a0K\u00f3digo, referente indiscutido del g\u00e9nero hiphop\/rap. El tema reafirma la fusi\u00f3n de estilos siempre presente en la m\u00fasica de\u00a0<b>Caligaris\u00a0<\/b>y fue el primer corte de difusi\u00f3n de lo que ser\u00e1 su pr\u00f3ximo disco de estudio que saldr\u00e1 en este 2022. Cabe destacar que a s\u00f3lo 3 meses de su lanzamiento lleva m\u00e1s de 1 mill\u00f3n de reproducciones en youtube y casi medio mill\u00f3n en Spotify.Gracias a la gran repercusi\u00f3n que tuvo la canci\u00f3n, el pr\u00f3ximo viernes 18 de febrero saldr\u00e1 \u201c<b>Quiero Cumbia Remix<\/b>\u201d y estar\u00e1 disponible en todas las plataformas digitales. Se trata de la remezcla realizada por el productor Federico Colazo quien le imprimi\u00f3 su particular sello.Por otro lado, con casi 25 a\u00f1os de trayectoria (que cumplir\u00e1n en agosto de este a\u00f1o) y una de las carreras m\u00e1s s\u00f3lidas en la escena del rock en espa\u00f1ol,<b>\u00a0Los Caligaris<\/b>\u00a0comienzan este 2022 con una nueva gira de verano durante todo febrero, como es habitual en la banda recorriendo cada rinc\u00f3n de Argentina present\u00e1ndose en las Fiestas Nacionales y Festivales m\u00e1s importantes del pa\u00eds, en esta ocasi\u00f3n pasar\u00e1n por La Rioja, varias ciudades de C\u00f3rdoba, San Luis, La Pampa y Neuqu\u00e9n, celebrando junto a la gente en cada uno de los shows repasando todos sus hits, un recorrido por su trayectoria repleta de \u00e9xitos.<\/p>\n<p>A continuaci\u00f3n compartimos su \u00faltimo estreno:<\/p>\n<\/article>\n<div class=\"video\">\n<div class=\"artista1 artista\">\n<div class=\"col-md-12 bio\">\n<div class=\"video-youtube\"><iframe class=\"iframeyoutube\" title=\"mira el video\" src=\"https:\/\/www.youtube.com\/embed\/zgo91CGz4r8\" height=\"560\" allowfullscreen=\"allowfullscreen\" data-mce-fragment=\"1\"><\/iframe><\/div>\n<div><\/div>\n<\/div>\n<\/div>\n<\/div>\n","protected":false},"excerpt":{"rendered":"<p>\u00a0Los Caligaris\u00a0tuvieron un gran a\u00f1o 2021, giraron por M\u00e9xico y Argentina y a fin de a\u00f1o lanzaron \u201cQuiero Cumbia\u201d con la participaci\u00f3n especial del freestyler rosarino\u00a0K\u00f3digo, referente indiscutido del g\u00e9nero hiphop\/rap. El tema reafirma la fusi\u00f3n de estilos siempre presente en la m\u00fasica de\u00a0Caligaris\u00a0y fue el primer corte de difusi\u00f3n de lo que ser\u00e1 su &hellip;<\/p>\n","protected":false},"author":5,"featured_media":4538,"comment_status":"open","ping_status":"open","sticky":false,"template":"","format":"standard","meta":{"footnotes":""},"categories":[46],"tags":[],"class_list":["post-4537","post","type-post","status-publish","format-standard","has-post-thumbnail","hentry","category-musica"],"_links":{"self":[{"href":"https:\/\/radiobeat97.com.ar\/beat\/wp-json\/wp\/v2\/posts\/4537","targetHints":{"allow":["GET"]}}],"collection":[{"href":"https:\/\/radiobeat97.com.ar\/beat\/wp-json\/wp\/v2\/posts"}],"about":[{"href":"https:\/\/radiobeat97.com.ar\/beat\/wp-json\/wp\/v2\/types\/post"}],"author":[{"embeddable":true,"href":"https:\/\/radiobeat97.com.ar\/beat\/wp-json\/wp\/v2\/users\/5"}],"replies":[{"embeddable":true,"href":"https:\/\/radiobeat97.com.ar\/beat\/wp-json\/wp\/v2\/comments?post=4537"}],"version-history":[{"count":3,"href":"https:\/\/radiobeat97.com.ar\/beat\/wp-json\/wp\/v2\/posts\/4537\/revisions"}],"predecessor-version":[{"id":4541,"href":"https:\/\/radiobeat97.com.ar\/beat\/wp-json\/wp\/v2\/posts\/4537\/revisions\/4541"}],"wp:featuredmedia":[{"embeddable":true,"href":"https:\/\/radiobeat97.com.ar\/beat\/wp-json\/wp\/v2\/media\/4538"}],"wp:attachment":[{"href":"https:\/\/radiobeat97.com.ar\/beat\/wp-json\/wp\/v2\/media?parent=4537"}],"wp:term":[{"taxonomy":"category","embeddable":true,"href":"https:\/\/radiobeat97.com.ar\/beat\/wp-json\/wp\/v2\/categories?post=4537"},{"taxonomy":"post_tag","embeddable":true,"href":"https:\/\/radiobeat97.com.ar\/beat\/wp-json\/wp\/v2\/tags?post=4537"}],"curies":[{"name":"wp","href":"https:\/\/api.w.org\/{rel}","templated":true}]}}