{"id":4751,"date":"2022-04-22T14:01:55","date_gmt":"2022-04-22T14:01:55","guid":{"rendered":"http:\/\/www.radiobeat97.com.ar\/beat\/?p=4751"},"modified":"2022-04-22T14:01:55","modified_gmt":"2022-04-22T14:01:55","slug":"bandera-de-largada-para-el-rally-argentina-2022","status":"publish","type":"post","link":"https:\/\/radiobeat97.com.ar\/beat\/bandera-de-largada-para-el-rally-argentina-2022\/","title":{"rendered":"Bandera de largada para el Rally Argentina 2022"},"content":{"rendered":"<ul>\n<li><strong>Este viernes arranca en el Valle Traslasierra la tercera fecha del Campeonato Nacional y la segunda correspondiente al Campeonato Sudamericano.<\/strong><\/li>\n<li><strong>Es la vuelta de los campeonatos de rally a C\u00f3rdoba luego de dos a\u00f1os.<\/strong><\/li>\n<li><strong>Se realizar\u00e1 un homenaje en memoria del piloto de Mina Clavero Jorge Ra\u00fal Recalde.<\/strong><\/li>\n<\/ul>\n<p><strong>El Rally Argentina vuelve a tierras cordobesas<\/strong>. Luego de dos a\u00f1os sin actividad en la disciplina debido a la pandemia, entre el viernes y el domingo se correr\u00e1 la tercera fecha del campeonato nacional, y la segunda del Campeonato Sudamericano (Codasur). Adem\u00e1s, se realizar\u00e1 un homenaje en memoria de Jorge Ra\u00fal Recalde.<\/p>\n<p>La acci\u00f3n comenzar\u00e1 con el tradicional shakedown que s<strong>e realizar\u00e1 entre Mina Clavero y Cura Brochero<\/strong>, en un tramo de 3,39 kil\u00f3metros. Posteriormente, habr\u00e1 un segmento especial de 1,47 kil\u00f3metros que cuminar\u00e1 frente a la casa paterna de Jorge Ra\u00fal Recalde, en donde se guardan recuerdos, trofeos y parte de la historia del automovilista.<\/p>\n<p>El s\u00e1bado, los pilotos recorran, con dos pasadas, los tramos\u00a0Ambul-Mussi, de 25,99 km (largan a las 9.58 y 13.50), El Mirador-Panaholma, de 12,29 km, (comienza a las 11.01 y 14.53) y Panaholma-San Lorenzo, de 6,51 km (con horario de inicio a las 11.22 y 15.14).<\/p>\n<p>La carrera se completar\u00e1 el domingo con dos pasados por los siguientes tramos: Ci\u00e9naga de Allende-Mina Clavero de 8,98 km (inicio a las 9.10 y 12.33) y Giulio Cesare-Mina Clavero de 19,33 km (con largada a las 10.13 y 13.36).<\/p>\n<h3>Cortes de ruta y controles policiales<\/h3>\n<p>El Rally se llevar\u00e1 a cabo \u00edntegramente en la ciudad de Mina Clavero y alrededores. Desde el Ministerio de Seguridad informan que a causa del campeonato,\u00a0<strong>no se realizar\u00e1n cortes de ruta a excepci\u00f3n de los tramos que vayan a recorrer los participantes<\/strong>. De cualquier manera, las pruebas se desarrollar\u00e1n en caminos secundarios.<\/p>\n<p>Por otra parte,<strong>\u00a0la Polic\u00eda de la Provincia dispondr\u00e1 distintos operativos<\/strong>\u00a0destinados a realizar controles y brindar mayor seguridad a los vecinos de la zona y a los asistentes.<\/p>\n<p>Para quienes deseen presenciar el evento, se recuerda que desde la organizaci\u00f3n se dispusieron distintas zonas de espectadores que estar\u00e1n delimitadas con cintas amarillas.<\/p>\n<p>El acceso vehicular, s\u00f3lo podr\u00e1 realizarse hasta dos horas antes de la partida del primer auto en el tramo. Para quienes vayan a pie, el l\u00edmite es 30 minutos antes del inicio de la prueba.<\/p>\n<p>A causa de la gran afluencia de p\u00fablico, se estima que haya demoras en el tr\u00e1nsito por lo que se recomienda circular con precauci\u00f3n y ocupar los espacios con antelaci\u00f3n.<\/p>\n","protected":false},"excerpt":{"rendered":"<p>Este viernes arranca en el Valle Traslasierra la tercera fecha del Campeonato Nacional y la segunda correspondiente al Campeonato Sudamericano. Es la vuelta de los campeonatos de rally a C\u00f3rdoba luego de dos a\u00f1os. Se realizar\u00e1 un homenaje en memoria del piloto de Mina Clavero Jorge Ra\u00fal Recalde. El Rally Argentina vuelve a tierras cordobesas. &hellip;<\/p>\n","protected":false},"author":1,"featured_media":4752,"comment_status":"open","ping_status":"open","sticky":false,"template":"","format":"standard","meta":{"footnotes":""},"categories":[47],"tags":[],"class_list":["post-4751","post","type-post","status-publish","format-standard","has-post-thumbnail","hentry","category-deportes"],"_links":{"self":[{"href":"https:\/\/radiobeat97.com.ar\/beat\/wp-json\/wp\/v2\/posts\/4751","targetHints":{"allow":["GET"]}}],"collection":[{"href":"https:\/\/radiobeat97.com.ar\/beat\/wp-json\/wp\/v2\/posts"}],"about":[{"href":"https:\/\/radiobeat97.com.ar\/beat\/wp-json\/wp\/v2\/types\/post"}],"author":[{"embeddable":true,"href":"https:\/\/radiobeat97.com.ar\/beat\/wp-json\/wp\/v2\/users\/1"}],"replies":[{"embeddable":true,"href":"https:\/\/radiobeat97.com.ar\/beat\/wp-json\/wp\/v2\/comments?post=4751"}],"version-history":[{"count":1,"href":"https:\/\/radiobeat97.com.ar\/beat\/wp-json\/wp\/v2\/posts\/4751\/revisions"}],"predecessor-version":[{"id":4754,"href":"https:\/\/radiobeat97.com.ar\/beat\/wp-json\/wp\/v2\/posts\/4751\/revisions\/4754"}],"wp:featuredmedia":[{"embeddable":true,"href":"https:\/\/radiobeat97.com.ar\/beat\/wp-json\/wp\/v2\/media\/4752"}],"wp:attachment":[{"href":"https:\/\/radiobeat97.com.ar\/beat\/wp-json\/wp\/v2\/media?parent=4751"}],"wp:term":[{"taxonomy":"category","embeddable":true,"href":"https:\/\/radiobeat97.com.ar\/beat\/wp-json\/wp\/v2\/categories?post=4751"},{"taxonomy":"post_tag","embeddable":true,"href":"https:\/\/radiobeat97.com.ar\/beat\/wp-json\/wp\/v2\/tags?post=4751"}],"curies":[{"name":"wp","href":"https:\/\/api.w.org\/{rel}","templated":true}]}}