{"id":4830,"date":"2022-05-20T11:07:50","date_gmt":"2022-05-20T11:07:50","guid":{"rendered":"http:\/\/www.radiobeat97.com.ar\/beat\/?p=4830"},"modified":"2022-05-20T11:07:50","modified_gmt":"2022-05-20T11:07:50","slug":"vangelis-fallecio-a-los-79-anos","status":"publish","type":"post","link":"https:\/\/radiobeat97.com.ar\/beat\/vangelis-fallecio-a-los-79-anos\/","title":{"rendered":"Vangelis, falleci\u00f3 a los 79 a\u00f1os"},"content":{"rendered":"<p><strong>El famoso compositor griego conocido como Vangelis ha fallecido a sus 79 a\u00f1os.<\/strong>\u00a0Seg\u00fan inform\u00f3\u00a0<a href=\"https:\/\/www.amna.gr\/home\/article\/647982\/Pethane-o-Baggelis-Papathanasiou\" target=\"_blank\" rel=\"noreferrer noopener\">Athens News Agency<\/a>, el m\u00fasico habr\u00eda muerto el pasado martes en un hospital de Francia, pero las causas de muerte no han sido comunicadas. De nombre real Ev\u00e1ngelos Odyss\u00e9as Papathanass\u00edou, el artista logr\u00f3 reconocimiento mundial por sus bandas sonoras para cine, as\u00ed como tambi\u00e9n por el desarrollo de la m\u00fasica electr\u00f3nica y el rock progresivo en diferentes bandas y de manera solista.<\/p>\n<p><strong>Vangelis fue el encargado de crear la banda sonora para\u00a0<em>Carrozas de fuego<\/em>, trabajo que le vali\u00f3 el Oscar en 1981 y es tal vez uno de sus m\u00e1s reconocidos y recordados.<\/strong>\u00a0Luego, se destac\u00f3 por haber musicalizado el gran cl\u00e1sico de ciencia ficci\u00f3n\u00a0<em><strong>Blade Runner<\/strong><\/em>\u00a0y el film\u00a0<em>1492: La conquista del para\u00edso<\/em>, entre muchos otros.<\/p>\n<p>Por los a\u00f1os 70, el compositor form\u00f3 la banda\u00a0<strong>The Forminx<\/strong>, con la que lanz\u00f3 un solo \u00e1lbum. Adem\u00e1s, fue parte de\u00a0<strong>Aphrodithe\u2019s Child<\/strong>, banda que s\u00ed logr\u00f3 vender 2 millones de copias antes de separarse en 1972. Por otro lado, el griego desarroll\u00f3 una prol\u00edfica carrera en solitario de la cual el \u00e1lbum final fue\u00a0<em>Juno to Jupiter<\/em>, publicado en 2021.<\/p>\n<figure class=\"wp-block-embed is-type-video is-provider-youtube wp-block-embed-youtube wp-embed-aspect-4-3 wp-has-aspect-ratio\">\n<div class=\"wp-block-embed__wrapper\"><img decoding=\"async\" class=\"i-amphtml-fill-content amp-hidden\" src=\"https:\/\/i.ytimg.com\/vi\/8a-HfNE3EIo\/sddefault.jpg#404_is_fine\" alt=\"Loading video\" \/><iframe class=\"i-amphtml-fill-content\" title=\"YouTube video\" src=\"https:\/\/www.youtube.com\/embed\/8a-HfNE3EIo?enablejsapi=1&amp;amp=1&amp;playsinline=1\" frameborder=\"0\" allowfullscreen=\"allowfullscreen\" data-mce-fragment=\"1\"><\/iframe><\/div>\n<\/figure>\n<p>Siendo una de las figuras griegas m\u00e1s importantes de la cultura pop, que logr\u00f3 ganarse el respeto y admiraci\u00f3n en todo el mundo,\u00a0<strong>el primer ministro de Grecia le dedic\u00f3 sentidas palabras en su\u00a0<a href=\"https:\/\/twitter.com\/PrimeministerGR\/status\/1527322352060485632\/\" target=\"_blank\" rel=\"noreferrer noopener\">cuenta de Twitter<\/a><\/strong>: \u201cVangelis Papathanass\u00edou no est\u00e1 m\u00e1s entre nosotros. La triste noticia asegura que el mundo de la m\u00fasica ha perdido al internacional Vangelis\u201d.<\/p>\n<p>Y agreg\u00f3: \u201cEl protagonista del sonido electr\u00f3nico, de los Oscars, el mito y los grandes \u00e9xitos.<strong>\u00a0Para nosotros los griegos, sin embargo, sabiendo que su segundo nombre era Odiseo, significa que empez\u00f3 su largo viaje en las rutas del fuego. Desde all\u00ed siempre nos enviar\u00e1 sus notas<\/strong>\u201c.<\/p>\n<figure class=\"wp-block-embed is-type-video is-provider-youtube wp-block-embed-youtube wp-embed-aspect-16-9 wp-has-aspect-ratio\">\n<div class=\"wp-block-embed__wrapper\"><img decoding=\"async\" class=\"i-amphtml-fill-content amp-hidden\" src=\"https:\/\/i.ytimg.com\/vi\/A03x9uw25kI\/sddefault.jpg#404_is_fine\" alt=\"Loading video\" \/><iframe class=\"i-amphtml-fill-content\" title=\"YouTube video\" src=\"https:\/\/www.youtube.com\/embed\/A03x9uw25kI?enablejsapi=1&amp;amp=1&amp;playsinline=1\" frameborder=\"0\" allowfullscreen=\"allowfullscreen\" data-mce-fragment=\"1\"><\/iframe><\/div>\n<\/figure>\n","protected":false},"excerpt":{"rendered":"<p>El famoso compositor griego conocido como Vangelis ha fallecido a sus 79 a\u00f1os.\u00a0Seg\u00fan inform\u00f3\u00a0Athens News Agency, el m\u00fasico habr\u00eda muerto el pasado martes en un hospital de Francia, pero las causas de muerte no han sido comunicadas. De nombre real Ev\u00e1ngelos Odyss\u00e9as Papathanass\u00edou, el artista logr\u00f3 reconocimiento mundial por sus bandas sonoras para cine, as\u00ed &hellip;<\/p>\n","protected":false},"author":1,"featured_media":4831,"comment_status":"open","ping_status":"open","sticky":false,"template":"","format":"standard","meta":{"footnotes":""},"categories":[46],"tags":[],"class_list":["post-4830","post","type-post","status-publish","format-standard","has-post-thumbnail","hentry","category-musica"],"_links":{"self":[{"href":"https:\/\/radiobeat97.com.ar\/beat\/wp-json\/wp\/v2\/posts\/4830","targetHints":{"allow":["GET"]}}],"collection":[{"href":"https:\/\/radiobeat97.com.ar\/beat\/wp-json\/wp\/v2\/posts"}],"about":[{"href":"https:\/\/radiobeat97.com.ar\/beat\/wp-json\/wp\/v2\/types\/post"}],"author":[{"embeddable":true,"href":"https:\/\/radiobeat97.com.ar\/beat\/wp-json\/wp\/v2\/users\/1"}],"replies":[{"embeddable":true,"href":"https:\/\/radiobeat97.com.ar\/beat\/wp-json\/wp\/v2\/comments?post=4830"}],"version-history":[{"count":1,"href":"https:\/\/radiobeat97.com.ar\/beat\/wp-json\/wp\/v2\/posts\/4830\/revisions"}],"predecessor-version":[{"id":4832,"href":"https:\/\/radiobeat97.com.ar\/beat\/wp-json\/wp\/v2\/posts\/4830\/revisions\/4832"}],"wp:featuredmedia":[{"embeddable":true,"href":"https:\/\/radiobeat97.com.ar\/beat\/wp-json\/wp\/v2\/media\/4831"}],"wp:attachment":[{"href":"https:\/\/radiobeat97.com.ar\/beat\/wp-json\/wp\/v2\/media?parent=4830"}],"wp:term":[{"taxonomy":"category","embeddable":true,"href":"https:\/\/radiobeat97.com.ar\/beat\/wp-json\/wp\/v2\/categories?post=4830"},{"taxonomy":"post_tag","embeddable":true,"href":"https:\/\/radiobeat97.com.ar\/beat\/wp-json\/wp\/v2\/tags?post=4830"}],"curies":[{"name":"wp","href":"https:\/\/api.w.org\/{rel}","templated":true}]}}