{"id":4860,"date":"2022-05-30T12:31:50","date_gmt":"2022-05-30T12:31:50","guid":{"rendered":"http:\/\/www.radiobeat97.com.ar\/beat\/?p=4860"},"modified":"2022-05-30T12:31:50","modified_gmt":"2022-05-30T12:31:50","slug":"120-mil-personas-bailaron-en-el-obelisco-con-la-mona","status":"publish","type":"post","link":"https:\/\/radiobeat97.com.ar\/beat\/120-mil-personas-bailaron-en-el-obelisco-con-la-mona\/","title":{"rendered":"120 mil personas bailaron en el Obelisco con La Mona"},"content":{"rendered":"<p><b>Carlos \u00abLa Mona\u00bb Jim\u00e9nez<\/b>\u00a0brind\u00f3 este domingo un show gratuito al aire libre frente al Obelisco, en el marco de un homenaje que el Ministerio de Cultura de la Ciudad de Buenos Aires organiz\u00f3 para celebrar sus<b>\u00a055 a\u00f1os de trayectoria<\/b>.<\/p>\n<p>\u00abEstoy feliz, tengo contento el coraz\u00f3n, salta de alegr\u00eda. Hace muchos a\u00f1os cant\u00e9 en el Obelisco cuando se despidi\u00f3 Julio Bocca, cant\u00e9 &#8216;Balada para un Loco&#8217;. Pero esta vez voy a estar con mi grupo de cuarteto, que somos 13, y vamos a hacer cuarteto. El domingo la gente me va a dar tanta alegr\u00eda que quiz\u00e1s se me escapa un lagrim\u00f3n. Voy con toda mi energ\u00eda y felicidad para divertir a la gente\u00bb, se\u00f1al\u00f3 el cordob\u00e9s en la previa a trav\u00e9s de un comunicado.<\/p>\n<p><b>La celebraci\u00f3n cont\u00f3 con la transmisi\u00f3n de La Popu, con Santiago \u00abColorete\u00bb Gianola y Vane \u00abLa Negra\u00bb Ludue\u00f1a, adem\u00e1s de la participaci\u00f3n especial de Orlando Morales.<\/b><\/p>\n<p>\u00abEsto va a ser una fiesta hermosa con toda la gente invitada de todas partes del pa\u00eds. Faltan 6 horas para el show y la gente ya est\u00e1 contenta. Es un sue\u00f1o hecho realidad, los cordobeses emocionados con esto, estamos para disfrutarlo.<\/p>\n<h4><img decoding=\"async\" src=\"https:\/\/www.cadena3.com\/admin\/playerswf\/fotos\/ARCHI_923070.jpg\" \/>\u00abLa Mona\u00bb, junto al jefe de Gobierno porte\u00f1o Horacio Rodr\u00edguez Larreta y el ministro de Cultura, Enrique Avogadro.<\/h4>\n<p><b>El show comenz\u00f3 a las 17<\/b>\u00a0con la presentaci\u00f3n de un grupo telonero. Minutos despu\u00e9s de las 18, fue el turno del m\u00e1ximo referente del cuarteto.<\/p>\n<p>Desde el primer momento que el artista cordob\u00e9s subi\u00f3 al escenario, el p\u00fablico lo ovacion\u00f3 y cant\u00f3 al ritmo de sus canciones. \u201cQuiero agradecerles a todos por estar ac\u00e1\u201d, manifest\u00f3 Jim\u00e9nez en una pausa.<\/p>\n<p>\u00abTengo m\u00e1s de 1.200 canciones grabadas y\u00a0<b>200 hits de los que elegimos 22,<\/b>\u00a0que son los que voy a cantar para festejar mis 55 a\u00f1os de carrera con esta fiesta bien arriba como se merece todo el pa\u00eds\u00bb, avis\u00f3.<\/p>\n<p>\u00abLa Mona\u00bb brind\u00f3\u00a0<b>un recital de noventa minutos<\/b>\u00a0con buena parte de sus cl\u00e1sicos hist\u00f3ricos, como \u00abBeso a Beso\u00bb, \u00abRamito de Violetas\u00bb, \u00abEl Federal\u00bb y \u00abQui\u00e9n se ha tomado todo el vino\u00bb, entre tantos otros.<\/p>\n<p><b>Informe de Orlando Morales.<\/b><\/p>\n<p>Fuente: cadena3.com.ar<\/p>\n","protected":false},"excerpt":{"rendered":"<p>Carlos \u00abLa Mona\u00bb Jim\u00e9nez\u00a0brind\u00f3 este domingo un show gratuito al aire libre frente al Obelisco, en el marco de un homenaje que el Ministerio de Cultura de la Ciudad de Buenos Aires organiz\u00f3 para celebrar sus\u00a055 a\u00f1os de trayectoria. \u00abEstoy feliz, tengo contento el coraz\u00f3n, salta de alegr\u00eda. Hace muchos a\u00f1os cant\u00e9 en el Obelisco &hellip;<\/p>\n","protected":false},"author":1,"featured_media":4861,"comment_status":"open","ping_status":"open","sticky":false,"template":"","format":"standard","meta":{"footnotes":""},"categories":[46],"tags":[],"class_list":["post-4860","post","type-post","status-publish","format-standard","has-post-thumbnail","hentry","category-musica"],"_links":{"self":[{"href":"https:\/\/radiobeat97.com.ar\/beat\/wp-json\/wp\/v2\/posts\/4860","targetHints":{"allow":["GET"]}}],"collection":[{"href":"https:\/\/radiobeat97.com.ar\/beat\/wp-json\/wp\/v2\/posts"}],"about":[{"href":"https:\/\/radiobeat97.com.ar\/beat\/wp-json\/wp\/v2\/types\/post"}],"author":[{"embeddable":true,"href":"https:\/\/radiobeat97.com.ar\/beat\/wp-json\/wp\/v2\/users\/1"}],"replies":[{"embeddable":true,"href":"https:\/\/radiobeat97.com.ar\/beat\/wp-json\/wp\/v2\/comments?post=4860"}],"version-history":[{"count":1,"href":"https:\/\/radiobeat97.com.ar\/beat\/wp-json\/wp\/v2\/posts\/4860\/revisions"}],"predecessor-version":[{"id":4862,"href":"https:\/\/radiobeat97.com.ar\/beat\/wp-json\/wp\/v2\/posts\/4860\/revisions\/4862"}],"wp:featuredmedia":[{"embeddable":true,"href":"https:\/\/radiobeat97.com.ar\/beat\/wp-json\/wp\/v2\/media\/4861"}],"wp:attachment":[{"href":"https:\/\/radiobeat97.com.ar\/beat\/wp-json\/wp\/v2\/media?parent=4860"}],"wp:term":[{"taxonomy":"category","embeddable":true,"href":"https:\/\/radiobeat97.com.ar\/beat\/wp-json\/wp\/v2\/categories?post=4860"},{"taxonomy":"post_tag","embeddable":true,"href":"https:\/\/radiobeat97.com.ar\/beat\/wp-json\/wp\/v2\/tags?post=4860"}],"curies":[{"name":"wp","href":"https:\/\/api.w.org\/{rel}","templated":true}]}}