{"id":4869,"date":"2022-06-02T11:40:09","date_gmt":"2022-06-02T11:40:09","guid":{"rendered":"http:\/\/www.radiobeat97.com.ar\/beat\/?p=4869"},"modified":"2022-06-02T11:40:09","modified_gmt":"2022-06-02T11:40:09","slug":"fito-paez-anuncia-gira-por-los-30-anos-de-el-amor-despues-del-amor","status":"publish","type":"post","link":"https:\/\/radiobeat97.com.ar\/beat\/fito-paez-anuncia-gira-por-los-30-anos-de-el-amor-despues-del-amor\/","title":{"rendered":"Fito P\u00e1ez anuncia gira por los 30 a\u00f1os de El amor despu\u00e9s del amor"},"content":{"rendered":"<div class=\"cntn-wrp\">\n<p><strong><em>El amor despu\u00e9s del amor<\/em>\u00a0<\/strong>es uno de los discos m\u00e1s emblem\u00e1ticos del rock nacional. Es el s\u00e9ptimo \u00e1lbum de la carrera de\u00a0<strong>Fito P\u00e1ez<\/strong>\u00a0y signific\u00f3 su consagraci\u00f3n definitiva tanto dentro como fuera de Argentina, contando con m\u00faltiples invitados ic\u00f3nicos de nuestra m\u00fasica como\u00a0Charly Garc\u00eda, Fabiana Cantilo, Mercedes Sosa, Luis Alberto Spinetta, entre otros.\u00a0<strong>Hoy se cumplen 30 a\u00f1os de su lanzamiento\u00a0y el m\u00fasico rosarino ha anunciado una gira de celebraci\u00f3n luego de haber confirmado que lo regrabar\u00e1.<\/strong><\/p>\n<p>La gira iniciar\u00e1 en el mes de agosto en Los \u00c1ngeles y P\u00e1ez estar\u00e1 acompa\u00f1ado por Gustavo Borner y Diego Olivero. Luego, continuar\u00e1 durante el resto de 2022 y 2023.\u00a0<strong>En nuestro pa\u00eds, el tour llegar\u00e1 en septiembre a la\u00a0Plaza de La M\u00fasica\u00a0de la ciudad de C\u00f3rdoba y luego al Movistar Arena\u00a0de Buenos Aires.\u00a0<\/strong>\u201cLa gira continuar\u00e1 por Iberoam\u00e9rica, recorriendo Uruguay, Chile, Per\u00fa, Paraguay, Venezuela, Colombia, Costa Rica, Santo Domingo, Estados Unidos y Espa\u00f1a\u201d, confirm\u00f3 la prensa oficial.<\/p>\n<p><iframe class=\"i-amphtml-fill-content\" title=\"Instagram: null\" src=\"https:\/\/www.instagram.com\/p\/CeQ3ghcu9lk\/embed\/captioned\/?cr=1&amp;v=12\" frameborder=\"0\" scrolling=\"no\" data-mce-fragment=\"1\"><\/iframe>P\u00e1ez revel\u00f3 que volver\u00e1 a grabar el disco en una reciente entrevista con Caja Negra y sorprendi\u00f3 a sus fans confirmando que habr\u00e1 nuevos invitados.<strong>\u00a0\u201cLa idea es transformarlo, volver a visitarlo y hacerle cosas nuevas\u201d<\/strong>, expres\u00f3 el pianista y compositor sobre el disco que se convirti\u00f3 en el m\u00e1s vendido del rock nacional.<\/p>\n<p>Para el 20 aniversario de\u00a0<em>El amor despu\u00e9s del amor<\/em>, Fito tambi\u00e9n ofreci\u00f3 una gira de conciertos en los que interpret\u00f3 el \u00e1lbum de principio a fin, pasando por algunos temas que se convirtieron en los m\u00e1s famosos de su carrera: \u201cUn vestido y un amor\u201d, \u201cP\u00e9talo de sal\u201d, \u201cA rodar mi vida\u201d, \u201cBrillante sobre el mic\u201d y la canci\u00f3n que da nombre al \u00e1lbum.<\/p>\n<p><strong>Este disco represent\u00f3 un cambio sonoro y compositivo dentro de la carrera de Fito<\/strong>,<strong>\u00a0<\/strong>quien ya gozaba de popularidad en el panorama musical argentino<strong>\u00a0<\/strong>pero tom\u00f3 un nuevo curso que dej\u00f3 atr\u00e1s el sonido under, consigui\u00f3 una llegada m\u00e1s masiva y abri\u00f3 nuevas puertas est\u00e9ticas que luego se continuar\u00edan en\u00a0<em>Circo Beat<\/em>.<\/p>\n<figure class=\"wp-block-embed is-type-video is-provider-youtube wp-block-embed-youtube wp-embed-aspect-4-3 wp-has-aspect-ratio\">\n<div class=\"wp-block-embed__wrapper\"><img decoding=\"async\" class=\"i-amphtml-fill-content amp-hidden\" src=\"https:\/\/i.ytimg.com\/vi\/wFCpNO0o638\/sddefault.jpg#404_is_fine\" alt=\"Loading video\" \/><iframe class=\"i-amphtml-fill-content\" title=\"YouTube video\" src=\"https:\/\/www.youtube.com\/embed\/wFCpNO0o638?enablejsapi=1&amp;amp=1&amp;playsinline=1\" frameborder=\"0\" allowfullscreen=\"allowfullscreen\" data-mce-fragment=\"1\"><\/iframe><\/div>\n<\/figure>\n<div class=\"code-block code-block-2 acss6c945\">\n<div class=\"acss2f015\"><\/div>\n<\/div>\n<div><\/div>\n<\/div>\n<p>&nbsp;<\/p>\n","protected":false},"excerpt":{"rendered":"<p>El amor despu\u00e9s del amor\u00a0es uno de los discos m\u00e1s emblem\u00e1ticos del rock nacional. Es el s\u00e9ptimo \u00e1lbum de la carrera de\u00a0Fito P\u00e1ez\u00a0y signific\u00f3 su consagraci\u00f3n definitiva tanto dentro como fuera de Argentina, contando con m\u00faltiples invitados ic\u00f3nicos de nuestra m\u00fasica como\u00a0Charly Garc\u00eda, Fabiana Cantilo, Mercedes Sosa, Luis Alberto Spinetta, entre otros.\u00a0Hoy se cumplen 30 &hellip;<\/p>\n","protected":false},"author":1,"featured_media":4870,"comment_status":"open","ping_status":"open","sticky":false,"template":"","format":"standard","meta":{"footnotes":""},"categories":[46],"tags":[],"class_list":["post-4869","post","type-post","status-publish","format-standard","has-post-thumbnail","hentry","category-musica"],"_links":{"self":[{"href":"https:\/\/radiobeat97.com.ar\/beat\/wp-json\/wp\/v2\/posts\/4869","targetHints":{"allow":["GET"]}}],"collection":[{"href":"https:\/\/radiobeat97.com.ar\/beat\/wp-json\/wp\/v2\/posts"}],"about":[{"href":"https:\/\/radiobeat97.com.ar\/beat\/wp-json\/wp\/v2\/types\/post"}],"author":[{"embeddable":true,"href":"https:\/\/radiobeat97.com.ar\/beat\/wp-json\/wp\/v2\/users\/1"}],"replies":[{"embeddable":true,"href":"https:\/\/radiobeat97.com.ar\/beat\/wp-json\/wp\/v2\/comments?post=4869"}],"version-history":[{"count":1,"href":"https:\/\/radiobeat97.com.ar\/beat\/wp-json\/wp\/v2\/posts\/4869\/revisions"}],"predecessor-version":[{"id":4871,"href":"https:\/\/radiobeat97.com.ar\/beat\/wp-json\/wp\/v2\/posts\/4869\/revisions\/4871"}],"wp:featuredmedia":[{"embeddable":true,"href":"https:\/\/radiobeat97.com.ar\/beat\/wp-json\/wp\/v2\/media\/4870"}],"wp:attachment":[{"href":"https:\/\/radiobeat97.com.ar\/beat\/wp-json\/wp\/v2\/media?parent=4869"}],"wp:term":[{"taxonomy":"category","embeddable":true,"href":"https:\/\/radiobeat97.com.ar\/beat\/wp-json\/wp\/v2\/categories?post=4869"},{"taxonomy":"post_tag","embeddable":true,"href":"https:\/\/radiobeat97.com.ar\/beat\/wp-json\/wp\/v2\/tags?post=4869"}],"curies":[{"name":"wp","href":"https:\/\/api.w.org\/{rel}","templated":true}]}}