{"id":4887,"date":"2022-06-07T11:02:40","date_gmt":"2022-06-07T11:02:40","guid":{"rendered":"http:\/\/www.radiobeat97.com.ar\/beat\/?p=4887"},"modified":"2022-06-07T11:02:40","modified_gmt":"2022-06-07T11:02:40","slug":"el-error-en-stranger-things-temporada-4","status":"publish","type":"post","link":"https:\/\/radiobeat97.com.ar\/beat\/el-error-en-stranger-things-temporada-4\/","title":{"rendered":"El error en Stranger Things temporada 4"},"content":{"rendered":"<p>Stranger Things es una de las series que m\u00e1s costo tienen para producirse y la serie de Netflix implica el trabajo de much\u00edsimas personas. Pero eso no la hace permeable a posibles errores en la ficci\u00f3n, como uno que tuvo lugar en la nueva temporada por el que sus creadores\u00a0<b>tuvieron que salir a pedir disculpas<\/b>.<\/p>\n<p>Todo comenz\u00f3 con una captura de un usuario en las redes sociales, que not\u00f3 que hab\u00eda una situaci\u00f3n en la cuarta temporada, recientemente estrenada, que no se condice con lo ocurrido en la segunda.<\/p>\n<p>En uno de los episodios de la nueva parte, los j\u00f3venes se filman con una videoc\u00e1mara que muestra la fecha exacta en la que est\u00e1n: el 22 de marzo de 1986.<\/p>\n<p>El problema es que, seg\u00fan recordaron en las redes sociales, la segunda temporada muestra que la madre de Will Byers, uno de los protagonistas, le dice que cumple a\u00f1os ese d\u00eda para recobrarlo de una posesi\u00f3n. Y en la nueva entrega no hubo ning\u00fan tipo de festejo o saludo para Will, parec\u00eda que todos lo hab\u00edan olvidado.<\/p>\n<p>Incluso desde Netflix bromearon en redes sociales con lo ocurrido: \u00abCreen que est\u00e1n teniendo un mal d\u00eda? En la temporada 4 de &#8216;Stranger Things&#8217; todos se olvidan del cumplea\u00f1os de Will. Por eso est\u00e1 s\u00faper triste en la escena de la pista\u00bb.<\/p>\n<p>&nbsp;<\/p>\n<div class=\"twitter-tweet twitter-tweet-rendered\"><iframe id=\"twitter-widget-0\" class=\"\" title=\"Twitter Tweet\" src=\"https:\/\/platform.twitter.com\/embed\/Tweet.html?dnt=false&amp;embedId=twitter-widget-0&amp;features=eyJ0ZndfZXhwZXJpbWVudHNfY29va2llX2V4cGlyYXRpb24iOnsiYnVja2V0IjoxMjA5NjAwLCJ2ZXJzaW9uIjpudWxsfSwidGZ3X3JlZnNyY19zZXNzaW9uIjp7ImJ1Y2tldCI6Im9mZiIsInZlcnNpb24iOm51bGx9LCJ0Zndfc2Vuc2l0aXZlX21lZGlhX2ludGVyc3RpdGlhbF8xMzk2MyI6eyJidWNrZXQiOiJpbnRlcnN0aXRpYWwiLCJ2ZXJzaW9uIjpudWxsfSwidGZ3X3R3ZWV0X3Jlc3VsdF9taWdyYXRpb25fMTM5NzkiOnsiYnVja2V0IjoidHdlZXRfcmVzdWx0IiwidmVyc2lvbiI6bnVsbH19&amp;frame=false&amp;hideCard=false&amp;hideThread=false&amp;id=1531667831548526595&amp;lang=es&amp;origin=https%3A%2F%2Fpasenyvean.cadena3.com%2Fnoticia.asp%3Fcategoria%3Dpasen-y-vean%26titulo%3Dun-insolito-error-en-stranger-things-hizo-que-pidan-perdon%26id%3D327048&amp;sessionId=736f56835e55f088844fd167063926cec86b9b1a&amp;siteScreenName=Cadena3Com&amp;theme=light&amp;widgetsVersion=b45a03c79d4c1%3A1654150928467&amp;width=550px\" frameborder=\"0\" scrolling=\"no\" allowfullscreen=\"allowfullscreen\" data-tweet-id=\"1531667831548526595\" data-mce-fragment=\"1\"><\/iframe><\/div>\n<p>&nbsp;<\/p>\n<p>Muchos fan\u00e1ticos empezaron a tejer teor\u00edas de lo que pod\u00eda significar lo ocurrido, pero los hermanos Duffer, creadores de la serie, desterraron cualquier posibilidad y admitieron que se trat\u00f3 de una equivocaci\u00f3n.<\/p>\n<p>\u00abLa respuesta honesta es que al igual que los personajes en la serie,\u00a0<b>nosotros tambi\u00e9n nos olvidamos del cumplea\u00f1os de Will<\/b>\u00ab, brome\u00f3 Matt Duffer en di\u00e1logo con Variety una semana despu\u00e9s del lanzamiento.<\/p>\n<p><iframe title=\"YouTube video player\" src=\"https:\/\/www.youtube.com\/embed\/m7ccdln9MOI\" width=\"560\" height=\"315\" frameborder=\"0\" allowfullscreen=\"allowfullscreen\" data-mce-fragment=\"1\"><\/iframe><\/p>\n<p>\u00ab\u00a1<b>Hace seis a\u00f1os escribimos esa fecha<\/b>!\u00a0<b>George R.R. Martin\u00a0<\/b>(autor de los libros de Game of Thrones) y\u00a0<b>Stephen King\u00a0<\/b>tienen a una persona que mantiene la consistencia entre todo lo que escriben. Nosotros no tenemos eso y lo necesitamos\u00bb, se sinceraron en tono jocoso.<\/p>\n<p>Finalmente, dijeron que le piden perd\u00f3n a los fans porque fue \u00abun error\u00bb y lo sienten. Apuntaron que las dificultades de producci\u00f3n muchas veces llevan a estas equivocaciones.<\/p>\n<p>Adem\u00e1s, Matt cont\u00f3 que est\u00e1n debatiendo si cambiar la fecha del cumplea\u00f1os o dejarlo como un olvido triste que sucede en la trama.\u00a0\u00a0\u00abEstamos pensando en que el cumplea\u00f1os pase a ser el 22 de mayo, por que podr\u00edamos reemplazar un mes por otro cuando Winona (Ryder) lo dice en la segunda temporada\u00bb, a\u00f1adi\u00f3 Ross Duffer.<\/p>\n<p>Stranger Things estren\u00f3 la primera parte de su cuarta temporada y ya es un \u00e9xito mundial en Netflix.\u00a0 El final de esta etapa de la serie llegar\u00e1 con dos episodios que estrenar\u00e1n el 1 de julio. El \u00faltimo tiene dos horas y media de duraci\u00f3n.<\/p>\n","protected":false},"excerpt":{"rendered":"<p>Stranger Things es una de las series que m\u00e1s costo tienen para producirse y la serie de Netflix implica el trabajo de much\u00edsimas personas. Pero eso no la hace permeable a posibles errores en la ficci\u00f3n, como uno que tuvo lugar en la nueva temporada por el que sus creadores\u00a0tuvieron que salir a pedir disculpas. &hellip;<\/p>\n","protected":false},"author":1,"featured_media":4888,"comment_status":"open","ping_status":"open","sticky":false,"template":"","format":"standard","meta":{"footnotes":""},"categories":[50],"tags":[],"class_list":["post-4887","post","type-post","status-publish","format-standard","has-post-thumbnail","hentry","category-entretenimiento"],"_links":{"self":[{"href":"https:\/\/radiobeat97.com.ar\/beat\/wp-json\/wp\/v2\/posts\/4887","targetHints":{"allow":["GET"]}}],"collection":[{"href":"https:\/\/radiobeat97.com.ar\/beat\/wp-json\/wp\/v2\/posts"}],"about":[{"href":"https:\/\/radiobeat97.com.ar\/beat\/wp-json\/wp\/v2\/types\/post"}],"author":[{"embeddable":true,"href":"https:\/\/radiobeat97.com.ar\/beat\/wp-json\/wp\/v2\/users\/1"}],"replies":[{"embeddable":true,"href":"https:\/\/radiobeat97.com.ar\/beat\/wp-json\/wp\/v2\/comments?post=4887"}],"version-history":[{"count":1,"href":"https:\/\/radiobeat97.com.ar\/beat\/wp-json\/wp\/v2\/posts\/4887\/revisions"}],"predecessor-version":[{"id":4889,"href":"https:\/\/radiobeat97.com.ar\/beat\/wp-json\/wp\/v2\/posts\/4887\/revisions\/4889"}],"wp:featuredmedia":[{"embeddable":true,"href":"https:\/\/radiobeat97.com.ar\/beat\/wp-json\/wp\/v2\/media\/4888"}],"wp:attachment":[{"href":"https:\/\/radiobeat97.com.ar\/beat\/wp-json\/wp\/v2\/media?parent=4887"}],"wp:term":[{"taxonomy":"category","embeddable":true,"href":"https:\/\/radiobeat97.com.ar\/beat\/wp-json\/wp\/v2\/categories?post=4887"},{"taxonomy":"post_tag","embeddable":true,"href":"https:\/\/radiobeat97.com.ar\/beat\/wp-json\/wp\/v2\/tags?post=4887"}],"curies":[{"name":"wp","href":"https:\/\/api.w.org\/{rel}","templated":true}]}}