{"id":4918,"date":"2022-06-23T11:32:22","date_gmt":"2022-06-23T11:32:22","guid":{"rendered":"http:\/\/www.radiobeat97.com.ar\/beat\/?p=4918"},"modified":"2022-06-23T11:32:22","modified_gmt":"2022-06-23T11:32:22","slug":"incendios-la-importancia-de-trabajar-en-la-prevencion","status":"publish","type":"post","link":"https:\/\/radiobeat97.com.ar\/beat\/incendios-la-importancia-de-trabajar-en-la-prevencion\/","title":{"rendered":"Incendios: la importancia de trabajar en la prevenci\u00f3n"},"content":{"rendered":"<ul>\n<li><strong>El secretario de Gesti\u00f3n de Riesgo Clim\u00e1tico y Cat\u00e1strofe de la Provincia, Claudio Vignetta, cuenta qu\u00e9 implica el Estado de Alerta Ambiental.<\/strong><\/li>\n<li><strong>Adem\u00e1s, brinda algunas claves para evitar los incendios forestales.<\/strong><\/li>\n<li><strong><em>\u201cMientras m\u00e1s trabajemos el antes, vamos a estar mucho mejor en el durante y en el despu\u00e9s\u201d<\/em>, destaca Vignetta.<\/strong><\/li>\n<\/ul>\n<p>El oto\u00f1o viene acompa\u00f1ado de descensos de temperatura y de una notable disminuci\u00f3n de lluvias, de ah\u00ed que estos meses del a\u00f1o se consideran el puntapi\u00e9 inicial a la llamada \u201cestaci\u00f3n seca\u201d. En este contexto, el gobernador Juan Schiaretti firm\u00f3 el Decreto N\u00b0 512 que establece el\u00a0<a href=\"https:\/\/prensa.cba.gov.ar\/informacion-general\/comienza-a-regir-la-emergencia-ambiental-en-toda-la-provincia\/\" target=\"_blank\" rel=\"noreferrer noopener\">Estado de Alerta Ambiental<\/a>\u00a0entre el 1 de junio y el 31 de diciembre de 2022.<\/p>\n<p>\u00bfQu\u00e9 implica este decreto? El secretario de Gesti\u00f3n de Riesgo de la Provincia, Claudio Vignetta, as\u00ed lo explica:\u00a0<em>\u201cConsiste en reforzar la prohibici\u00f3n de encendido de fuego. En C\u00f3rdoba est\u00e1 prohibido hacer fuego los 365 d\u00edas del a\u00f1o, pero hay una excepci\u00f3n: a partir del 1 de enero y hasta el 1 de junio el Plan Provincial de Manejo del Fuego puede autorizar quemas prescritas o controladas para bajar la carga combustible (material vegetal seco)\u201d.<\/em><\/p>\n<figure class=\"wp-block-audio\"><audio src=\"https:\/\/prensa.cba.gov.ar\/wp-content\/uploads\/2022\/06\/Claudio-Vignetta-Incendios.mp3\" controls=\"controls\" data-mce-fragment=\"1\"><\/audio><figcaption><strong><em>Audio:\u00a0<\/em><\/strong>Claudio Vignetta<\/figcaption><\/figure>\n<p>\u201c<em>A partir de la firma del 1 de junio se corta esa excepci\u00f3n<\/em>\u201d, aclara el funcionario, y remarca que desde esa fecha tambi\u00e9n se agravan las penas para las personas que inicien fuego y provoquen un incendio. Penas que pueden ir de seis meses a cinco a\u00f1os, si es que no hay agravantes como el fallecimiento de una persona o si se quema una propiedad.<\/p>\n<p>Para entender un poco m\u00e1s la gravedad del asunto y lo importante que es la prevenci\u00f3n, se conoci\u00f3 que C\u00f3rdoba est\u00e1 entre los 10 lugares del mundo con mayor incidencia de incendios forestales.<\/p>\n<p>Claudio Vignetta explica a qu\u00e9 se debe la presencia de nuestro territorio en ese listado: \u201c<em>Es a causa de la carga combustible que tiene la Provincia y a las condiciones del clima. La persistencia de la sequ\u00eda, el tipo de material que se quema y las condiciones de orograf\u00eda hacen que seamos unas de las provincias con mayor riesgo de incendios forestales<\/em>\u201d.<\/p>\n<h3><strong>Temporada de riesgo de incendio<\/strong><\/h3>\n<p>De acuerdo a lo que mencionamos antes, la temporada de riesgo de incendios forestales es del 1 de junio y hasta el 31 de diciembre. \u00bfQu\u00e9 nos indica que estamos ingresando en esa etapa m\u00e1s all\u00e1 de la fecha?<\/p>\n<p>\u201c<em>Las primeras heladas, que llevan a que la planta se deshidrate r\u00e1pidamente y se seque. Cuando vemos que la pastura pasa de verde al amarillo ya estamos entreando en un riesgo alto de incendios forestales. Lo m\u00e1s cr\u00edtico es agosto y septiembre, meses de mucho viento y donde la temperatura sube\u201d<\/em>.<\/p>\n<p><iframe title=\"YouTube video player\" src=\"https:\/\/www.youtube.com\/embed\/P3Fa15T0NtA\" width=\"560\" height=\"315\" frameborder=\"0\" allowfullscreen=\"allowfullscreen\" data-mce-fragment=\"1\"><\/iframe><\/p>\n<h3><strong>Recomendaciones<\/strong><\/h3>\n<p>Como estamos dando los primeros pasos dentro de esta cr\u00edtica temporada, es importante tomar en cuenta las recomendaciones de los profesionales para evitar los incendios.<\/p>\n<p>\u201c<em>Lo m\u00e1s importante es que se entienda que en C\u00f3rdoba est\u00e1 prohibido hacer fuego. Por lo tanto, no se puede quemar poda ni basura. Hay que tener cuidado cuando se sacan las brasas de las estufas, con las cocinas de le\u00f1a que est\u00e1n a la intemperie y con los hornos de barro<\/em>\u201d, enumera Vignetta en base a su experiencia sobre las formas en que se han generado incendios en el pasado.<\/p>\n<p>Adem\u00e1s, el secretario de Gesti\u00f3n de Riesgo explica que ante una columna de humo inmediatamente hay que dar aviso a las autoridades.\u00a0<strong>Los n\u00fameros para tal fin son 911 (Polic\u00eda), 100 (Bomberos) o al 0800-888-38346 (todos gratuitos).<\/strong><\/p>\n<p>\u201c<em>Cuando se avisa r\u00e1pido, se responde r\u00e1pido y el incendio no toma una din\u00e1mica propia y lo podemos combatir mucho m\u00e1s r\u00e1pido<\/em>\u201d, se\u00f1ala.<\/p>\n<p>A la vez que suma una recomendaci\u00f3n m\u00e1s: \u201c<em>Es fundamental el compromiso de los vecinos de cuidar su propia parcela. Si yo cuido mi casa, corto la pastura de alrededor para que no ingrese el fuego, hay una gran diferencia si se dan incendios forestales<\/em>\u201d.<\/p>\n<h3><strong>El trabajo para evitar los incendios<\/strong><\/h3>\n<p>Claudio Vignetta subraya que \u201c<em>la Provincia est\u00e1 haciendo un gran esfuerzo para evitar los incendios forestales y trabajando mucho en el antes<\/em>\u201d.<\/p>\n<p>Ejemplo de lo anterior son los\u00a0<a href=\"https:\/\/prensa.cba.gov.ar\/informacion-general\/avanza-la-elaboracion-de-mapas-de-riesgo-local-para-combatir-incendios\/\">Mapas de<\/a><a href=\"https:\/\/prensa.cba.gov.ar\/informacion-general\/avanza-la-elaboracion-de-mapas-de-riesgo-local-para-combatir-incendios\/\" target=\"_blank\" rel=\"noreferrer noopener\">\u00a0Riesgo<\/a>. Se trata de representaciones cartogr\u00e1ficas que permiten visualizar la distribuci\u00f3n de determinados riesgos de desastre en un territorio espec\u00edfico. Surgen de la combinaci\u00f3n de mapas de amenaza y de vulnerabilidad.<\/p>\n<p>Tambi\u00e9n es muy importante la participaci\u00f3n del Equipo T\u00e9cnico de Acci\u00f3n ante Cat\u00e1strofes de C\u00f3rdoba (ETAC), que\u00a0<a href=\"https:\/\/prensa.cba.gov.ar\/informacion-general\/cordoba-suma-280-efectivos-a-su-equipo-tecnico-de-accion-ante-catastrofes\/\" target=\"_blank\" rel=\"noreferrer noopener\">en la actualidad cuenta con 700 efectivos.<\/a><\/p>\n<p>\u201c<em>El ETAC est\u00e1 haciendo un gran trabajo en el proceso de prevenci\u00f3n. Sabemos que los incendios surgen en general en los mismos lugares, entonces el trabajo que est\u00e1 haciendo el Equipo es salir a patrullar durante el d\u00eda, en las horas de mayor riesgo de incendios forestales, para visualizar columnas de humo<\/em>\u201d, explica Vignetta.<\/p>\n<p>Y ampl\u00eda: \u201c<em>Lo que estamos haciendo son los famosos puestos vig\u00edas. Adem\u00e1s de los que instalamos en los cuarteles de Bomberos Voluntarios, tenemos los puestos de vig\u00edas m\u00f3viles que son nuestros equipos de ETAC<\/em>\u201d.<\/p>\n<h3><strong>C\u00f3mo se prepara la Provincia<\/strong><\/h3>\n<p>El secretario de Gesti\u00f3n de Riesgo de la Provincia cuenta que est\u00e1n trabajando en conjunto con los Bomberos Voluntarios, \u201c<em>que son la columna vertebral de la protecci\u00f3n civil<\/em>\u201d y \u201c<em>los m\u00e1s capacitados de la Rep\u00fablica Argentina<\/em>\u201d.<\/p>\n<p>\u201c<em>Estamos entregando subsidios de casi $1.300.000 a cada uno de los 185 cuarteles de voluntarios, adem\u00e1s de material y equipamiento. Un ejemplo son los kits forestales, herramientas de ataque r\u00e1pido que se ponen en una camionetas 4\u00d74 y as\u00ed se ingresa a zonas que los camiones no pueden<\/em>\u201d, detalla el funcionario.<\/p>\n<p>Tambi\u00e9n se est\u00e1n entregando cascos, antiparras y mochilas forestales, productos normados internacionalmente. Gran parte de ellos comprados a Espa\u00f1a y Estados Unidos, dos pa\u00edses que son referencia en este tipo de equipamiento.<\/p>\n<p>Claudio Vignetta adelanta que \u201c<em>se est\u00e1 trabajando<\/em>\u00a0<em>en un subsidio de 20 millones para comprar equipamiento para nuestros bomberos como venimos haciendo todos los a\u00f1os<\/em>\u201d.<\/p>\n<p>Tambi\u00e9n destaca la compra que hizo la Provincia de un helic\u00f3ptero de \u00faltima generaci\u00f3n que puede trasladar a casi 10 brigadistas. Sumado a que en este momento la Direcci\u00f3n Provincial Aeron\u00e1utica cuenta con 11 aeronaves disponibles para la temporada de incendios.<\/p>\n<p>\u201c<em>C\u00f3rdoba es una provincia que tiene una pol\u00edtica continuada en el tiempo con relaci\u00f3n al trabajo en los incendios forestales. Mientras m\u00e1s trabajemos el antes, vamos a estar mucho mejor en el durante y en el despu\u00e9s<\/em>\u201d, cierra.<\/p>\n<p>*Foto de archivo<\/p>\n","protected":false},"excerpt":{"rendered":"<p>El secretario de Gesti\u00f3n de Riesgo Clim\u00e1tico y Cat\u00e1strofe de la Provincia, Claudio Vignetta, cuenta qu\u00e9 implica el Estado de Alerta Ambiental. Adem\u00e1s, brinda algunas claves para evitar los incendios forestales. \u201cMientras m\u00e1s trabajemos el antes, vamos a estar mucho mejor en el durante y en el despu\u00e9s\u201d, destaca Vignetta. El oto\u00f1o viene acompa\u00f1ado de &hellip;<\/p>\n","protected":false},"author":5,"featured_media":4919,"comment_status":"open","ping_status":"open","sticky":false,"template":"","format":"standard","meta":{"footnotes":""},"categories":[48],"tags":[],"class_list":["post-4918","post","type-post","status-publish","format-standard","has-post-thumbnail","hentry","category-info-general"],"_links":{"self":[{"href":"https:\/\/radiobeat97.com.ar\/beat\/wp-json\/wp\/v2\/posts\/4918","targetHints":{"allow":["GET"]}}],"collection":[{"href":"https:\/\/radiobeat97.com.ar\/beat\/wp-json\/wp\/v2\/posts"}],"about":[{"href":"https:\/\/radiobeat97.com.ar\/beat\/wp-json\/wp\/v2\/types\/post"}],"author":[{"embeddable":true,"href":"https:\/\/radiobeat97.com.ar\/beat\/wp-json\/wp\/v2\/users\/5"}],"replies":[{"embeddable":true,"href":"https:\/\/radiobeat97.com.ar\/beat\/wp-json\/wp\/v2\/comments?post=4918"}],"version-history":[{"count":1,"href":"https:\/\/radiobeat97.com.ar\/beat\/wp-json\/wp\/v2\/posts\/4918\/revisions"}],"predecessor-version":[{"id":4920,"href":"https:\/\/radiobeat97.com.ar\/beat\/wp-json\/wp\/v2\/posts\/4918\/revisions\/4920"}],"wp:featuredmedia":[{"embeddable":true,"href":"https:\/\/radiobeat97.com.ar\/beat\/wp-json\/wp\/v2\/media\/4919"}],"wp:attachment":[{"href":"https:\/\/radiobeat97.com.ar\/beat\/wp-json\/wp\/v2\/media?parent=4918"}],"wp:term":[{"taxonomy":"category","embeddable":true,"href":"https:\/\/radiobeat97.com.ar\/beat\/wp-json\/wp\/v2\/categories?post=4918"},{"taxonomy":"post_tag","embeddable":true,"href":"https:\/\/radiobeat97.com.ar\/beat\/wp-json\/wp\/v2\/tags?post=4918"}],"curies":[{"name":"wp","href":"https:\/\/api.w.org\/{rel}","templated":true}]}}