{"id":4948,"date":"2022-07-04T11:59:19","date_gmt":"2022-07-04T11:59:19","guid":{"rendered":"http:\/\/www.radiobeat97.com.ar\/beat\/?p=4948"},"modified":"2022-07-04T11:59:19","modified_gmt":"2022-07-04T11:59:19","slug":"luces-lo-nuevo-de-paulo-londra","status":"publish","type":"post","link":"https:\/\/radiobeat97.com.ar\/beat\/luces-lo-nuevo-de-paulo-londra\/","title":{"rendered":"Luces, lo nuevo de Paulo Londra"},"content":{"rendered":"<article class=\"col-lg-12 notinoti v2c\">El cantante y compositor <b>Paulo Londra<\/b>\u00a0lanza \u201c<b>Luces<\/b>\u201d un EP que incluye dos canciones. Luego de dos a\u00f1os de silencio por el conflicto legal con sus ex productores, el artista presenta este nuevo EP que incluye los temas \u201cNublado\u201d, un corte con aires de pop punk, y \u201c<b>Luces<\/b>\u201d, una canci\u00f3n con una impronta electr\u00f3nica bailable.<\/p>\n<p>Tras la edici\u00f3n en marzo pasado de \u201cPlan A\u201d y pocas semanas despu\u00e9s de \u201cChance\u201d, que marcaron su regreso a la escena\u00a0<b>Paulo Londra<\/b>\u00a0sorprende en las \u00faltimas horas con un doble lanzamiento acompa\u00f1ado de sus videoclips.<\/p>\n<p>En primer t\u00e9rmino, el artista que ante cada publicaci\u00f3n suma en pocos minutos miles de reproducciones, presenta \u201c<b>Nublado<\/b>\u201d, un corte cuyo video fue dirigido por Agust\u00edn Porte. Se lo ve a\u00a0<b>Londra<\/b>\u00a0vestido como un alumno de un colegio privado que asiste a una prueba de talentos, en la que llegado su turno provoca el delirio de los presentes, incluido el jurado.<\/p>\n<p>Minutos despu\u00e9s, el propio m\u00fasico celebr\u00f3 este nuevo corte a trav\u00e9s de un TikTok Live y aprovech\u00f3 la ocasi\u00f3n para anunciar otro estreno titulado \u201c<b>Luces<\/b>\u201d.<\/p>\n<p>En este caso, se trata de una canci\u00f3n con una impronta electr\u00f3nica bailable que cuenta con un video en donde se lo ve a Londra como un camarero de un boliche que toma por asalto la cabina del DJ y anima a los presente.<\/p>\n<p>De esta manera, el cordob\u00e9s consolida esta nueva etapa de su carrera en la que busca recuperar el tiempo perdido en medio de batallas judiciales que lo mantuvieron alejado de su carrera.<\/p>\n<p><iframe title=\"Paulo Londra - Nublado (Official Video)\" width=\"500\" height=\"281\" src=\"https:\/\/www.youtube.com\/embed\/8s_edTC0FYM?feature=oembed\" frameborder=\"0\" allow=\"accelerometer; autoplay; clipboard-write; encrypted-media; gyroscope; picture-in-picture; web-share\" referrerpolicy=\"strict-origin-when-cross-origin\" allowfullscreen><\/iframe><\/p>\n<\/article>\n<div id=\"c-tres\"><\/div>\n<div class=\"video\">\n<div class=\"artista1 artista\">\n<div class=\"col-md-12 bio\">\n<p>fuente cmtv.com.ar<\/p>\n<div class=\"video-youtube\">\n<div class=\"suscribirse\"><\/div>\n<\/div>\n<\/div>\n<\/div>\n<\/div>\n","protected":false},"excerpt":{"rendered":"<p>El cantante y compositor Paulo Londra\u00a0lanza \u201cLuces\u201d un EP que incluye dos canciones. Luego de dos a\u00f1os de silencio por el conflicto legal con sus ex productores, el artista presenta este nuevo EP que incluye los temas \u201cNublado\u201d, un corte con aires de pop punk, y \u201cLuces\u201d, una canci\u00f3n con una impronta electr\u00f3nica bailable. Tras &hellip;<\/p>\n","protected":false},"author":5,"featured_media":4949,"comment_status":"open","ping_status":"open","sticky":false,"template":"","format":"standard","meta":{"footnotes":""},"categories":[46],"tags":[],"class_list":["post-4948","post","type-post","status-publish","format-standard","has-post-thumbnail","hentry","category-musica"],"_links":{"self":[{"href":"https:\/\/radiobeat97.com.ar\/beat\/wp-json\/wp\/v2\/posts\/4948","targetHints":{"allow":["GET"]}}],"collection":[{"href":"https:\/\/radiobeat97.com.ar\/beat\/wp-json\/wp\/v2\/posts"}],"about":[{"href":"https:\/\/radiobeat97.com.ar\/beat\/wp-json\/wp\/v2\/types\/post"}],"author":[{"embeddable":true,"href":"https:\/\/radiobeat97.com.ar\/beat\/wp-json\/wp\/v2\/users\/5"}],"replies":[{"embeddable":true,"href":"https:\/\/radiobeat97.com.ar\/beat\/wp-json\/wp\/v2\/comments?post=4948"}],"version-history":[{"count":1,"href":"https:\/\/radiobeat97.com.ar\/beat\/wp-json\/wp\/v2\/posts\/4948\/revisions"}],"predecessor-version":[{"id":4950,"href":"https:\/\/radiobeat97.com.ar\/beat\/wp-json\/wp\/v2\/posts\/4948\/revisions\/4950"}],"wp:featuredmedia":[{"embeddable":true,"href":"https:\/\/radiobeat97.com.ar\/beat\/wp-json\/wp\/v2\/media\/4949"}],"wp:attachment":[{"href":"https:\/\/radiobeat97.com.ar\/beat\/wp-json\/wp\/v2\/media?parent=4948"}],"wp:term":[{"taxonomy":"category","embeddable":true,"href":"https:\/\/radiobeat97.com.ar\/beat\/wp-json\/wp\/v2\/categories?post=4948"},{"taxonomy":"post_tag","embeddable":true,"href":"https:\/\/radiobeat97.com.ar\/beat\/wp-json\/wp\/v2\/tags?post=4948"}],"curies":[{"name":"wp","href":"https:\/\/api.w.org\/{rel}","templated":true}]}}