{"id":4951,"date":"2022-07-05T10:57:23","date_gmt":"2022-07-05T10:57:23","guid":{"rendered":"http:\/\/www.radiobeat97.com.ar\/beat\/?p=4951"},"modified":"2022-07-05T10:57:23","modified_gmt":"2022-07-05T10:57:23","slug":"vacaciones-de-invierno-en-el-teatro-ciudad-de-las-artes","status":"publish","type":"post","link":"https:\/\/radiobeat97.com.ar\/beat\/vacaciones-de-invierno-en-el-teatro-ciudad-de-las-artes\/","title":{"rendered":"Vacaciones de invierno en el Teatro Ciudad de las Artes"},"content":{"rendered":"<ul>\n<li><strong>Este mes se presenta una nueva edici\u00f3n del tradicional ciclo: \u00a1Vacaciones en la Ciudad!<\/strong><\/li>\n<li><strong>La propuesta abarca una amplia oferta de espect\u00e1culos infantiles para divertirse en familia durante el receso invernal.<\/strong><\/li>\n<li><strong>Adem\u00e1s, habr\u00e1 humor, danza y m\u00fasica para los m\u00e1s grandes.<\/strong><\/li>\n<\/ul>\n<p>Durante el mes de julio, el\u00a0<strong>Teatro Ciudad de las Artes de la Universidad Provincial de C\u00f3rdoba<\/strong>\u00a0presenta una\u00a0<strong>nueva edici\u00f3n del tradicional ciclo: \u00a1Vacaciones en la Ciudad!\u00a0<\/strong>con una amplia oferta de espect\u00e1culos infantiles para divertirse en familia durante el receso invernal.<\/p>\n<p>La cartelera incluye adem\u00e1s propuestas de\u00a0<strong>humor, danza y m\u00fasica<\/strong>\u00a0para los m\u00e1s grandes.<\/p>\n<p>Los espectadores podr\u00e1n disfrutar de un teatro renovado con nuevas consolas de sonido e iluminaci\u00f3n: tecnolog\u00eda de \u00faltima generaci\u00f3n utilizada en los principales teatros de Am\u00e9rica.<\/p>\n<figure class=\"wp-block-gallery columns-3 is-cropped\">\n<ul class=\"blocks-gallery-grid\">\n<li class=\"blocks-gallery-item\">\n<figure><img fetchpriority=\"high\" decoding=\"async\" class=\"wp-image-506044\" src=\"https:\/\/prensa.cba.gov.ar\/wp-content\/uploads\/2022\/07\/Erase-una-Vez.-UPC-1.jpg\" alt=\"\" width=\"794\" height=\"791\" data-id=\"506044\" data-link=\"https:\/\/prensa.cba.gov.ar\/?attachment_id=506044\" \/><\/figure>\n<\/li>\n<li class=\"blocks-gallery-item\">\n<figure><img decoding=\"async\" class=\"wp-image-506045\" src=\"https:\/\/prensa.cba.gov.ar\/wp-content\/uploads\/2022\/07\/cuadrada-ROTOS-DE-AMOR-300x300-2.jpg\" alt=\"\" width=\"300\" height=\"300\" data-id=\"506045\" data-link=\"https:\/\/prensa.cba.gov.ar\/?attachment_id=506045\" \/><\/figure>\n<\/li>\n<li class=\"blocks-gallery-item\">\n<figure><img decoding=\"async\" class=\"wp-image-506046\" src=\"https:\/\/prensa.cba.gov.ar\/wp-content\/uploads\/2022\/07\/laescuelaACADEM-300x300-2.jpg\" alt=\"\" width=\"300\" height=\"300\" data-id=\"506046\" data-link=\"https:\/\/prensa.cba.gov.ar\/?attachment_id=506046\" \/><\/figure>\n<\/li>\n<\/ul>\n<\/figure>\n<h3>Cartelera Infantil<\/h3>\n<p><strong>\u00a0\u00abEl Conde Dr\u00e1scula<\/strong>\u00ab<\/p>\n<ul>\n<li>Teatro<\/li>\n<li>S\u00e1b. 9 y Dom. 10 \u250217:00 hs \u2502Sala Menor<\/li>\n<li>Mi\u00e9r. 20 y Jue. 21 \u250216:00 y 18:00 hs\u2502Sala Menor<\/li>\n<\/ul>\n<p><strong>\u00abPlin Plin<\/strong>\u00ab<\/p>\n<ul>\n<li>Teatro<\/li>\n<li>Mar. 12 Julio \u250215:00 hs. \u2502Sala Mayor<\/li>\n<\/ul>\n<p><strong>\u00abF\u00e1brica de monstruos t\u00edteres<\/strong>\u00ab<\/p>\n<ul>\n<li>Teatro de t\u00edteres<\/li>\n<li>Mi\u00e9. 13 Julio \u2502 16:00 hs y 18:00 hs\u00a0 \u2502Sala Menor<\/li>\n<\/ul>\n<p><strong>\u00a0\u00abCenicienta, el musical infantil<\/strong>\u00ab<\/p>\n<ul>\n<li>Musical<\/li>\n<li>Mi\u00e9. 13 al Dom. 17 y\u00a0 del Mie. 20 al Dom. 24 Julio \u2502\u00a017:00 hs \u00a0\u2502Sala Mayor<\/li>\n<\/ul>\n<p><strong>\u00abUna pel\u00edcula a la vueklta de la manzana\u00bb<\/strong><\/p>\n<ul>\n<li>Teatro<\/li>\n<li>Jue. 14 Julio \u2502<strong>\u00a0<\/strong>16:00 hs\u00a0 y 18:00 hs\u00a0 \u2502Sala Menor<\/li>\n<\/ul>\n<p><strong>\u00abTatite\u00bb<\/strong><\/p>\n<ul>\n<li>Teatro<\/li>\n<li>Vie. 15 y 22 Julio \u2502 11:00 hs y 15:00 hs \u2502 Sala Mayor<\/li>\n<\/ul>\n<p><strong>\u00abEl peque\u00f1o circo m\u00e1s grande del mundo\u00bb<\/strong><\/p>\n<ul>\n<li>Teatro<\/li>\n<li>Vie. 15 Julio \u250216:00 hs y 18:00 hs \u2502Sala Menor<\/li>\n<\/ul>\n<p><strong>\u00abVen\u00ed a jugar con Alhel\u00ed\u00bb<\/strong><\/p>\n<ul>\n<li>Teatro<\/li>\n<li>S\u00e1b. 16 y Dom. 17 Julio \u2502\u00a016:00 y 18:00 hs \u00a0\u2502Sala Menor<\/li>\n<\/ul>\n<p><strong>\u00abEl mundo de Jimena\u00bb<\/strong><\/p>\n<ul>\n<li>Teatro<\/li>\n<li>Vie. 22 Julio \u2502\u00a0 16:00 hs\u00a0 y\u00a0 18 hs \u00a0 \u2502Sala Menor<\/li>\n<\/ul>\n<p><strong>\u00a0\u00abEl Lobo Rodrigo \u2013 T\u00edteres<\/strong>\u00ab<\/p>\n<ul>\n<li>Teatro de t\u00edteres<\/li>\n<li>S\u00e1b. 23 Julio \u250216:00hs. y 18:00 hs \u2502Sala Menor<\/li>\n<\/ul>\n<p><strong>\u00ab\u00c9rase una vez tres historias cortas\u00bb<\/strong><\/p>\n<ul>\n<li>Teatro<\/li>\n<li>Dom. 24 de\u00a0 Julio\u00a0 \u2502\u00a0 16:00 hs y 18:00 hs \u00a0 \u2502Sala Menor<\/li>\n<\/ul>\n<h3><strong>Cartelera Adultos<\/strong><\/h3>\n<p><strong>\u201cCelebramos 15 a\u00f1os \u2013 Academia La Escuela\u00bb<\/strong><\/p>\n<ul>\n<li>Danza y otras artes<\/li>\n<li>Mi\u00e9. 6 Julio \u250220:00 hs \u00a0 \u2502Sala Mayor<\/li>\n<\/ul>\n<p><strong>\u00abRotos de Amor<\/strong>\u00ab<\/p>\n<ul>\n<li>Teatro<\/li>\n<li>S\u00e1b. 9 Julio \u2502 21: 00 hs\u00a0 y\u00a0 Dom. 10 julio\u00a0\u2502 20 :00 hs \u00a0\u2502Sala Mayor<\/li>\n<\/ul>\n<p><strong>Para conocer m\u00e1s detalles de la agenda ingresar\u00a0<\/strong><a href=\"https:\/\/upc.edu.ar\/veni-a-disfrutar-julio-en-el-teatro-ciudad-de-las-artes-de-la-upc\/\" target=\"_blank\" rel=\"noreferrer noopener\"><strong>AQU\u00cd<\/strong><\/a>.<\/p>\n","protected":false},"excerpt":{"rendered":"<p>Este mes se presenta una nueva edici\u00f3n del tradicional ciclo: \u00a1Vacaciones en la Ciudad! La propuesta abarca una amplia oferta de espect\u00e1culos infantiles para divertirse en familia durante el receso invernal. Adem\u00e1s, habr\u00e1 humor, danza y m\u00fasica para los m\u00e1s grandes. Durante el mes de julio, el\u00a0Teatro Ciudad de las Artes de la Universidad Provincial &hellip;<\/p>\n","protected":false},"author":5,"featured_media":4952,"comment_status":"open","ping_status":"open","sticky":false,"template":"","format":"standard","meta":{"footnotes":""},"categories":[50,48],"tags":[],"class_list":["post-4951","post","type-post","status-publish","format-standard","has-post-thumbnail","hentry","category-entretenimiento","category-info-general"],"_links":{"self":[{"href":"https:\/\/radiobeat97.com.ar\/beat\/wp-json\/wp\/v2\/posts\/4951","targetHints":{"allow":["GET"]}}],"collection":[{"href":"https:\/\/radiobeat97.com.ar\/beat\/wp-json\/wp\/v2\/posts"}],"about":[{"href":"https:\/\/radiobeat97.com.ar\/beat\/wp-json\/wp\/v2\/types\/post"}],"author":[{"embeddable":true,"href":"https:\/\/radiobeat97.com.ar\/beat\/wp-json\/wp\/v2\/users\/5"}],"replies":[{"embeddable":true,"href":"https:\/\/radiobeat97.com.ar\/beat\/wp-json\/wp\/v2\/comments?post=4951"}],"version-history":[{"count":1,"href":"https:\/\/radiobeat97.com.ar\/beat\/wp-json\/wp\/v2\/posts\/4951\/revisions"}],"predecessor-version":[{"id":4953,"href":"https:\/\/radiobeat97.com.ar\/beat\/wp-json\/wp\/v2\/posts\/4951\/revisions\/4953"}],"wp:featuredmedia":[{"embeddable":true,"href":"https:\/\/radiobeat97.com.ar\/beat\/wp-json\/wp\/v2\/media\/4952"}],"wp:attachment":[{"href":"https:\/\/radiobeat97.com.ar\/beat\/wp-json\/wp\/v2\/media?parent=4951"}],"wp:term":[{"taxonomy":"category","embeddable":true,"href":"https:\/\/radiobeat97.com.ar\/beat\/wp-json\/wp\/v2\/categories?post=4951"},{"taxonomy":"post_tag","embeddable":true,"href":"https:\/\/radiobeat97.com.ar\/beat\/wp-json\/wp\/v2\/tags?post=4951"}],"curies":[{"name":"wp","href":"https:\/\/api.w.org\/{rel}","templated":true}]}}