{"id":4960,"date":"2022-07-05T11:08:51","date_gmt":"2022-07-05T11:08:51","guid":{"rendered":"http:\/\/www.radiobeat97.com.ar\/beat\/?p=4960"},"modified":"2022-07-05T11:08:51","modified_gmt":"2022-07-05T11:08:51","slug":"vacaciones-de-invierno-en-cordoba-seran-del-11-al-22-de-julio","status":"publish","type":"post","link":"https:\/\/radiobeat97.com.ar\/beat\/vacaciones-de-invierno-en-cordoba-seran-del-11-al-22-de-julio\/","title":{"rendered":"Vacaciones de invierno: En C\u00f3rdoba ser\u00e1n del 11 al 22 de julio"},"content":{"rendered":"<ul>\n<li><strong>El receso invernal de julio alcanza a todos los niveles y modalidades del sistema educativo cordob\u00e9s, tanto en escuelas estatales como privadas.\u00a0<\/strong><\/li>\n<li><strong>La finalizaci\u00f3n del ciclo lectivo ser\u00e1 el 19 de diciembre de 2022.\u00a0<\/strong><\/li>\n<\/ul>\n<p>El primer cuatrimestre de clases en la provincia de C\u00f3rdoba llega a su fin y el Ministerio de Educaci\u00f3n recuerda que, entre el<strong>\u00a011 y el 22 de julio,\u00a0<\/strong>tendr\u00e1 lugar el receso escolar de invierno para los niveles inicial, primario, secundario, superior y modalidades en escuelas de gesti\u00f3n estatal y privada<strong>.<\/strong><\/p>\n<p>De esta manera, a partir del lunes 25 de julio dar\u00e1 comienzo al segundo cuatrimestre del presente ciclo lectivo que, para el nivel superior, culminar\u00e1 el 25 de noviembre. En tanto, para las escuelas de r\u00e9gimen com\u00fan que tengan servicio educativo para los niveles inicial, primario, secundario y modalidades, concluir\u00e1 el 19 de diciembre pr\u00f3ximo.<\/p>\n<p>Asimismo, aquellas escuelas que se encuentran contempladas en el r\u00e9gimen especial (alta monta\u00f1a), iniciar\u00e1n el ciclo lectivo el pr\u00f3ximo 22 de agosto, finalizando su a\u00f1o escolar el 9 de junio de 2023.<\/p>\n<p><strong>Para agendar<\/strong><\/p>\n<p>El calendario escolar continuar\u00e1 de esta manera para lo que resta del a\u00f1o:<\/p>\n<p><strong>R\u00e9gimen com\u00fan<\/strong><\/p>\n<p><strong>11 al 22\/07\/22:<\/strong>\u00a0Receso escolar de invierno.<br \/>\n<strong>19\/12\/22:<\/strong>\u00a0Finalizaci\u00f3n del ciclo lectivo Nivel Inicial, Primario, Secundario y Modalidades.<br \/>\n<strong>20 al 29\/12\/22<\/strong>: Coloquios y ex\u00e1menes previos y equivalentes.<\/p>\n<p><strong>Nivel superior<\/strong><\/p>\n<p><strong>11 al 22\/07\/22:\u00a0<\/strong>Receso Escolar de invierno.<br \/>\n<strong>25\/11\/22:\u00a0<\/strong>Finalizaci\u00f3n del ciclo lectivo.<br \/>\n<strong>28\/11 al 23\/12\/22:\u00a0<\/strong>Ex\u00e1menes y Evaluaci\u00f3n Institucional.<\/p>\n<p><strong>R\u00e9gimen especial:<\/strong><\/p>\n<p><strong>22\/08\/22:\u00a0<\/strong>Inicio del ciclo lectivo.<br \/>\n<strong>19\/12 al 30\/12\/22:\u00a0<\/strong>Receso escolar.<br \/>\n<strong>09\/06\/23:\u00a0<\/strong>Finalizaci\u00f3n del Ciclo.<\/p>\n","protected":false},"excerpt":{"rendered":"<p>El receso invernal de julio alcanza a todos los niveles y modalidades del sistema educativo cordob\u00e9s, tanto en escuelas estatales como privadas.\u00a0 La finalizaci\u00f3n del ciclo lectivo ser\u00e1 el 19 de diciembre de 2022.\u00a0 El primer cuatrimestre de clases en la provincia de C\u00f3rdoba llega a su fin y el Ministerio de Educaci\u00f3n recuerda que, &hellip;<\/p>\n","protected":false},"author":5,"featured_media":4961,"comment_status":"open","ping_status":"open","sticky":false,"template":"","format":"standard","meta":{"footnotes":""},"categories":[48],"tags":[],"class_list":["post-4960","post","type-post","status-publish","format-standard","has-post-thumbnail","hentry","category-info-general"],"_links":{"self":[{"href":"https:\/\/radiobeat97.com.ar\/beat\/wp-json\/wp\/v2\/posts\/4960","targetHints":{"allow":["GET"]}}],"collection":[{"href":"https:\/\/radiobeat97.com.ar\/beat\/wp-json\/wp\/v2\/posts"}],"about":[{"href":"https:\/\/radiobeat97.com.ar\/beat\/wp-json\/wp\/v2\/types\/post"}],"author":[{"embeddable":true,"href":"https:\/\/radiobeat97.com.ar\/beat\/wp-json\/wp\/v2\/users\/5"}],"replies":[{"embeddable":true,"href":"https:\/\/radiobeat97.com.ar\/beat\/wp-json\/wp\/v2\/comments?post=4960"}],"version-history":[{"count":1,"href":"https:\/\/radiobeat97.com.ar\/beat\/wp-json\/wp\/v2\/posts\/4960\/revisions"}],"predecessor-version":[{"id":4962,"href":"https:\/\/radiobeat97.com.ar\/beat\/wp-json\/wp\/v2\/posts\/4960\/revisions\/4962"}],"wp:featuredmedia":[{"embeddable":true,"href":"https:\/\/radiobeat97.com.ar\/beat\/wp-json\/wp\/v2\/media\/4961"}],"wp:attachment":[{"href":"https:\/\/radiobeat97.com.ar\/beat\/wp-json\/wp\/v2\/media?parent=4960"}],"wp:term":[{"taxonomy":"category","embeddable":true,"href":"https:\/\/radiobeat97.com.ar\/beat\/wp-json\/wp\/v2\/categories?post=4960"},{"taxonomy":"post_tag","embeddable":true,"href":"https:\/\/radiobeat97.com.ar\/beat\/wp-json\/wp\/v2\/tags?post=4960"}],"curies":[{"name":"wp","href":"https:\/\/api.w.org\/{rel}","templated":true}]}}