{"id":5003,"date":"2022-07-26T11:13:04","date_gmt":"2022-07-26T11:13:04","guid":{"rendered":"http:\/\/www.radiobeat97.com.ar\/beat\/?p=5003"},"modified":"2022-07-26T11:13:04","modified_gmt":"2022-07-26T11:13:04","slug":"trueno-y-j-balvin-presentan-un-paso","status":"publish","type":"post","link":"https:\/\/radiobeat97.com.ar\/beat\/trueno-y-j-balvin-presentan-un-paso\/","title":{"rendered":"Trueno y J Balvin presentan \u00abUn paso\u00bb"},"content":{"rendered":"<article class=\"col-lg-12 notinoti v2c\">El argentino <b>Trueno<\/b>, uno de los mayores referentes del hip hop de Latinoam\u00e9rica, y el multiplatino y premiado superestrella colombiana,\u00a0<b>J Balvin<\/b>, se unen para el lanzamiento de \u201c<b>Un paso<\/b>\u201d, un tema in\u00e9dito del segundo \u00e1lbum de\u00a0<b>Trueno<\/b>, \u201cBien o mal\u201c. La canci\u00f3n y su video oficial ya est\u00e1n disponibles en todas las plataformas digitales.<\/p>\n<p>Con este nuevo \u00e9xito,\u00a0<b>Trueno<\/b>\u00a0muestra sus habilidades camale\u00f3nicas para adaptarse y prosperar en cualquier g\u00e9nero musical, iniciando \u201c<b>Un paso<\/b>\u201d con unos vigorosos juegos de palabras mientras canta:\u00a0<i>\u201cSi la gente me pide reggaeton, se lo doy\u201d<\/i>. Abriendo el camino para la direcci\u00f3n y la identidad de la canci\u00f3n,\u00a0<b>Trueno<\/b>\u00a0mantiene su promesa mientras se sumerge en un tema m\u00e1s nost\u00e1lgico y repleto de reggaet\u00f3n \u2013 mezclando el ritmo de reggaet\u00f3n familiar de\u00a0<b>J Balvin<\/b>\u00a0con el toque de hip-hop del prodigio argentino. Un pronunciado elemento de bater\u00eda toma r\u00e1pidamente impulso mientras la destreza l\u00edrica y flow caracter\u00edstico de Trueno marcan el camino para lo que est\u00e1 por venir cuando la vocalizaci\u00f3n r\u00edtmica de\u00a0<b>Balvin<\/b>\u00a0entra en la canci\u00f3n.<\/p>\n<p><i>\u201cLa canci\u00f3n \u201c<b>Un paso<\/b>\u201d es la primera en desbloquear y que sale a la luz \u2013 tenemos las dos bloqueadas que van a salir a luz. En \u201c<b>Un paso<\/b>\u201d, presentamos un poco el concepto del disco, es el reggaeton latinoamericano. Yo estoy super agradecido que sea de la mano a una persona como\u00a0<b>Balvin<\/b>, que para Latinoam\u00e9rica siempre fue un \u00eddolo, y que baje al barrio a interesarse por los nuevos talentos habla mucho de \u00e9l,\u201d<\/i>\u00a0comenta\u00a0<b>Trueno<\/b>.\u00a0<i>\u201cQue siga haciendo m\u00fasica para el barrio me parece muy importante y siento que el fin de este tema es la uni\u00f3n latinoamericana, m\u00e1s all\u00e1 de Colombia y Argentina, si no dejar Latinoam\u00e9rica en el mapa lo m\u00e1s alto con toda su pureza, y con su oscuridad y pureza al barrio \u2013 dejarlo en el mainstream para que todo el mundo se entere. Que todo el mundo vea c\u00f3mo se est\u00e1 haciendo el reggaeton en Argentina y que estamos m\u00e1s que parados. Sigue \u201c<b>Bien o mal<\/b>\u201d, de la protesta a la celebraci\u00f3n. En esta ocasi\u00f3n nos toca tocar un poco al barrio, por suerte con una persona que nos va llevar al estrellato y que va hacer mi barrio que brille como Balvin. Super contento por esta uni\u00f3n latinoamericana, seguimos representando el continente. Argentina y Colombia en la casa!\u201d<\/i><\/p>\n<p>Manteni\u00e9ndose fiel al tema general de \u201c<b>Bien o mal<\/b>\u201d, el video de \u201c<b>Un paso<\/b>\u201d contin\u00faa la narraci\u00f3n del exponente del hip-hop a trav\u00e9s de la expresi\u00f3n art\u00edstica, uni\u00e9ndose con sonidos y espacios visuales que trabajan juntos para romper las barreras creativas. Dirigido por El Dorado y Lucas Vignale y producido por Sur Capital R\u00e9cords, el video es el complemento visual perfecto para la canci\u00f3n, ya que se alinea con el esp\u00edritu y la actitud establecidos por\u00a0<b>Trueno<\/b>\u00a0y\u00a0<b>Balvin<\/b>. Envueltos en tonos m\u00e1s siniestros y en una atm\u00f3sfera inquietantemente cautivadora, ambos artistas dejan clara su presencia mientras cantan sus contundentes versos rodeados por un grupo de bailarines sin rostro vestidos con colores m\u00e1s oscuros.<\/p>\n<p>\u201c<b>Un paso<\/b>\u201d llega como uno de los muy esperados temas extra del segundo \u00e1lbum del fen\u00f3meno del hip hop,\u00a0<b>\u201cBien o mal<\/b>\u201d, que se estren\u00f3 en mayo. El \u00e1lbum ya ha superado los 600 millones de reproducciones a nivel mundial. Con \u201c<b>Bien o mal<\/b>\u201d,\u00a0<b>Trueno<\/b>\u00a0muestra su propia visi\u00f3n del mundo actual cr\u00edtica e inspiradora y propone un disco que se organiza de manera conceptual, con sus temas divididos en dos ejes, justamente esos que representan la dualidad entre el bien y el mal. Un recorrido bajo la consigna\u00a0<i>\u201cde la protesta a la celebraci\u00f3n\u201d<\/i>, con un interludio que conecta ambas partes a partir de la voz del propio Trueno exponiendo c\u00f3mo ve la realidad social y cultural de Am\u00e9rica Latina hoy en d\u00eda.<\/p>\n<p>El mes pasado,\u00a0<b>Trueno\u00a0<\/b>revel\u00f3 un nuevo video para \u201cArgentina\u201d junto a la estrella argentina de Barcelona,\u00a0Nathy Peluso, que ha acumulado m\u00e1s de 13 millones de streams\/views en las plataformas digitales. El estreno de \u201c<b>Argentina<\/b>\u201d lleg\u00f3 poco despu\u00e9s de la nominaci\u00f3n del artista argentino a los\u00a0<i>Premios Juventud 2022<\/i>.\u00a0<b>Trueno<\/b>\u00a0fue reconocido en la categor\u00eda \u201c<i>Mejor Canci\u00f3n en Pareja<\/i>\u201d por su exitosa colaboraci\u00f3n en \u201cDangerous\u201d con\u00a0Nicki Nicole\u00a0y\u00a0Bizarrap.<\/p>\n<p>Como si esto fuera poco,\u00a0<b>Trueno<\/b>\u00a0obtuvo 7 nominaciones dentro de 6 categori\u0301as en los\u00a0<i>Premios Gardel<\/i>, siendo las categor\u00edas:\u00a0<i>Mejor Cancio\u0301n de Mu\u0301sica Urbana<\/i>\u00a0con \u201cSalimos de noche\u201d junto a\u00a0Tiago PZK\u00a0y \u201cDance Crip\u201d,\u00a0<i>Mejor colaboraci\u00f3n de mu\u0301sica urbana<\/i>\u00a0con \u201c<i>Salimos de noche<\/i>\u201d junto a\u00a0<b>Tiago PZK<\/b>,\u00a0<i>Grabacio\u0301n del a\u00f1o<\/i>\u00a0con \u201c<b>Dance Crip<\/b>\u201d,\u00a0<i>Mejor video clip corto<\/i>\u00a0con \u201c<b>Dance Crip<\/b>\u201d y\u00a0<i>Mejor a\u0301lbum en vivo<\/i>\u00a0con \u201cAtrevido en vivo\u201d.<\/p>\n<p>A principios de este a\u00f1o,\u00a0<b>Trueno<\/b>\u00a0inici\u00f3 su gira mundial del a\u00f1o con dos tremendos sets con r\u00e9cord de asistencia en los festivales Lollapalooza Chile y Vive Latino M\u00e9xico. A finales de abril, tuvo un set explosivo en el Festival Quilmes Rock, cerrando el primer d\u00eda en el escenario principal disparando rimas improvisadas junto a la legendaria banda inglesa\u00a0<b>Gorillaz<\/b>.\u00a0<b>Trueno\u00a0<\/b>continu\u00f3 su gira este verano llevando su show a los festivales espa\u00f1oles de Maleducats, Calafell Beach Festival, Mallorca Live Festival, Holika, Maleducaos, Puro Latino Fest, Cruilla, y Boombastic , entre otros.\u00a0<b>Trueno<\/b>\u00a0tambi\u00e9n cont\u00f3 con un show completamente agotado en Londres el 19 de julio en Omeara.<\/p>\n<p>Para concluir la gira \u201d<b>Bien o mal world tour<\/b>\u201d, actuar\u00e1 en el hist\u00f3rico Estadio Luna Park de su ciudad natal, Buenos Aires, el 2 de diciembre con un espect\u00e1culo con todas las entradas agotadas, lo que llev\u00f3 a agregar una fecha adicional en el Luna Park el 29 de noviembre.<\/p>\n<p>A\u00fan as\u00ed, antes de su desembarco en Buenos Aires,\u00a0<b>Trueno<\/b>\u00a0visitar\u00e1 Montevideo (Uruguay) el 20 de agosto en el Museo del Carnaval. Luego llegar\u00e1 a la Argentina para recorrer algunas de las plazas m\u00e1s importantes del pa\u00eds: el 26 de agosto la Plaza de la M\u00fasica de C\u00f3rdoba, el 27 de agosto el Club Central C\u00f3rdoba de Tucum\u00e1n y el 10 de septiembre el Anfiteatro Municipal en Rosario.<\/p>\n<p>Adem\u00e1s de 9 shows por M\u00e9xico, visitando las ciudades de Puebla, Monterrey, Toluca, Guadalajara, entre otros.<\/p>\n<p>Compartimos este lanzamiento:<\/p>\n<p>&nbsp;<\/p>\n<p>&nbsp;<\/p>\n<p>&nbsp;<\/p>\n<p>&nbsp;<\/p>\n<p>&nbsp;<\/p>\n<p>&nbsp;<\/p>\n<p>&nbsp;<\/p>\n<p>&nbsp;<\/p>\n<p>&nbsp;<\/p>\n<\/article>\n<div id=\"c-tres\"><\/div>\n<div class=\"video\">\n<div class=\"artista1 artista\">\n<div class=\"col-md-12 bio\">\n<div class=\"video-youtube\"><iframe class=\"iframeyoutube\" title=\"mira el video\" src=\"https:\/\/www.youtube.com\/embed\/JYiOfCc0G_g\" height=\"560\" allowfullscreen=\"allowfullscreen\" data-mce-fragment=\"1\"><\/iframe><\/div>\n<\/div>\n<\/div>\n<\/div>\n","protected":false},"excerpt":{"rendered":"<p>El argentino Trueno, uno de los mayores referentes del hip hop de Latinoam\u00e9rica, y el multiplatino y premiado superestrella colombiana,\u00a0J Balvin, se unen para el lanzamiento de \u201cUn paso\u201d, un tema in\u00e9dito del segundo \u00e1lbum de\u00a0Trueno, \u201cBien o mal\u201c. La canci\u00f3n y su video oficial ya est\u00e1n disponibles en todas las plataformas digitales. Con este &hellip;<\/p>\n","protected":false},"author":1,"featured_media":5004,"comment_status":"open","ping_status":"open","sticky":false,"template":"","format":"standard","meta":{"footnotes":""},"categories":[46],"tags":[],"class_list":["post-5003","post","type-post","status-publish","format-standard","has-post-thumbnail","hentry","category-musica"],"_links":{"self":[{"href":"https:\/\/radiobeat97.com.ar\/beat\/wp-json\/wp\/v2\/posts\/5003","targetHints":{"allow":["GET"]}}],"collection":[{"href":"https:\/\/radiobeat97.com.ar\/beat\/wp-json\/wp\/v2\/posts"}],"about":[{"href":"https:\/\/radiobeat97.com.ar\/beat\/wp-json\/wp\/v2\/types\/post"}],"author":[{"embeddable":true,"href":"https:\/\/radiobeat97.com.ar\/beat\/wp-json\/wp\/v2\/users\/1"}],"replies":[{"embeddable":true,"href":"https:\/\/radiobeat97.com.ar\/beat\/wp-json\/wp\/v2\/comments?post=5003"}],"version-history":[{"count":1,"href":"https:\/\/radiobeat97.com.ar\/beat\/wp-json\/wp\/v2\/posts\/5003\/revisions"}],"predecessor-version":[{"id":5005,"href":"https:\/\/radiobeat97.com.ar\/beat\/wp-json\/wp\/v2\/posts\/5003\/revisions\/5005"}],"wp:featuredmedia":[{"embeddable":true,"href":"https:\/\/radiobeat97.com.ar\/beat\/wp-json\/wp\/v2\/media\/5004"}],"wp:attachment":[{"href":"https:\/\/radiobeat97.com.ar\/beat\/wp-json\/wp\/v2\/media?parent=5003"}],"wp:term":[{"taxonomy":"category","embeddable":true,"href":"https:\/\/radiobeat97.com.ar\/beat\/wp-json\/wp\/v2\/categories?post=5003"},{"taxonomy":"post_tag","embeddable":true,"href":"https:\/\/radiobeat97.com.ar\/beat\/wp-json\/wp\/v2\/tags?post=5003"}],"curies":[{"name":"wp","href":"https:\/\/api.w.org\/{rel}","templated":true}]}}