{"id":5008,"date":"2022-07-27T11:16:09","date_gmt":"2022-07-27T11:16:09","guid":{"rendered":"http:\/\/www.radiobeat97.com.ar\/beat\/?p=5008"},"modified":"2022-07-26T11:17:35","modified_gmt":"2022-07-26T11:17:35","slug":"the-walking-dead-como-sera-el-spin-off-con-rick-y-michonne","status":"publish","type":"post","link":"https:\/\/radiobeat97.com.ar\/beat\/the-walking-dead-como-sera-el-spin-off-con-rick-y-michonne\/","title":{"rendered":"The Walking Dead: C\u00f3mo ser\u00e1 el spin-off con Rick y Michonne"},"content":{"rendered":"<p>La salida del personaje de<strong>\u00a0Rick Grimes<\/strong>\u00a0fue sin dudas uno de los momentos m\u00e1s pol\u00e9micos de\u00a0<em><strong>The Walking Dead<\/strong><\/em>. Y es que para muchos fans de la serie post-apocal\u00edptica, era inconcebible que su h\u00e9roe principal simplemente desapareciera del panorama. Aunque r\u00e1pidamente surgieron ideas de que el\u00a0<strong>personaje de\u00a0Andrew Lincoln<\/strong>\u00a0volviera para estelarizar una trilog\u00eda de pel\u00edculas, al final estos planes quedaron en suspenso. Pues bien, ahora sabemos que\u00a0<strong>Grimes regresar\u00e1 a la pantalla chica en un spin-off protagonizado por \u00e9l y Michonne (Danai Gurira).<\/strong><\/p>\n<p>Seg\u00fan reporta\u00a0IGN, la gran noticia se dio a conocer durante un panel en la m\u00e1s reciente edici\u00f3n de la Comic-Con de San Diego. All\u00ed se revel\u00f3 que inicialmente\u00a0<strong>el show televisivo contar\u00e1 con seis episodios y se estrenar\u00e1 durante 2023<\/strong>. Dicho relato audiovisual \u201ccontinuar\u00e1 el viaje y la historia de amor\u201d de ambos sobrevivientes. Al respecto de esta novedosa propuesta, el productor y escritor\u00a0<strong>Scott Gimple asegur\u00f3 que sus escenas llevar\u00e1n a la audiencia a lugares totalmente diferentes<\/strong>\u00a0y que habr\u00e1 \u201cgrandes evoluciones de lo que hemos estado haciendo en el proyecto\u201d.<\/p>\n<p>Hasta el momento, hay m\u00e1s dudas que certezas con respecto a esta serie, y todav\u00eda resta conocer algunos detalles log\u00edsticos de la misma, como la composici\u00f3n del resto del elenco y los lugares de filmaci\u00f3n, puesto que una de las cuestiones que hicieron que Lincoln se retirara de The Walking Dead fue el hecho de que no quer\u00eda pasar casi todo el a\u00f1o en Atlanta (Estados Unidos) y estar tan lejos de su familia en el Reino Unido. Es por ello que existen rumores en torno a que esta ficci\u00f3n podr\u00eda ser grabada en Europa y se alejar\u00eda un poco de ciertos lugares comunes de las producciones americanas.<\/p>\n<figure class=\"wp-block-embed is-type-video is-provider-youtube wp-block-embed-youtube wp-embed-aspect-16-9 wp-has-aspect-ratio\">\n<div class=\"wp-block-embed__wrapper\"><img decoding=\"async\" class=\"i-amphtml-fill-content amp-hidden\" src=\"https:\/\/i.ytimg.com\/vi\/lOlCrkKMvvM\/sddefault.jpg#404_is_fine\" alt=\"Loading video\" \/><iframe class=\"i-amphtml-fill-content\" title=\"YouTube video\" src=\"https:\/\/www.youtube.com\/embed\/lOlCrkKMvvM?enablejsapi=1&amp;amp=1&amp;playsinline=1\" frameborder=\"0\" allowfullscreen=\"allowfullscreen\" data-mce-fragment=\"1\"><\/iframe><\/div>\n<\/figure>\n","protected":false},"excerpt":{"rendered":"<p>La salida del personaje de\u00a0Rick Grimes\u00a0fue sin dudas uno de los momentos m\u00e1s pol\u00e9micos de\u00a0The Walking Dead. Y es que para muchos fans de la serie post-apocal\u00edptica, era inconcebible que su h\u00e9roe principal simplemente desapareciera del panorama. Aunque r\u00e1pidamente surgieron ideas de que el\u00a0personaje de\u00a0Andrew Lincoln\u00a0volviera para estelarizar una trilog\u00eda de pel\u00edculas, al final estos &hellip;<\/p>\n","protected":false},"author":1,"featured_media":5009,"comment_status":"open","ping_status":"open","sticky":false,"template":"","format":"standard","meta":{"footnotes":""},"categories":[51],"tags":[],"class_list":["post-5008","post","type-post","status-publish","format-standard","has-post-thumbnail","hentry","category-series-y-peliculas"],"_links":{"self":[{"href":"https:\/\/radiobeat97.com.ar\/beat\/wp-json\/wp\/v2\/posts\/5008","targetHints":{"allow":["GET"]}}],"collection":[{"href":"https:\/\/radiobeat97.com.ar\/beat\/wp-json\/wp\/v2\/posts"}],"about":[{"href":"https:\/\/radiobeat97.com.ar\/beat\/wp-json\/wp\/v2\/types\/post"}],"author":[{"embeddable":true,"href":"https:\/\/radiobeat97.com.ar\/beat\/wp-json\/wp\/v2\/users\/1"}],"replies":[{"embeddable":true,"href":"https:\/\/radiobeat97.com.ar\/beat\/wp-json\/wp\/v2\/comments?post=5008"}],"version-history":[{"count":1,"href":"https:\/\/radiobeat97.com.ar\/beat\/wp-json\/wp\/v2\/posts\/5008\/revisions"}],"predecessor-version":[{"id":5010,"href":"https:\/\/radiobeat97.com.ar\/beat\/wp-json\/wp\/v2\/posts\/5008\/revisions\/5010"}],"wp:featuredmedia":[{"embeddable":true,"href":"https:\/\/radiobeat97.com.ar\/beat\/wp-json\/wp\/v2\/media\/5009"}],"wp:attachment":[{"href":"https:\/\/radiobeat97.com.ar\/beat\/wp-json\/wp\/v2\/media?parent=5008"}],"wp:term":[{"taxonomy":"category","embeddable":true,"href":"https:\/\/radiobeat97.com.ar\/beat\/wp-json\/wp\/v2\/categories?post=5008"},{"taxonomy":"post_tag","embeddable":true,"href":"https:\/\/radiobeat97.com.ar\/beat\/wp-json\/wp\/v2\/tags?post=5008"}],"curies":[{"name":"wp","href":"https:\/\/api.w.org\/{rel}","templated":true}]}}