{"id":5014,"date":"2022-07-26T11:20:37","date_gmt":"2022-07-26T11:20:37","guid":{"rendered":"http:\/\/www.radiobeat97.com.ar\/beat\/?p=5014"},"modified":"2022-07-26T11:20:37","modified_gmt":"2022-07-26T11:20:37","slug":"14-episodios-sinfonicos-en-vivo-de-gustavo-cerati","status":"publish","type":"post","link":"https:\/\/radiobeat97.com.ar\/beat\/14-episodios-sinfonicos-en-vivo-de-gustavo-cerati\/","title":{"rendered":"14 episodios sinf\u00f3nicos en vivo de Gustavo Cerati"},"content":{"rendered":"<article class=\"col-lg-12 notinoti v2c\">Ya se encuentra disponible la versi\u00f3n sinf\u00f3nica de la canci\u00f3n \u201c<b>Coraz\u00f3n delator<\/b>\u201d, grabada por\u00a0<b>Gustavo Cerati<\/b>\u00a0durante su hist\u00f3rico concierto en el Auditorio Nacional de la Ciudad de M\u00e9xico, el 9 de febrero de 2002. Se trata de un nuevo adelanto de un \u00e1lbum in\u00e9dito titulado \u201c<b>14 episodios sinf\u00f3nicos \/ en vivo \/ Auditorio Nacional \/ Ciudad de M\u00e9xico \/ febrero 2002<\/b>\u201d, que ver\u00e1 la luz, completo, en agosto pr\u00f3ximo.<\/p>\n<p>Adem\u00e1s del audio registrado hace 20 a\u00f1os en el ic\u00f3nico recinto del Distrito Federal mexicano, se da a conocer (al igual que con el primer single \u201cLisa (Sinf\u00f3nico En Vivo)\u201d otro novedoso contenido audiovisual, que suma valor a la obra: un nuevo\u00a0<i>Extended reality video\u00a0<\/i>dise\u00f1ado especialmente para acompa\u00f1ar el track de manera diferente. Dependiendo del dispositivo en que se vea, proporciona al usuario una experiencia inmersiva distinta: desde un m\u00f3vil, es AR (realidad aumentada); desde un ordenador, un video 360\u00ba; y con las gafas Oculus, es VR (realidad virtual).<\/p>\n<p>Para la realizaci\u00f3n de este video XR se utiliz\u00f3 la tecnolog\u00eda de\u00a0<i>Unreal Engine<\/i>, con una t\u00e9cnica en la que muchas de las piezas fueron creadas, modeladas y pintadas dentro de los cascos de realidad virtual. Los escenarios que se desarrollaron para el mismo tienen estrecha conexi\u00f3n con el imaginario de la canci\u00f3n: \u201c<b>Coraz\u00f3n delator<\/b>\u201d es un video con una fuerte carga visual, inspirado en el cuento de Edgard Allan Poe, el expresionismo alem\u00e1n y el mundo del artista neerland\u00e9s M.C. Escher.<\/p>\n<p><b>\u201c14 episodios sinf\u00f3nicos \/ en vivo \/ Auditorio Nacional \/ Ciudad de M\u00e9xico \/ febrero 2002\u201d<\/b>es la grabaci\u00f3n de la performance con que, el artista argentino, dio inicio a la hist\u00f3rica gira presentaci\u00f3n del entonces flamante disco\u00a0\u201c11 Episodios Sinf\u00f3nicos\u201d (editado en 2001), que lo llev\u00f3 por escenarios de seis salas (ocho shows) de algunas de las principales ciudades de Latinoam\u00e9rica. Como su t\u00edtulo indica, el nuevo \u00e1lbum sumar\u00e1 tres nuevos tracks\/episodios no incluidos en el repertorio del proyecto original.<\/p>\n<p>Cl\u00e1sicos de\u00a0Soda Stereo\u00a0y de la, en su momento, incipiente carrera solista de\u00a0<b>Gustavo<\/b>, mostrando todo su talento vocal al estilo de un crooner aterciopelado, acompa\u00f1ado por la orquesta\u00a0<b>Camerata de las Am\u00e9ricas<\/b>, con arreglos y direcci\u00f3n de Alejandro Ter\u00e1n. El esp\u00edritu de este tour fue la arriesgada propuesta art\u00edstica que implicaba el formato orquestal, que entonces no era muy com\u00fan para el repertorio de un m\u00fasico popular proveniente del rock, mucho menos como se lo escucha aqu\u00ed: s\u00f3lo con su voz, sin la base de una banda ni instrumentos el\u00e9ctricos.<\/p>\n<\/article>\n<div id=\"c-tres\"><\/div>\n<div class=\"video\">\n<div class=\"artista1 artista\">\n<div class=\"col-md-12 bio\">\n<div class=\"video-youtube\"><iframe class=\"iframeyoutube\" title=\"mira el video\" src=\"https:\/\/www.youtube.com\/embed\/6Sjx6OTPQbE\" height=\"560\" allowfullscreen=\"allowfullscreen\" data-mce-fragment=\"1\"><\/iframe><\/div>\n<\/div>\n<\/div>\n<\/div>\n<p>&nbsp;<\/p>\n<div class=\"video\">\n<div class=\"artista1 artista\">\n<div>fuente: cmtv.com.ar<\/div>\n<\/div>\n<\/div>\n","protected":false},"excerpt":{"rendered":"<p>Ya se encuentra disponible la versi\u00f3n sinf\u00f3nica de la canci\u00f3n \u201cCoraz\u00f3n delator\u201d, grabada por\u00a0Gustavo Cerati\u00a0durante su hist\u00f3rico concierto en el Auditorio Nacional de la Ciudad de M\u00e9xico, el 9 de febrero de 2002. Se trata de un nuevo adelanto de un \u00e1lbum in\u00e9dito titulado \u201c14 episodios sinf\u00f3nicos \/ en vivo \/ Auditorio Nacional \/ Ciudad &hellip;<\/p>\n","protected":false},"author":1,"featured_media":5015,"comment_status":"open","ping_status":"open","sticky":false,"template":"","format":"standard","meta":{"footnotes":""},"categories":[46],"tags":[],"class_list":["post-5014","post","type-post","status-publish","format-standard","has-post-thumbnail","hentry","category-musica"],"_links":{"self":[{"href":"https:\/\/radiobeat97.com.ar\/beat\/wp-json\/wp\/v2\/posts\/5014","targetHints":{"allow":["GET"]}}],"collection":[{"href":"https:\/\/radiobeat97.com.ar\/beat\/wp-json\/wp\/v2\/posts"}],"about":[{"href":"https:\/\/radiobeat97.com.ar\/beat\/wp-json\/wp\/v2\/types\/post"}],"author":[{"embeddable":true,"href":"https:\/\/radiobeat97.com.ar\/beat\/wp-json\/wp\/v2\/users\/1"}],"replies":[{"embeddable":true,"href":"https:\/\/radiobeat97.com.ar\/beat\/wp-json\/wp\/v2\/comments?post=5014"}],"version-history":[{"count":1,"href":"https:\/\/radiobeat97.com.ar\/beat\/wp-json\/wp\/v2\/posts\/5014\/revisions"}],"predecessor-version":[{"id":5016,"href":"https:\/\/radiobeat97.com.ar\/beat\/wp-json\/wp\/v2\/posts\/5014\/revisions\/5016"}],"wp:featuredmedia":[{"embeddable":true,"href":"https:\/\/radiobeat97.com.ar\/beat\/wp-json\/wp\/v2\/media\/5015"}],"wp:attachment":[{"href":"https:\/\/radiobeat97.com.ar\/beat\/wp-json\/wp\/v2\/media?parent=5014"}],"wp:term":[{"taxonomy":"category","embeddable":true,"href":"https:\/\/radiobeat97.com.ar\/beat\/wp-json\/wp\/v2\/categories?post=5014"},{"taxonomy":"post_tag","embeddable":true,"href":"https:\/\/radiobeat97.com.ar\/beat\/wp-json\/wp\/v2\/tags?post=5014"}],"curies":[{"name":"wp","href":"https:\/\/api.w.org\/{rel}","templated":true}]}}