{"id":5049,"date":"2022-08-09T11:29:04","date_gmt":"2022-08-09T11:29:04","guid":{"rendered":"http:\/\/www.radiobeat97.com.ar\/beat\/?p=5049"},"modified":"2022-08-09T11:29:04","modified_gmt":"2022-08-09T11:29:04","slug":"isep-inscripciones-abiertas-para-conversatorios-y-ateneos-del-segundo-semestre","status":"publish","type":"post","link":"https:\/\/radiobeat97.com.ar\/beat\/isep-inscripciones-abiertas-para-conversatorios-y-ateneos-del-segundo-semestre\/","title":{"rendered":"ISEP: inscripciones abiertas para conversatorios y Ateneos del segundo semestre"},"content":{"rendered":"<ul>\n<li><strong>Est\u00e1 destinado a docentes y equipos directivos de todos los niveles obligatorios y del nivel Superior, vicedirectores, supervisores y docentes del espacio curricular Ingl\u00e9s en la Educaci\u00f3n Primaria.<\/strong><\/li>\n<\/ul>\n<p>El Ministerio de Educaci\u00f3n de la Provincia informa que el Instituto Superior de Estudios Pedag\u00f3gicos abri\u00f3 sus inscripciones para diversos conversatorios y ateneos virtuales que se llevar\u00e1n a cabo durante el segundo semestre del a\u00f1o.<\/p>\n<p>Est\u00e1n destinados a docentes y equipos directivos de todos los niveles obligatorios y del nivel Superior, vicedirectores, supervisores y docentes del espacio curricular Ingl\u00e9s en la Educaci\u00f3n Primaria.<\/p>\n<p>Los interesados\/as\u00a0 podr\u00e1n inscribirse a cada uno de los conversatorios que resulten de su inter\u00e9s a trav\u00e9s de los botones estipulados para ello. El d\u00eda en el que se realice cada evento, recibir\u00e1n, al correo electr\u00f3nico indicado en el formulario de inscripci\u00f3n, el enlace desde donde se acceder\u00e1 a la transmisi\u00f3n.<\/p>\n<h4><strong>Las propuestas:\u00a0<\/strong><\/h4>\n<ul>\n<li><strong>Ciclo \u201cLa escuela, sus prioridades y los desaf\u00edos de la ense\u00f1anza\u201d<\/strong><\/li>\n<\/ul>\n<p>Este ciclo ofrece a la comunidad educativa de la provincia instancias de encuentro para reflexionar sobre los desaf\u00edos que enfrenta la ense\u00f1anza en el contexto actual. El regreso a la presencialidad plena y el reencuentro con los estudiantes, y con un tiempo de hacer escuela novedoso, nos convoca a pensar en los modos de agrupamiento, en las consignas, en las intervenciones y en los materiales sobre los que las y los docentes desarrollamos propuestas de ense\u00f1anza.<\/p>\n<p><strong>| La escuela y la formaci\u00f3n de lectores, escritores y hablantes<\/strong><\/p>\n<p>&gt; Destinatarios\/as Docentes y equipos directivos de todos los niveles obligatorios y del nivel Superior.<\/p>\n<p>&gt; Fecha 18 de agosto a las 18.30.<\/p>\n<p><strong>| \u00bfQu\u00e9 es importante ense\u00f1ar en Lengua y Literatura? Textos y pr\u00e1cticas en el marco del programa de fortalecimiento<\/strong><\/p>\n<p>&gt; Destinatarios\/as Docentes y equipos directivos de todos los niveles obligatorios y del nivel Superior.<\/p>\n<p>&gt; Fecha 8 de septiembre a las 18.30.<\/p>\n<p><strong>| Aprendiendo a contemplar el cielo<\/strong><\/p>\n<p>&gt; Destinatarios\/as Docentes y equipos directivos de todos los niveles obligatorios y del nivel Superior.<\/p>\n<p>&gt; Fecha 27 de octubre a las 18.30.<\/p>\n<p><strong>| Hablar, leer y escribir ciencias naturales: los desaf\u00edos de construir pensamiento cient\u00edfico en la escuela<\/strong><\/p>\n<p>&gt; Destinatarios\/as docentes y equipos directivos de todos los niveles obligatorios y del nivel Superior.<\/p>\n<p>&gt; Fecha 10 de noviembre a las 18.30.<\/p>\n<ul>\n<li><strong>Ciclo de Conversatorios de Conducci\u00f3n y Gesti\u00f3n: \u201cCuando algo sucede.\u00a0<\/strong><strong>Relatos y an\u00e1lisis de experiencias de equipos directivos.<\/strong><\/li>\n<\/ul>\n<p>Este ciclo invita a conocer experiencias y a reflexionar colectivamente sobre los desaf\u00edos que implican el dise\u00f1o, el acompa\u00f1amiento y la evaluaci\u00f3n de propuestas pedag\u00f3gicas situadas, que permitan sostener trayectorias, procesos de ense\u00f1anza y de aprendizajes m\u00faltiples y diversos. Tambi\u00e9n pone a circular saberes pedag\u00f3gicos que vamos construyendo en nuestras escuelas.<\/p>\n<p><strong>| \u00bfQu\u00e9 hacemos? Producir condiciones para las trayectorias continuas<\/strong><\/p>\n<p>&gt; Destinatarios\/as directores, vicedirectores y supervisores.<\/p>\n<p>&gt; Fecha 27 de agosto a las 9.30.<\/p>\n<p><strong>| La construcci\u00f3n de condiciones de posibilidad para el Proyecto de Ense\u00f1anza: una prioridad en la agenda del director<\/strong><\/p>\n<p>&gt; Destinatarios\/as directores, vicedirectores y supervisores.<\/p>\n<p>&gt; Fecha 24 de septiembre a las 9.30.<\/p>\n<p><strong>| Zoom a la gesti\u00f3n curricular: el trabajo por proyectos como oportunidad<\/strong><\/p>\n<p>&gt; Destinatarios\/as directores, vicedirectores y supervisores.<\/p>\n<p>&gt; Fecha 22 de octubre a las 9.30.<\/p>\n<p><strong>| En \u201cmodo flexible\u201d: experiencias que exploran otras formas de disponer tiempos, espacios y agrupamientos en la escuela<\/strong><\/p>\n<p>&gt; Destinatarios\/as directores, vicedirectores y supervisores.<\/p>\n<p>&gt; Fecha 12 de noviembre a las 9.30.<\/p>\n<ul>\n<li><strong>Ciclo de Ateneos Did\u00e1cticos de Ingl\u00e9s en Jornada Extendida<\/strong><\/li>\n<\/ul>\n<p>Este ciclo se orienta a generar un acercamiento a algunas de las publicaciones con las que cuenta el Programa Entre Lenguas, difundidas por la plataforma Tu escuela en casa.<\/p>\n<p>En ese marco, cada ateneo se propone seleccionar una propuesta acorde con el contexto institucional y \u00e1ulico e implementarla.<\/p>\n<p><strong>| El aula de Ingl\u00e9s de Jornada Extendida: din\u00e1micas que invitan a desarrollar la oralidad<\/strong><\/p>\n<p>&gt; Destinatarios\/as est\u00e1 destinado a docentes del espacio curricular Ingl\u00e9s en la Educaci\u00f3n Primaria.<\/p>\n<p>&gt; El conversatorio se llevar\u00e1 a cabo el d\u00eda 18 de octubre a las 18.30 horas.<\/p>\n<p>Para conocer m\u00e1s e inscripciones en el siguiente Link\u00a0<a href=\"http:\/\/www.isep-cba.edu.ar\/\" target=\"_blank\" rel=\"noreferrer noopener\">www.isep-cba.edu.ar<\/a>\u00a0y por cualquier duda, se encuentra disponible el servicio de Mesa de Ayuda. Personalmente, en Agust\u00edn Garz\u00f3n 1221, barrio San Vicente (C\u00f3rdoba); telef\u00f3nicamente, al (0351) 433-8615; escribiendo un correo electr\u00f3nico a\u00a0<strong>mesadeayuda@isep-cba.edu.ar<\/strong>, o a trav\u00e9s de la p\u00e1gina institucional de\u00a0<a href=\"https:\/\/prensa.cba.gov.ar\/informacion-general\/isep-inscripciones-abiertas-para-conversatorios-y-ateneos-del-segundo-semestre\/Instituto%20Superior%20de%20Estudios%20Pedag%C3%B3gicos%20%E2%80%93%20ISEP.\" target=\"_blank\" rel=\"noreferrer noopener\">Facebook: Instituto Superior de Estudios Pedag\u00f3gicos \u2013 ISEP.<\/a><\/p>\n","protected":false},"excerpt":{"rendered":"<p>Est\u00e1 destinado a docentes y equipos directivos de todos los niveles obligatorios y del nivel Superior, vicedirectores, supervisores y docentes del espacio curricular Ingl\u00e9s en la Educaci\u00f3n Primaria. El Ministerio de Educaci\u00f3n de la Provincia informa que el Instituto Superior de Estudios Pedag\u00f3gicos abri\u00f3 sus inscripciones para diversos conversatorios y ateneos virtuales que se llevar\u00e1n &hellip;<\/p>\n","protected":false},"author":1,"featured_media":5050,"comment_status":"open","ping_status":"open","sticky":false,"template":"","format":"standard","meta":{"footnotes":""},"categories":[48,45],"tags":[],"class_list":["post-5049","post","type-post","status-publish","format-standard","has-post-thumbnail","hentry","category-info-general","category-tecnologia"],"_links":{"self":[{"href":"https:\/\/radiobeat97.com.ar\/beat\/wp-json\/wp\/v2\/posts\/5049","targetHints":{"allow":["GET"]}}],"collection":[{"href":"https:\/\/radiobeat97.com.ar\/beat\/wp-json\/wp\/v2\/posts"}],"about":[{"href":"https:\/\/radiobeat97.com.ar\/beat\/wp-json\/wp\/v2\/types\/post"}],"author":[{"embeddable":true,"href":"https:\/\/radiobeat97.com.ar\/beat\/wp-json\/wp\/v2\/users\/1"}],"replies":[{"embeddable":true,"href":"https:\/\/radiobeat97.com.ar\/beat\/wp-json\/wp\/v2\/comments?post=5049"}],"version-history":[{"count":1,"href":"https:\/\/radiobeat97.com.ar\/beat\/wp-json\/wp\/v2\/posts\/5049\/revisions"}],"predecessor-version":[{"id":5051,"href":"https:\/\/radiobeat97.com.ar\/beat\/wp-json\/wp\/v2\/posts\/5049\/revisions\/5051"}],"wp:featuredmedia":[{"embeddable":true,"href":"https:\/\/radiobeat97.com.ar\/beat\/wp-json\/wp\/v2\/media\/5050"}],"wp:attachment":[{"href":"https:\/\/radiobeat97.com.ar\/beat\/wp-json\/wp\/v2\/media?parent=5049"}],"wp:term":[{"taxonomy":"category","embeddable":true,"href":"https:\/\/radiobeat97.com.ar\/beat\/wp-json\/wp\/v2\/categories?post=5049"},{"taxonomy":"post_tag","embeddable":true,"href":"https:\/\/radiobeat97.com.ar\/beat\/wp-json\/wp\/v2\/tags?post=5049"}],"curies":[{"name":"wp","href":"https:\/\/api.w.org\/{rel}","templated":true}]}}