{"id":5085,"date":"2022-08-29T18:29:50","date_gmt":"2022-08-29T18:29:50","guid":{"rendered":"http:\/\/www.radiobeat97.com.ar\/beat\/?p=5085"},"modified":"2022-09-03T01:58:27","modified_gmt":"2022-09-03T01:58:27","slug":"miranda-y-dillom-estrenan-dos","status":"publish","type":"post","link":"https:\/\/radiobeat97.com.ar\/beat\/miranda-y-dillom-estrenan-dos\/","title":{"rendered":"Miranda! y Dillom estrenan \u00abDos\u00bb"},"content":{"rendered":"<article class=\"col-lg-12 notinoti v2c\">\n<div><b>Miranda!\u00a0<\/b>y\u00a0<b>Dillom<\/b>\u00a0presentan el single y videoclip \u201c<b>Dos<\/b>\u201d. Casi seis meses despu\u00e9s del lanzamiento de su \u00faltimo corte \u201cEl Arte de recuperarte\u201d, el ic\u00f3nico d\u00fao de pop latinoamericano presenta \u201cDos\u201d, con la colaboraci\u00f3n de\u00a0<b>Dillom<\/b>. \u201d<b>Dos<\/b>\u201d es una canci\u00f3n s\u00faper, pegadiza que logra unir perfectamente los universos de\u00a0<b>Miranda!<\/b>\u00a0y\u00a0<b>Dillom<\/b>. M\u00e1s que una colaboraci\u00f3n, \u201c<b>Dos<\/b>\u201d es una mezcla de colores novedosa, que\u00a0<b>Miranda!\u00a0<\/b>suma a su ya incre\u00edble y diverso repertorio. Muy pedida y anunciada en las redes de los artistas, la colaboraci\u00f3n entre\u00a0<b>Miranda!<\/b>\u00a0y<b>\u00a0Dillom<\/b>\u00a0por fin ve la luz.<\/div>\n<div><\/div>\n<div>En el videoclip dirigido por Daniel Ortega, podemos ver a\u00a0<b>Ale\u00a0<\/b>y\u00a0<b>Juliana<\/b>, inocentes y enamorados, disfrutando de una cita so\u00f1ada en el bosque. Entre canciones, cari\u00f1os y miradas sugerentes, pasan el d\u00eda sin saber que todo dar\u00e1 un giro inesperado cuando se revele la presencia de un tercero que, al envidiar su amor, monta en colera y se dispone para lo peor.<\/div>\n<div><\/div>\n<div><\/div>\n<div>Sobre el proceso de creaci\u00f3n, cuenta\u00a0<b>Ale Sergi<\/b>:<i>\u00a0\u201cLa canci\u00f3n rom\u00e1ntica sesentera fue el punto de partida.\u00a0<b>Dillom<\/b>\u00a0lleg\u00f3 a nuestro estudio, la escuch\u00f3, la eligi\u00f3 y le dio un final imposible. Colaboramos cantando y componiendo juntos en 3 o 4 sesiones hasta llegar al resultado final. En las sesiones participamos\u00a0<b>Juliana<\/b>,\u00a0<b>Ale<\/b>,\u00a0<b>Dillom<\/b>, Ferm\u00edn y Lamadrid. M\u00e1s adelante Gabriel Lucena grab\u00f3 el bajo que lleva el pulso bailable de la canci\u00f3n.\u201d<\/i><\/div>\n<div><i>\u00a0<\/i><\/div>\n<div><\/div>\n<\/article>\n<div id=\"c-tres\"><\/div>\n<div class=\"video\">\n<div class=\"artista1 artista\">\n<div class=\"col-md-12 bio\">\n<div class=\"video-youtube\">\n<p><iframe class=\"iframeyoutube\" title=\"mira el video\" src=\"https:\/\/www.youtube.com\/embed\/-ikqksPMA7g\" height=\"560\" allowfullscreen=\"allowfullscreen\" data-mce-fragment=\"1\"><\/iframe><\/p>\n<div class=\"suscribirse\"><\/div>\n<\/div>\n<\/div>\n<\/div>\n<\/div>\n<p>&nbsp;<\/p>\n<div class=\"video\">\n<div class=\"col-md-12\">\n<div class=\"instagram\"><iframe title=\"mira el video\" src=\"https:\/\/instagram.com\/p\/Chs4eSiP9BH\/embed\/\" width=\"100%\" height=\"710\" frameborder=\"0\" scrolling=\"no\" data-mce-fragment=\"1\"><\/iframe><\/div>\n<\/div>\n<\/div>\n","protected":false},"excerpt":{"rendered":"<p>Miranda!\u00a0y\u00a0Dillom\u00a0presentan el single y videoclip \u201cDos\u201d. Casi seis meses despu\u00e9s del lanzamiento de su \u00faltimo corte \u201cEl Arte de recuperarte\u201d, el ic\u00f3nico d\u00fao de pop latinoamericano presenta \u201cDos\u201d, con la colaboraci\u00f3n de\u00a0Dillom. \u201dDos\u201d es una canci\u00f3n s\u00faper, pegadiza que logra unir perfectamente los universos de\u00a0Miranda!\u00a0y\u00a0Dillom. M\u00e1s que una colaboraci\u00f3n, \u201cDos\u201d es una mezcla de colores &hellip;<\/p>\n","protected":false},"author":1,"featured_media":5086,"comment_status":"open","ping_status":"open","sticky":false,"template":"","format":"standard","meta":{"footnotes":""},"categories":[46],"tags":[],"class_list":["post-5085","post","type-post","status-publish","format-standard","has-post-thumbnail","hentry","category-musica"],"_links":{"self":[{"href":"https:\/\/radiobeat97.com.ar\/beat\/wp-json\/wp\/v2\/posts\/5085","targetHints":{"allow":["GET"]}}],"collection":[{"href":"https:\/\/radiobeat97.com.ar\/beat\/wp-json\/wp\/v2\/posts"}],"about":[{"href":"https:\/\/radiobeat97.com.ar\/beat\/wp-json\/wp\/v2\/types\/post"}],"author":[{"embeddable":true,"href":"https:\/\/radiobeat97.com.ar\/beat\/wp-json\/wp\/v2\/users\/1"}],"replies":[{"embeddable":true,"href":"https:\/\/radiobeat97.com.ar\/beat\/wp-json\/wp\/v2\/comments?post=5085"}],"version-history":[{"count":2,"href":"https:\/\/radiobeat97.com.ar\/beat\/wp-json\/wp\/v2\/posts\/5085\/revisions"}],"predecessor-version":[{"id":5091,"href":"https:\/\/radiobeat97.com.ar\/beat\/wp-json\/wp\/v2\/posts\/5085\/revisions\/5091"}],"wp:featuredmedia":[{"embeddable":true,"href":"https:\/\/radiobeat97.com.ar\/beat\/wp-json\/wp\/v2\/media\/5086"}],"wp:attachment":[{"href":"https:\/\/radiobeat97.com.ar\/beat\/wp-json\/wp\/v2\/media?parent=5085"}],"wp:term":[{"taxonomy":"category","embeddable":true,"href":"https:\/\/radiobeat97.com.ar\/beat\/wp-json\/wp\/v2\/categories?post=5085"},{"taxonomy":"post_tag","embeddable":true,"href":"https:\/\/radiobeat97.com.ar\/beat\/wp-json\/wp\/v2\/tags?post=5085"}],"curies":[{"name":"wp","href":"https:\/\/api.w.org\/{rel}","templated":true}]}}