{"id":5095,"date":"2022-09-06T11:02:18","date_gmt":"2022-09-06T11:02:18","guid":{"rendered":"http:\/\/www.radiobeat97.com.ar\/beat\/?p=5095"},"modified":"2022-09-06T11:02:18","modified_gmt":"2022-09-06T11:02:18","slug":"proyecto-cultivando-nuevo-ciclo-de-talleres-gratuitos","status":"publish","type":"post","link":"https:\/\/radiobeat97.com.ar\/beat\/proyecto-cultivando-nuevo-ciclo-de-talleres-gratuitos\/","title":{"rendered":"Proyecto Cultivando: nuevo ciclo de talleres gratuitos"},"content":{"rendered":"<article id=\"post-515278\" class=\"post-515278 post type-post status-publish format-standard has-post-thumbnail hentry category-informacion-general tag-agencia-cordoba-joven tag-lideres-ambientales tag-proyecto-cultivando ast-article-single\">\n<div class=\"ast-post-format- single-layout-1\">\n<div class=\"entry-content clear\">\n<ul>\n<li><strong>Se llevar\u00e1n a cabo con el objetivo de explorar ideas innovadoras sobre qu\u00e9 producir o emprender con los cultivos disponibles en una huerta.\u00a0<\/strong><\/li>\n<li><strong>Comienza este mi\u00e9rcoles 7, con el taller: \u201cDesarrollo integral de la huerta\u201d.\u00a0<\/strong><\/li>\n<li><strong>Es una iniciativa de la Agencia C\u00f3rdoba Joven llevada adelante en conjunto con los ministerios de Agricultura y Ganader\u00eda, y de Justicia y DDHH, y la organizaci\u00f3n Agenda Ambiental C\u00f3rdoba.\u00a0<\/strong><\/li>\n<\/ul>\n<p>En el marco del\u00a0<a href=\"https:\/\/www.cba.gov.ar\/mes-de-las-juventudes\/\"><strong>Mes de las Juventudes<\/strong><\/a>, la Agencia C\u00f3rdoba Joven pone a disposici\u00f3n el segundo ciclo de talleres del\u00a0<a href=\"https:\/\/cordobajoven.cba.gov.ar\/se-presento-el-proyecto-cultivando\/\"><strong>Proyecto Cultivando<\/strong><\/a>, la iniciativa que promueve el desarrollo de una huerta comunitaria y el dictado de capacitaciones gratuitas relacionadas con buenas pr\u00e1cticas ambientales.<\/p>\n<p><strong>\u201cDesarrollo integral de la huerta\u201d\u00a0<\/strong>ser\u00e1 la primera propuesta formativa de esta nueva etapa, donde se desarrollar\u00e1n los temas: planificaci\u00f3n y construcci\u00f3n de una huerta; pr\u00e1cticas agroecol\u00f3gicas (asociaci\u00f3n, rotaci\u00f3n, cobertura), compost y cuidado del suelo.<\/p>\n<p>Estar\u00e1 a cargo del t\u00e9cnico Agropecuario Abraham Aguirre, de la subsecretar\u00eda de Agricultura Familiar.<\/p>\n<p>Se llevar\u00e1 a cabo este mi\u00e9rcoles 7 de septiembre, a las 17, en el Espacio Joven de la SeNAF (Bv. Illia 238, C\u00f3rdoba).<\/p>\n<p>Cabe recordar que el Proyecto Cultivando, es una iniciativa conjunta de la cartera Joven, los ministerios de Agricultura y Ganader\u00eda, y de Justicia y DDHH de la provincia, y la organizaci\u00f3n Agenda Ambiental C\u00f3rdoba.<\/p>\n<h4><strong>Caracter\u00edsticas e inscripciones<\/strong><\/h4>\n<p>Los talleres est\u00e1n orientados a j\u00f3venes cordobeses, de 18 a 30 a\u00f1os, que deseen formarse en estos temas.<\/p>\n<p>Se llevar\u00e1n a cabo los mi\u00e9rcoles en el Espacio Joven de SeNAF, ubicado en el Bv. Illia 238 de la ciudad de C\u00f3rdoba.<\/p>\n<p>Podr\u00e1n acceder inscribi\u00e9ndose en\u00a0<a href=\"https:\/\/docs.google.com\/forms\/d\/e\/1FAIpQLSfq3CedlS9O1ufUA2t9C3COHBAbjywlX7RZGubgAZUCrznV5g\/closedform\"><strong>este formulario<\/strong><\/a>. Las clases son libres y gratuitas. Los cupos son limitados.<\/p>\n<h4><strong>C\u00f3mo sigue<\/strong><\/h4>\n<p>El cronograma de talleres previstos para los pr\u00f3ximos d\u00edas es el siguiente:<\/p>\n<ul>\n<li><strong>14 de septiembre.\u00a0<\/strong>Taller de Jab\u00f3n s\u00f3lido\u2063, natural y ecol\u00f3gico.<\/li>\n<li><strong>28 de septiembre.\u00a0<\/strong>Taller de Shampoo s\u00f3lido\u2063, natural y ecol\u00f3gico.<\/li>\n<li><strong>12 de octubre.<\/strong>\u00a0Taller de Velas arom\u00e1ticas\u2063.<\/li>\n<li><strong>26 de octubre.\u00a0<\/strong>Taller de Cocina Saludable\u2063\u2063.<\/li>\n<\/ul>\n<p><strong>9 de noviembre.\u00a0<\/strong>Taller de Fragancias Arom\u00e1ticas\u2063.<\/p>\n<\/div>\n<\/div>\n<\/article>\n","protected":false},"excerpt":{"rendered":"<p>Se llevar\u00e1n a cabo con el objetivo de explorar ideas innovadoras sobre qu\u00e9 producir o emprender con los cultivos disponibles en una huerta.\u00a0 Comienza este mi\u00e9rcoles 7, con el taller: \u201cDesarrollo integral de la huerta\u201d.\u00a0 Es una iniciativa de la Agencia C\u00f3rdoba Joven llevada adelante en conjunto con los ministerios de Agricultura y Ganader\u00eda, y &hellip;<\/p>\n","protected":false},"author":1,"featured_media":5096,"comment_status":"open","ping_status":"open","sticky":false,"template":"","format":"standard","meta":{"footnotes":""},"categories":[48],"tags":[],"class_list":["post-5095","post","type-post","status-publish","format-standard","has-post-thumbnail","hentry","category-info-general"],"_links":{"self":[{"href":"https:\/\/radiobeat97.com.ar\/beat\/wp-json\/wp\/v2\/posts\/5095","targetHints":{"allow":["GET"]}}],"collection":[{"href":"https:\/\/radiobeat97.com.ar\/beat\/wp-json\/wp\/v2\/posts"}],"about":[{"href":"https:\/\/radiobeat97.com.ar\/beat\/wp-json\/wp\/v2\/types\/post"}],"author":[{"embeddable":true,"href":"https:\/\/radiobeat97.com.ar\/beat\/wp-json\/wp\/v2\/users\/1"}],"replies":[{"embeddable":true,"href":"https:\/\/radiobeat97.com.ar\/beat\/wp-json\/wp\/v2\/comments?post=5095"}],"version-history":[{"count":1,"href":"https:\/\/radiobeat97.com.ar\/beat\/wp-json\/wp\/v2\/posts\/5095\/revisions"}],"predecessor-version":[{"id":5097,"href":"https:\/\/radiobeat97.com.ar\/beat\/wp-json\/wp\/v2\/posts\/5095\/revisions\/5097"}],"wp:featuredmedia":[{"embeddable":true,"href":"https:\/\/radiobeat97.com.ar\/beat\/wp-json\/wp\/v2\/media\/5096"}],"wp:attachment":[{"href":"https:\/\/radiobeat97.com.ar\/beat\/wp-json\/wp\/v2\/media?parent=5095"}],"wp:term":[{"taxonomy":"category","embeddable":true,"href":"https:\/\/radiobeat97.com.ar\/beat\/wp-json\/wp\/v2\/categories?post=5095"},{"taxonomy":"post_tag","embeddable":true,"href":"https:\/\/radiobeat97.com.ar\/beat\/wp-json\/wp\/v2\/tags?post=5095"}],"curies":[{"name":"wp","href":"https:\/\/api.w.org\/{rel}","templated":true}]}}