{"id":5109,"date":"2022-09-08T20:55:48","date_gmt":"2022-09-08T20:55:48","guid":{"rendered":"http:\/\/www.radiobeat97.com.ar\/beat\/?p=5109"},"modified":"2022-09-08T20:55:48","modified_gmt":"2022-09-08T20:55:48","slug":"incendios-estado-de-situacion-en-la-provincia","status":"publish","type":"post","link":"https:\/\/radiobeat97.com.ar\/beat\/incendios-estado-de-situacion-en-la-provincia\/","title":{"rendered":"Incendios: estado de situaci\u00f3n en la Provincia"},"content":{"rendered":"<article id=\"post-515898\" class=\"post-515898 post type-post status-publish format-standard has-post-thumbnail hentry category-informacion-general category-no-home ast-article-single\">\n<div class=\"ast-post-format- single-layout-1\">\n<div class=\"entry-content clear\">\n<ul>\n<li><strong>Se inici\u00f3 un nuevo foco en La Arbolada, jurisdicci\u00f3n de Carlos Paz.<\/strong><\/li>\n<li><strong>Adem\u00e1s, contin\u00faa el activo el fuego en la zona de La Falda, Huerta Grande, Villa Giardino y La Cruz.<\/strong><\/li>\n<li><strong>Tambi\u00e9n, bomberos trabajan en el incendio en la zona de Berrotar\u00e1n<\/strong>.<\/li>\n<li><strong>Informaci\u00f3n actualizada a las 13.30 horas.<\/strong><\/li>\n<\/ul>\n<p>La Secretar\u00eda de Gesti\u00f3n de Riesgos Clim\u00e1ticos, Cat\u00e1strofes y Protecci\u00f3n Civil del gobierno de la Provincia informa que\u00a0<strong>se inici\u00f3 un nuevo incendio en\u00a0La Arbolada, jurisdicci\u00f3n de Carlos Paz,\u00a0<\/strong>donde est\u00e1n trabajando siete Cuarteles de Bomberos y un avi\u00f3n desde el lago San Roque.<\/p>\n<p>Adem\u00e1s,\u00a0<strong>c<\/strong><strong>ontin\u00faa el activo el foco en la zona de La Falda, Huerta Grande y Villa Giardino<\/strong>, donde est\u00e1n trabajando 160 efectivos, tres aviones y el helic\u00f3ptero de Naci\u00f3n, helitransportando gente desde el Camino del Cuadrado hacia la cabeza del incendio.<\/p>\n<p><em>\u201cEl viento sopla del sector Sur, de unos 30 km de r\u00e1faga, la temperatura ronda los 17 y 18 grados, las condiciones son adversas, pero se est\u00e1 tratando de contener antes de que contin\u00fae para la zona de Los Monos de Caray\u00e1\u201d<\/em>, expres\u00f3 al respecto Claudio Vignetta, secretario de Gesti\u00f3n de Riesgo Clim\u00e1tico.<\/p>\n<figure class=\"wp-block-audio\"><audio src=\"https:\/\/prensa.cba.gov.ar\/wp-content\/uploads\/2022\/09\/Claudio-Vignetta-13.30-hrs.mp3\" controls=\"controls\" data-mce-fragment=\"1\"><\/audio><figcaption><strong><em>Audio:<\/em><\/strong>\u00a0Claudio Vignetta<\/figcaption><\/figure>\n<p>Tambi\u00e9n\u00a0<strong>se trabaja en el incendio de la zona de Berrotar\u00e1n<\/strong>, el cual se encuentra contenido, con per\u00edmetro inestable.<\/p>\n<p>Por otro lado,\u00a0<strong>contin\u00faa el incendio en la zona de La Cruz<\/strong>, donde est\u00e1 trabajando el ETAC y los Cuarteles de la Regional.<\/p>\n<\/div>\n<\/div>\n<\/article>\n","protected":false},"excerpt":{"rendered":"<p>Se inici\u00f3 un nuevo foco en La Arbolada, jurisdicci\u00f3n de Carlos Paz. Adem\u00e1s, contin\u00faa el activo el fuego en la zona de La Falda, Huerta Grande, Villa Giardino y La Cruz. Tambi\u00e9n, bomberos trabajan en el incendio en la zona de Berrotar\u00e1n. Informaci\u00f3n actualizada a las 13.30 horas. La Secretar\u00eda de Gesti\u00f3n de Riesgos Clim\u00e1ticos, &hellip;<\/p>\n","protected":false},"author":1,"featured_media":5110,"comment_status":"open","ping_status":"open","sticky":false,"template":"","format":"standard","meta":{"footnotes":""},"categories":[48],"tags":[],"class_list":["post-5109","post","type-post","status-publish","format-standard","has-post-thumbnail","hentry","category-info-general"],"_links":{"self":[{"href":"https:\/\/radiobeat97.com.ar\/beat\/wp-json\/wp\/v2\/posts\/5109","targetHints":{"allow":["GET"]}}],"collection":[{"href":"https:\/\/radiobeat97.com.ar\/beat\/wp-json\/wp\/v2\/posts"}],"about":[{"href":"https:\/\/radiobeat97.com.ar\/beat\/wp-json\/wp\/v2\/types\/post"}],"author":[{"embeddable":true,"href":"https:\/\/radiobeat97.com.ar\/beat\/wp-json\/wp\/v2\/users\/1"}],"replies":[{"embeddable":true,"href":"https:\/\/radiobeat97.com.ar\/beat\/wp-json\/wp\/v2\/comments?post=5109"}],"version-history":[{"count":1,"href":"https:\/\/radiobeat97.com.ar\/beat\/wp-json\/wp\/v2\/posts\/5109\/revisions"}],"predecessor-version":[{"id":5111,"href":"https:\/\/radiobeat97.com.ar\/beat\/wp-json\/wp\/v2\/posts\/5109\/revisions\/5111"}],"wp:featuredmedia":[{"embeddable":true,"href":"https:\/\/radiobeat97.com.ar\/beat\/wp-json\/wp\/v2\/media\/5110"}],"wp:attachment":[{"href":"https:\/\/radiobeat97.com.ar\/beat\/wp-json\/wp\/v2\/media?parent=5109"}],"wp:term":[{"taxonomy":"category","embeddable":true,"href":"https:\/\/radiobeat97.com.ar\/beat\/wp-json\/wp\/v2\/categories?post=5109"},{"taxonomy":"post_tag","embeddable":true,"href":"https:\/\/radiobeat97.com.ar\/beat\/wp-json\/wp\/v2\/tags?post=5109"}],"curies":[{"name":"wp","href":"https:\/\/api.w.org\/{rel}","templated":true}]}}