{"id":5155,"date":"2022-09-22T02:14:35","date_gmt":"2022-09-22T02:14:35","guid":{"rendered":"http:\/\/www.radiobeat97.com.ar\/beat\/?p=5155"},"modified":"2022-10-12T11:58:37","modified_gmt":"2022-10-12T11:58:37","slug":"la-provincia-construira-un-puente-peatonal-en-el-parque-las-heras","status":"publish","type":"post","link":"https:\/\/radiobeat97.com.ar\/beat\/la-provincia-construira-un-puente-peatonal-en-el-parque-las-heras\/","title":{"rendered":"La Provincia construir\u00e1 un puente peatonal en el Parque Las Heras"},"content":{"rendered":"<ul>\n<li><strong>El anuncio fue formulado durante un acto en el Centro C\u00edvico donde estuvieron Schiaretti y Llaryora.<\/strong><\/li>\n<li><strong>Tendr\u00e1 una longitud de 80 metros dividida en tres tramos\u00a0y demandar\u00e1 una inversi\u00f3n de 544 millones de pesos.<\/strong><\/li>\n<li><strong>El ministro de Obras P\u00fablicas, Ricardo Sosa, dijo que se comunicar\u00e1 con la ciclov\u00eda, desde la Isla de los Patos\u00a0hasta el Parque Sarmiento.<\/strong><\/li>\n<\/ul>\n<p>La Provincia anunci\u00f3 este lunes la construcci\u00f3n de un puente peatonal que vincular\u00e1 el Parque Las Heras y el Paseo Suqu\u00eda (ex Plaza Austria). Forma parte\u00a0de los proyectos\u00a0de\u00a0puesta en valor del r\u00edo Suqu\u00eda que ejecuta la Provincia en conjunto con la Municipalidad de C\u00f3rdoba.<\/p>\n<p>El anuncio lo realiz\u00f3 el titular de Obras P\u00fablicas, Ricardo Sosa, quien se\u00f1al\u00f3 que el puente\u00a0<em>\u201cpor su valor arquitect\u00f3nico, estar\u00e1 destinado a convertirse en un hito de la ciudad de C\u00f3rdoba\u201d<\/em>.<\/p>\n<p>Explic\u00f3 el ministro que la estructura<em>\u00a0\u201cpermitir\u00e1 disfrutar el Parque de las Heras y el otro costado del r\u00edo y a su vez comunicar\u00e1 con la ciclov\u00eda que estamos construyendo, desde la Isla de los Patos hasta el Parque Sarmiento\u201d<\/em>.<\/p>\n<figure class=\"wp-block-gallery columns-3 is-cropped has-lightbox lightbox-0 \">\n<ul class=\"blocks-gallery-grid\">\n<li class=\"blocks-gallery-item\">\n<figure><img fetchpriority=\"high\" decoding=\"async\" class=\"wp-image-517915\" src=\"https:\/\/prensa.cba.gov.ar\/wp-content\/uploads\/2022\/09\/DSC_1475.jpg\" alt=\"\" width=\"993\" height=\"662\" data-id=\"517915\" data-link=\"https:\/\/prensa.cba.gov.ar\/?attachment_id=517915\" \/><\/figure>\n<\/li>\n<li class=\"blocks-gallery-item\">\n<figure><img decoding=\"async\" class=\"wp-image-517919\" src=\"https:\/\/prensa.cba.gov.ar\/wp-content\/uploads\/2022\/09\/DSC_1454.jpg\" alt=\"\" width=\"993\" height=\"662\" data-id=\"517919\" data-link=\"https:\/\/prensa.cba.gov.ar\/?attachment_id=517919\" \/><\/figure>\n<\/li>\n<li class=\"blocks-gallery-item\">\n<figure><img decoding=\"async\" class=\"wp-image-517918\" src=\"https:\/\/prensa.cba.gov.ar\/wp-content\/uploads\/2022\/09\/DSC_1456.jpg\" alt=\"\" width=\"993\" height=\"662\" data-id=\"517918\" data-link=\"https:\/\/prensa.cba.gov.ar\/?attachment_id=517918\" \/><\/figure>\n<\/li>\n<\/ul>\n<\/figure>\n<p>Del acto, celebrado en el Centro C\u00edvico, participaron el gobernador Juan Schiaretti; la senadora nacional Alejandra Vigo; el ministro de Vinculaci\u00f3n Comunitaria y Comunicaci\u00f3n, Paulo Cassinerio; el director de Vialidad Provincia, Mart\u00edn Guti\u00e9rrez; el intendente Mart\u00edn Llaryora; el vice intendente Daniel Passerini, y Daniel Rey, secretario de Desarrollo Urbano municipal.<\/p>\n<p>El intendente capitalino elogi\u00f3 la labor conjunta desplegada para recuperar el Suqu\u00eda.\u00a0<em>\u201dEstamos revirtiendo la situaci\u00f3n y ese r\u00edo que estaba de espalda a los cordobeses de a poco empez\u00f3 a mejorar\u201d<\/em>.<\/p>\n<p>Describi\u00f3 lo realizado hasta ahora\u00a0y record\u00f3 que<em>\u00a0\u201cempezamos arreglando la ciclov\u00eda, los cordones, limpiando, adem\u00e1s de sacar la basura,\u00a0cortar el pasto y acomodar cada una de sus situaciones\u201d.<\/em><\/p>\n<p>Y concluy\u00f3 afirmando,\u00a0<em>\u201ccuando le damos espacios de calidad a los vecinos, los usan y los cuidan\u201d.<\/em><\/p>\n<figure class=\"wp-block-gallery columns-3 is-cropped has-lightbox lightbox-1 \">\n<ul class=\"blocks-gallery-grid\">\n<li class=\"blocks-gallery-item\">\n<figure><img loading=\"lazy\" decoding=\"async\" class=\"wp-image-517923\" src=\"https:\/\/prensa.cba.gov.ar\/wp-content\/uploads\/2022\/09\/Cam07-recortada.jpg\" alt=\"\" width=\"993\" height=\"663\" data-id=\"517923\" data-full-url=\"https:\/\/prensa.cba.gov.ar\/wp-content\/uploads\/2022\/09\/Cam07-recortada.jpg\" data-link=\"https:\/\/prensa.cba.gov.ar\/?attachment_id=517923\" \/><\/figure>\n<\/li>\n<li class=\"blocks-gallery-item\">\n<figure><img loading=\"lazy\" decoding=\"async\" class=\"wp-image-517921\" src=\"https:\/\/prensa.cba.gov.ar\/wp-content\/uploads\/2022\/09\/recortada.jpg\" alt=\"\" width=\"993\" height=\"663\" data-id=\"517921\" data-full-url=\"https:\/\/prensa.cba.gov.ar\/wp-content\/uploads\/2022\/09\/recortada.jpg\" data-link=\"https:\/\/prensa.cba.gov.ar\/?attachment_id=517921\" \/><\/figure>\n<\/li>\n<li class=\"blocks-gallery-item\">\n<figure><img loading=\"lazy\" decoding=\"async\" class=\"wp-image-517920\" src=\"https:\/\/prensa.cba.gov.ar\/wp-content\/uploads\/2022\/09\/Cam01-recortada.jpg\" alt=\"\" width=\"993\" height=\"663\" data-id=\"517920\" data-full-url=\"https:\/\/prensa.cba.gov.ar\/wp-content\/uploads\/2022\/09\/Cam01-recortada.jpg\" data-link=\"https:\/\/prensa.cba.gov.ar\/?attachment_id=517920\" \/><\/figure>\n<\/li>\n<\/ul>\n<\/figure>\n<p>La nueva plataforma est\u00e1 ubicada entre los puentes Ant\u00e1rtida y Centenario y\u00a0es un aporte de la Provincia al Plan de Desarrollo Urbano que lleva adelante la Municipalidad de C\u00f3rdoba\u00a0para el reordenamiento, revalorizaci\u00f3n e integraci\u00f3n del sector del Parque Las Heras.<\/p>\n<p>El puente estar\u00e1 conformado por una pasarela met\u00e1lica\u00a0sostenida por un sistema de tirantes y\u00a0tiene una longitud de 80 metros dividida en tres tramos.<\/p>\n<p>Cuenta con un \u00e1rea aproximada de 500 m2 y una longitud libre de apoyos de 42 metros en el tramo principal y demandar\u00e1 una inversi\u00f3n de 544 millones de pesos.<\/p>\n<div class=\"wp-block-image\">\n<figure class=\"aligncenter size-full is-resized\"><img loading=\"lazy\" decoding=\"async\" class=\"wp-image-517927\" src=\"https:\/\/prensa.cba.gov.ar\/wp-content\/uploads\/2022\/09\/IMG_1072.jpg\" alt=\"\" width=\"624\" height=\"415\" \/><\/figure>\n<\/div>\n<p>La obra cuenta con m\u00e1stil que tiene una altura de 29 metros. Desde all\u00ed, se toman los cables met\u00e1licos que conforman el atirantado que completa el sistema estructural del puente.<\/p>\n<p>El ministro\u00a0de Obras P\u00fablicas anticip\u00f3\u00a0que la semana que viene se har\u00e1 la publicaci\u00f3n del llamado a licitaci\u00f3n y a mediados de octubre se abrir\u00e1n los sobres, con un plazo de obra de seis meses.<\/p>\n<p><em>\u201cAl proyecto que est\u00e1 desarrollando el municipio, que es la recuperaci\u00f3n del r\u00edo Suqu\u00eda para los cordobeses, nosotros agregamos esta obra\u201d<\/em>, subray\u00f3 Ricardo Sosa.<\/p>\n<p><iframe title=\"YouTube video player\" src=\"https:\/\/www.youtube.com\/embed\/C9XDFFTEapY\" width=\"560\" height=\"315\" frameborder=\"0\" allowfullscreen=\"allowfullscreen\" data-mce-fragment=\"1\"><\/iframe><\/p>\n","protected":false},"excerpt":{"rendered":"<p>El anuncio fue formulado durante un acto en el Centro C\u00edvico donde estuvieron Schiaretti y Llaryora. Tendr\u00e1 una longitud de 80 metros dividida en tres tramos\u00a0y demandar\u00e1 una inversi\u00f3n de 544 millones de pesos. El ministro de Obras P\u00fablicas, Ricardo Sosa, dijo que se comunicar\u00e1 con la ciclov\u00eda, desde la Isla de los Patos\u00a0hasta el &hellip;<\/p>\n","protected":false},"author":1,"featured_media":5156,"comment_status":"open","ping_status":"open","sticky":false,"template":"","format":"standard","meta":{"footnotes":""},"categories":[48],"tags":[],"class_list":["post-5155","post","type-post","status-publish","format-standard","has-post-thumbnail","hentry","category-info-general"],"_links":{"self":[{"href":"https:\/\/radiobeat97.com.ar\/beat\/wp-json\/wp\/v2\/posts\/5155","targetHints":{"allow":["GET"]}}],"collection":[{"href":"https:\/\/radiobeat97.com.ar\/beat\/wp-json\/wp\/v2\/posts"}],"about":[{"href":"https:\/\/radiobeat97.com.ar\/beat\/wp-json\/wp\/v2\/types\/post"}],"author":[{"embeddable":true,"href":"https:\/\/radiobeat97.com.ar\/beat\/wp-json\/wp\/v2\/users\/1"}],"replies":[{"embeddable":true,"href":"https:\/\/radiobeat97.com.ar\/beat\/wp-json\/wp\/v2\/comments?post=5155"}],"version-history":[{"count":1,"href":"https:\/\/radiobeat97.com.ar\/beat\/wp-json\/wp\/v2\/posts\/5155\/revisions"}],"predecessor-version":[{"id":5157,"href":"https:\/\/radiobeat97.com.ar\/beat\/wp-json\/wp\/v2\/posts\/5155\/revisions\/5157"}],"wp:featuredmedia":[{"embeddable":true,"href":"https:\/\/radiobeat97.com.ar\/beat\/wp-json\/wp\/v2\/media\/5156"}],"wp:attachment":[{"href":"https:\/\/radiobeat97.com.ar\/beat\/wp-json\/wp\/v2\/media?parent=5155"}],"wp:term":[{"taxonomy":"category","embeddable":true,"href":"https:\/\/radiobeat97.com.ar\/beat\/wp-json\/wp\/v2\/categories?post=5155"},{"taxonomy":"post_tag","embeddable":true,"href":"https:\/\/radiobeat97.com.ar\/beat\/wp-json\/wp\/v2\/tags?post=5155"}],"curies":[{"name":"wp","href":"https:\/\/api.w.org\/{rel}","templated":true}]}}