{"id":5164,"date":"2022-09-21T11:52:26","date_gmt":"2022-09-21T11:52:26","guid":{"rendered":"http:\/\/www.radiobeat97.com.ar\/beat\/?p=5164"},"modified":"2022-10-12T11:58:49","modified_gmt":"2022-10-12T11:58:49","slug":"florecer-en-pandemia","status":"publish","type":"post","link":"https:\/\/radiobeat97.com.ar\/beat\/florecer-en-pandemia\/","title":{"rendered":"Florecer en pandemia"},"content":{"rendered":"<ul>\n<li><strong>\u201cObispo Trejo Florece\u201d es un proyecto productivo que naci\u00f3 en plena irrupci\u00f3n del Covid-19<\/strong>.<\/li>\n<li><strong>El objetivo consiste en cultivar y comercializar flores como lilium, alel\u00ed, lavanda, claveles y rosas, entre muchas otras.<\/strong><\/li>\n<li><strong>Participan 10 mujeres con diferentes ocupaciones, quienes lograron empoderarse y emprender una iniciativa comunitaria<\/strong>.<\/li>\n<\/ul>\n<p><strong>\u201cObispo Trejo Florece<\/strong>\u201d es un proyecto de floricultura llevado adelante por\u00a0<strong>10 emprendedoras<\/strong>,\u00a0con el objetivo de\u00a0<strong>promover un desarrollo local<\/strong><strong>\u00a0como la\u00a0<\/strong><strong>producci\u00f3n de cultivos florales<\/strong><strong>, y con el tiempo, convertirlo en una oportunidad de trabajo para la localidad.<\/strong><\/p>\n<p>El equipo de trabajo est\u00e1 integrado por mujeres<strong>\u00a0con diferentes ocupaciones, quienes, a pesar de las adversidades, lograron empoderarse y emprender un proyecto comunitario<\/strong>. Con pasi\u00f3n, entusiasmo y mucho esfuerzo, estas mujeres lograron\u00a0<strong>influenciar en el entorno, contagiando a otras emprendedoras que se identificaron con la propuesta y se sumaron<\/strong>, apostando a este proyecto innovador para toda la zona.<\/p>\n<p>\u201c<strong><em>S<\/em><\/strong><strong><em>omos 10 mujeres<\/em><\/strong><em>, todas tenemos nuestras familias, pero igual le dedicamos tiempo a este proyecto y\u00a0<strong>entre todas nos ayudamos<\/strong><\/em>\u201d, coment\u00f3\u00a0<strong>Claudia Villafa\u00f1e<\/strong>, integrante del equipo.<\/p>\n<p>Por su parte,\u00a0<strong>Elsa Gudi\u00f1o\u00a0<\/strong>dijo: \u201c<em>Alguna de nosotras ten\u00edamos algo de conocimiento porque vivimos en el campo. As\u00ed, de a poquito, empezamos a encaminar el proyecto.\u00a0<strong>Algunas de nosotras somos abuelas y tenemos nuestras familias, eso nos demanda tiempo, pero jam\u00e1s pensamos en abandonar el proyecto\u201d<\/strong><\/em><\/p>\n<p>Algo similar expres\u00f3 Claudia:\u00a0<em>\u201cUnas con otras nos fuimos contagiando el entusiasmo, y tambi\u00e9n sumamos a otras mujeres que estaban en el mismo camino que nosotras,\u00a0<strong>cumplir con nuestras familias, pero tambi\u00e9n, hacer lo que nos gusta<\/strong>\u201d.<\/em><\/p>\n<figure class=\"wp-block-gallery columns-3 is-cropped has-lightbox lightbox-0 \">\n<ul class=\"blocks-gallery-grid\">\n<li class=\"blocks-gallery-item\">\n<figure><img fetchpriority=\"high\" decoding=\"async\" class=\"wp-image-516949\" src=\"https:\/\/prensa.cba.gov.ar\/wp-content\/uploads\/2022\/09\/DSC_3206.jpg\" alt=\"\" width=\"993\" height=\"662\" data-id=\"516949\" data-link=\"https:\/\/prensa.cba.gov.ar\/?attachment_id=516949\" \/><\/figure>\n<\/li>\n<li class=\"blocks-gallery-item\">\n<figure><img decoding=\"async\" class=\"wp-image-516950\" src=\"https:\/\/prensa.cba.gov.ar\/wp-content\/uploads\/2022\/09\/DSC_3363.jpg\" alt=\"\" width=\"993\" height=\"662\" data-id=\"516950\" data-link=\"https:\/\/prensa.cba.gov.ar\/?attachment_id=516950\" \/><\/figure>\n<\/li>\n<li class=\"blocks-gallery-item\">\n<figure><img decoding=\"async\" class=\"wp-image-516951\" src=\"https:\/\/prensa.cba.gov.ar\/wp-content\/uploads\/2022\/09\/DSC_3405.jpg\" alt=\"\" width=\"993\" height=\"662\" data-id=\"516951\" data-link=\"https:\/\/prensa.cba.gov.ar\/?attachment_id=516951\" \/><\/figure>\n<\/li>\n<li class=\"blocks-gallery-item\">\n<figure><img loading=\"lazy\" decoding=\"async\" class=\"wp-image-517498\" src=\"https:\/\/prensa.cba.gov.ar\/wp-content\/uploads\/2022\/09\/DSC_3393.jpg\" alt=\"\" width=\"993\" height=\"662\" data-id=\"517498\" data-link=\"https:\/\/prensa.cba.gov.ar\/?attachment_id=517498\" \/><\/figure>\n<\/li>\n<li class=\"blocks-gallery-item\">\n<figure><img loading=\"lazy\" decoding=\"async\" class=\"wp-image-517499\" src=\"https:\/\/prensa.cba.gov.ar\/wp-content\/uploads\/2022\/09\/DSC_3420.jpg\" alt=\"\" width=\"993\" height=\"662\" data-id=\"517499\" data-link=\"https:\/\/prensa.cba.gov.ar\/?attachment_id=517499\" \/><\/figure>\n<\/li>\n<\/ul>\n<\/figure>\n<p>La iniciativa naci\u00f3 en\u00a0<strong>Obispo Trejo<\/strong>, en el departamento R\u00edo Primero, all\u00e1 por el\u00a0<strong>a\u00f1o 2019<\/strong>, contra todo pron\u00f3stico positivo ya que el lugar se caracteriza por presentar un\u00a0<strong>suelo salino<\/strong>, por la\u00a0<strong>falta de lluvias<\/strong>\u00a0y porque\u00a0<strong>las napas fre\u00e1ticas est\u00e1n muy altas<\/strong>, lo cual hac\u00eda pensar que se trataba de un proyecto con escasas, por no decir casi nulas, posibilidades de prosperar en el tiempo.<\/p>\n<p>Adem\u00e1s de ir contra los malos pron\u00f3sticos,\u00a0<strong>el proyecto se desarroll\u00f3 en una etapa complicada, en plena pandemia de Covid-19<\/strong>. \u201c<em>De la pandemia surgi\u00f3 esto, porque\u00a0<strong>a veces<\/strong>\u00a0<strong>lo malo trae cosas buenas<\/strong>. Esto es como una terapia, llegas y no te queres ir m\u00e1s<\/em>\u201d, expres\u00f3 Elsa, quien adem\u00e1s cont\u00f3 que trabajan por la ma\u00f1ana y por la tarde, \u201c<em>todos los d\u00edas, porque las plantas no saben de domingos ni feriados<\/em>\u201d.<\/p>\n<p>Al inicio del proyecto comenzaron con uno, pero actualmente el emprendimiento cuenta ya con\u00a0<strong>ocho viveros invernaderos en actividad<\/strong>, los cuales\u00a0<strong>generan ingresos econ\u00f3micos a unas 20 familias.<\/strong><\/p>\n<figure class=\"wp-block-gallery columns-2 is-cropped\">\n<ul class=\"blocks-gallery-grid\">\n<li class=\"blocks-gallery-item\">\n<figure><img loading=\"lazy\" decoding=\"async\" class=\"wp-image-516953\" src=\"https:\/\/prensa.cba.gov.ar\/wp-content\/uploads\/2022\/09\/DSC_3348-1.jpg\" alt=\"\" width=\"993\" height=\"662\" data-id=\"516953\" data-link=\"https:\/\/prensa.cba.gov.ar\/?attachment_id=516953\" \/><\/figure>\n<\/li>\n<li class=\"blocks-gallery-item\">\n<figure><img loading=\"lazy\" decoding=\"async\" class=\"wp-image-516954\" src=\"https:\/\/prensa.cba.gov.ar\/wp-content\/uploads\/2022\/09\/DSC_3766-1.jpg\" alt=\"\" width=\"993\" height=\"662\" data-id=\"516954\" data-link=\"https:\/\/prensa.cba.gov.ar\/?attachment_id=516954\" \/><\/figure>\n<\/li>\n<\/ul>\n<\/figure>\n<p>En el lugar se producen varios tipos de flores de corte,\u00a0principalmente bulbos de lilium, statice, helianthus y lisianthus. El mayor volumen de producci\u00f3n\u00a0<strong>se comercializa en la ciudad de C\u00f3rdoba<\/strong>, pero las flores tambi\u00e9n llegan a zonas aleda\u00f1as a la localidad, a\u00a0<strong>otras provincias<\/strong>\u00a0como Salta, Mendoza y Jujuy, tambi\u00e9n a\u00a0<strong>pa\u00edses vecinos como Bolivia<\/strong>.<\/p>\n<p>Al respecto, Mirtha Almada, tambi\u00e9n integrante de Obispo Trejo Florece, expres\u00f3: \u201c<em><strong>nos compran florer\u00edas grandes de C\u00f3rdoba<\/strong>\u00a0y en los pueblos vecinos tambi\u00e9n nos encargan para los cumplea\u00f1os, los casamientos y las comuniones en la iglesia<\/em>\u201d.<\/p>\n<p>Adem\u00e1s, Mirtha dijo, con emoci\u00f3n en los ojos, sentir orgullo por los env\u00edos que realizan a otros lugares. \u201c<strong><em>Nuestras flores est\u00e1n por todos lados, en todo el pa\u00eds, eso me llena el coraz\u00f3n de enorme alegr\u00eda<\/em><\/strong>\u201d, afirm\u00f3.<\/p>\n<div class=\"wp-block-coblocks-gallery-carousel alignfull\" aria-label=\"Carousel Gallery\">\n<div class=\"coblocks-gallery-carousel-swiper-container is-cropped coblocks-gallery has-caption-style-dark\">\n<div id=\"12345\" class=\"has-carousel has-carousel-xlrg swiper-container has-aligned-cells has-nav-daa3ab10\" data-swiper=\"{&quot;alignCells&quot;:true,&quot;autoPlay&quot;:false,&quot;autoPlaySpeed&quot;:3000,&quot;draggable&quot;:false,&quot;freeMode&quot;:false,&quot;loop&quot;:false,&quot;navigation&quot;:false,&quot;pageDots&quot;:false,&quot;pauseHover&quot;:false,&quot;responsiveHeight&quot;:false,&quot;slidesPerView&quot;:1,&quot;thumbnails&quot;:true,&quot;uuid&quot;:&quot;12345&quot;}\">\n<div class=\"swiper-wrapper\">\n<div class=\"swiper-slide swiper-slide-active\" data-slider=\"0\">\n<div class=\"coblocks-gallery--item\" role=\"button\">\n<figure class=\"coblocks-gallery--figure\"><img loading=\"lazy\" decoding=\"async\" class=\"wp-image-516955\" src=\"https:\/\/prensa.cba.gov.ar\/wp-content\/uploads\/2022\/09\/1-6.jpg\" alt=\"\" width=\"993\" height=\"660\" data-id=\"516955\" data-link=\"https:\/\/prensa.cba.gov.ar\/?attachment_id=516955\" \/><\/figure>\n<\/div>\n<\/div>\n<div class=\"swiper-slide swiper-slide-next\" data-slider=\"1\">\n<div class=\"coblocks-gallery--item\" role=\"button\">\n<figure class=\"coblocks-gallery--figure\"><img loading=\"lazy\" decoding=\"async\" class=\"wp-image-516956\" src=\"https:\/\/prensa.cba.gov.ar\/wp-content\/uploads\/2022\/09\/2-5.jpg\" alt=\"\" width=\"993\" height=\"660\" data-id=\"516956\" data-link=\"https:\/\/prensa.cba.gov.ar\/?attachment_id=516956\" \/><\/figure>\n<\/div>\n<\/div>\n<div class=\"swiper-slide\" data-slider=\"2\">\n<div class=\"coblocks-gallery--item\" role=\"button\">\n<figure class=\"coblocks-gallery--figure\"><img loading=\"lazy\" decoding=\"async\" class=\"wp-image-516957\" src=\"https:\/\/prensa.cba.gov.ar\/wp-content\/uploads\/2022\/09\/3-4.jpg\" alt=\"\" width=\"993\" height=\"660\" data-id=\"516957\" data-link=\"https:\/\/prensa.cba.gov.ar\/?attachment_id=516957\" \/><\/figure>\n<\/div>\n<\/div>\n<div class=\"swiper-slide\" data-slider=\"3\">\n<div class=\"coblocks-gallery--item\" role=\"button\">\n<figure class=\"coblocks-gallery--figure\"><img loading=\"lazy\" decoding=\"async\" class=\"wp-image-516958\" src=\"https:\/\/prensa.cba.gov.ar\/wp-content\/uploads\/2022\/09\/4-5.jpg\" alt=\"\" width=\"993\" height=\"660\" data-id=\"516958\" data-link=\"https:\/\/prensa.cba.gov.ar\/?attachment_id=516958\" \/><\/figure>\n<\/div>\n<\/div>\n<div class=\"swiper-slide\" data-slider=\"4\">\n<div class=\"coblocks-gallery--item\" role=\"button\">\n<figure class=\"coblocks-gallery--figure\"><img loading=\"lazy\" decoding=\"async\" class=\"wp-image-516959\" src=\"https:\/\/prensa.cba.gov.ar\/wp-content\/uploads\/2022\/09\/5-3.jpg\" alt=\"\" width=\"993\" height=\"660\" data-id=\"516959\" data-link=\"https:\/\/prensa.cba.gov.ar\/?attachment_id=516959\" \/><\/figure>\n<\/div>\n<\/div>\n<div class=\"swiper-slide\" data-slider=\"5\">\n<div class=\"coblocks-gallery--item\" role=\"button\">\n<figure class=\"coblocks-gallery--figure\"><img loading=\"lazy\" decoding=\"async\" class=\"wp-image-516960\" src=\"https:\/\/prensa.cba.gov.ar\/wp-content\/uploads\/2022\/09\/6-3.jpg\" alt=\"\" width=\"993\" height=\"660\" data-id=\"516960\" data-link=\"https:\/\/prensa.cba.gov.ar\/?attachment_id=516960\" \/><\/figure>\n<\/div>\n<\/div>\n<div class=\"swiper-slide\" data-slider=\"6\">\n<div class=\"coblocks-gallery--item\" role=\"button\">\n<figure class=\"coblocks-gallery--figure\"><img loading=\"lazy\" decoding=\"async\" class=\"wp-image-516961\" src=\"https:\/\/prensa.cba.gov.ar\/wp-content\/uploads\/2022\/09\/7-1.jpg\" alt=\"\" width=\"993\" height=\"660\" data-id=\"516961\" data-link=\"https:\/\/prensa.cba.gov.ar\/?attachment_id=516961\" \/><\/figure>\n<\/div>\n<\/div>\n<div class=\"swiper-slide\" data-slider=\"7\">\n<div class=\"coblocks-gallery--item\" role=\"button\">\n<figure class=\"coblocks-gallery--figure\"><img loading=\"lazy\" decoding=\"async\" class=\"wp-image-516962\" src=\"https:\/\/prensa.cba.gov.ar\/wp-content\/uploads\/2022\/09\/8-1.jpg\" alt=\"\" width=\"993\" height=\"660\" data-id=\"516962\" data-link=\"https:\/\/prensa.cba.gov.ar\/?attachment_id=516962\" \/><\/figure>\n<\/div>\n<\/div>\n<div class=\"swiper-slide\" data-slider=\"8\">\n<div class=\"coblocks-gallery--item\" role=\"button\">\n<figure class=\"coblocks-gallery--figure\"><img loading=\"lazy\" decoding=\"async\" class=\"wp-image-516963\" src=\"https:\/\/prensa.cba.gov.ar\/wp-content\/uploads\/2022\/09\/10-1.jpg\" alt=\"\" width=\"993\" height=\"660\" data-id=\"516963\" data-link=\"https:\/\/prensa.cba.gov.ar\/?attachment_id=516963\" \/><\/figure>\n<\/div>\n<\/div>\n<div class=\"swiper-slide\" data-slider=\"9\">\n<div class=\"coblocks-gallery--item\" role=\"button\">\n<figure class=\"coblocks-gallery--figure\"><img loading=\"lazy\" decoding=\"async\" class=\"wp-image-516964\" src=\"https:\/\/prensa.cba.gov.ar\/wp-content\/uploads\/2022\/09\/11-1.jpg\" alt=\"\" width=\"993\" height=\"660\" data-id=\"516964\" data-link=\"https:\/\/prensa.cba.gov.ar\/?attachment_id=516964\" \/><\/figure>\n<\/div>\n<\/div>\n<div class=\"swiper-slide\" data-slider=\"10\">\n<div class=\"coblocks-gallery--item\" role=\"button\">\n<figure class=\"coblocks-gallery--figure\"><img loading=\"lazy\" decoding=\"async\" class=\"wp-image-516965\" src=\"https:\/\/prensa.cba.gov.ar\/wp-content\/uploads\/2022\/09\/12-1.jpg\" alt=\"\" width=\"993\" height=\"660\" data-id=\"516965\" data-link=\"https:\/\/prensa.cba.gov.ar\/?attachment_id=516965\" \/><\/figure>\n<\/div>\n<\/div>\n<div class=\"swiper-slide\" data-slider=\"11\">\n<div class=\"coblocks-gallery--item\" role=\"button\">\n<figure class=\"coblocks-gallery--figure\"><img loading=\"lazy\" decoding=\"async\" class=\"wp-image-516966\" src=\"https:\/\/prensa.cba.gov.ar\/wp-content\/uploads\/2022\/09\/13-1.jpg\" alt=\"\" width=\"993\" height=\"660\" data-id=\"516966\" data-link=\"https:\/\/prensa.cba.gov.ar\/?attachment_id=516966\" \/><\/figure>\n<\/div>\n<\/div>\n<div class=\"swiper-slide\" data-slider=\"12\">\n<div class=\"coblocks-gallery--item\" role=\"button\">\n<figure class=\"coblocks-gallery--figure\"><img loading=\"lazy\" decoding=\"async\" class=\"wp-image-516967\" src=\"https:\/\/prensa.cba.gov.ar\/wp-content\/uploads\/2022\/09\/19-1.jpg\" alt=\"\" width=\"993\" height=\"660\" data-id=\"516967\" data-link=\"https:\/\/prensa.cba.gov.ar\/?attachment_id=516967\" \/><\/figure>\n<\/div>\n<\/div>\n<div class=\"swiper-slide\" data-slider=\"13\">\n<div class=\"coblocks-gallery--item\" role=\"button\">\n<figure class=\"coblocks-gallery--figure\"><img loading=\"lazy\" decoding=\"async\" class=\"wp-image-516968\" src=\"https:\/\/prensa.cba.gov.ar\/wp-content\/uploads\/2022\/09\/20-1.jpg\" alt=\"\" width=\"993\" height=\"660\" data-id=\"516968\" data-link=\"https:\/\/prensa.cba.gov.ar\/?attachment_id=516968\" \/><\/figure>\n<\/div>\n<\/div>\n<\/div>\n<\/div>\n<div class=\"wp-block-coblocks-gallery-carousel-thumbnail-pagination\"><button class=\"wp-block-coblocks-gallery-carousel-thumbnail wp-block-coblocks-gallery-carousel-thumbnail-0 is-active\" aria-label=\"gallery thumbnail\"><img decoding=\"async\" src=\"https:\/\/prensa.cba.gov.ar\/wp-content\/uploads\/2022\/09\/1-6.jpg\" alt=\"\" data-id=\"516955\" data-link=\"https:\/\/prensa.cba.gov.ar\/?attachment_id=516955\" \/><\/button><button class=\"wp-block-coblocks-gallery-carousel-thumbnail wp-block-coblocks-gallery-carousel-thumbnail-1\" aria-label=\"gallery thumbnail\"><img decoding=\"async\" src=\"https:\/\/prensa.cba.gov.ar\/wp-content\/uploads\/2022\/09\/2-5.jpg\" alt=\"\" data-id=\"516956\" data-link=\"https:\/\/prensa.cba.gov.ar\/?attachment_id=516956\" \/><\/button><button class=\"wp-block-coblocks-gallery-carousel-thumbnail wp-block-coblocks-gallery-carousel-thumbnail-2\" aria-label=\"gallery thumbnail\"><img decoding=\"async\" src=\"https:\/\/prensa.cba.gov.ar\/wp-content\/uploads\/2022\/09\/3-4.jpg\" alt=\"\" data-id=\"516957\" data-link=\"https:\/\/prensa.cba.gov.ar\/?attachment_id=516957\" \/><\/button><button class=\"wp-block-coblocks-gallery-carousel-thumbnail wp-block-coblocks-gallery-carousel-thumbnail-3\" aria-label=\"gallery thumbnail\"><img decoding=\"async\" src=\"https:\/\/prensa.cba.gov.ar\/wp-content\/uploads\/2022\/09\/4-5.jpg\" alt=\"\" data-id=\"516958\" data-link=\"https:\/\/prensa.cba.gov.ar\/?attachment_id=516958\" \/><\/button><button class=\"wp-block-coblocks-gallery-carousel-thumbnail wp-block-coblocks-gallery-carousel-thumbnail-4\" aria-label=\"gallery thumbnail\"><img decoding=\"async\" src=\"https:\/\/prensa.cba.gov.ar\/wp-content\/uploads\/2022\/09\/5-3.jpg\" alt=\"\" data-id=\"516959\" data-link=\"https:\/\/prensa.cba.gov.ar\/?attachment_id=516959\" \/><\/button><button class=\"wp-block-coblocks-gallery-carousel-thumbnail wp-block-coblocks-gallery-carousel-thumbnail-5\" aria-label=\"gallery thumbnail\"><img decoding=\"async\" src=\"https:\/\/prensa.cba.gov.ar\/wp-content\/uploads\/2022\/09\/6-3.jpg\" alt=\"\" data-id=\"516960\" data-link=\"https:\/\/prensa.cba.gov.ar\/?attachment_id=516960\" \/><\/button><button class=\"wp-block-coblocks-gallery-carousel-thumbnail wp-block-coblocks-gallery-carousel-thumbnail-6\" aria-label=\"gallery thumbnail\"><img decoding=\"async\" src=\"https:\/\/prensa.cba.gov.ar\/wp-content\/uploads\/2022\/09\/7-1.jpg\" alt=\"\" data-id=\"516961\" data-link=\"https:\/\/prensa.cba.gov.ar\/?attachment_id=516961\" \/><\/button><button class=\"wp-block-coblocks-gallery-carousel-thumbnail wp-block-coblocks-gallery-carousel-thumbnail-7\" aria-label=\"gallery thumbnail\"><img decoding=\"async\" src=\"https:\/\/prensa.cba.gov.ar\/wp-content\/uploads\/2022\/09\/8-1.jpg\" alt=\"\" data-id=\"516962\" data-link=\"https:\/\/prensa.cba.gov.ar\/?attachment_id=516962\" \/><\/button><button class=\"wp-block-coblocks-gallery-carousel-thumbnail wp-block-coblocks-gallery-carousel-thumbnail-8\" aria-label=\"gallery thumbnail\"><img decoding=\"async\" src=\"https:\/\/prensa.cba.gov.ar\/wp-content\/uploads\/2022\/09\/10-1.jpg\" alt=\"\" data-id=\"516963\" data-link=\"https:\/\/prensa.cba.gov.ar\/?attachment_id=516963\" \/><\/button><button class=\"wp-block-coblocks-gallery-carousel-thumbnail wp-block-coblocks-gallery-carousel-thumbnail-9\" aria-label=\"gallery thumbnail\"><img decoding=\"async\" src=\"https:\/\/prensa.cba.gov.ar\/wp-content\/uploads\/2022\/09\/11-1.jpg\" alt=\"\" data-id=\"516964\" data-link=\"https:\/\/prensa.cba.gov.ar\/?attachment_id=516964\" \/><\/button><button class=\"wp-block-coblocks-gallery-carousel-thumbnail wp-block-coblocks-gallery-carousel-thumbnail-10\" aria-label=\"gallery thumbnail\"><img decoding=\"async\" src=\"https:\/\/prensa.cba.gov.ar\/wp-content\/uploads\/2022\/09\/12-1.jpg\" alt=\"\" data-id=\"516965\" data-link=\"https:\/\/prensa.cba.gov.ar\/?attachment_id=516965\" \/><\/button><button class=\"wp-block-coblocks-gallery-carousel-thumbnail wp-block-coblocks-gallery-carousel-thumbnail-11\" aria-label=\"gallery thumbnail\"><img decoding=\"async\" src=\"https:\/\/prensa.cba.gov.ar\/wp-content\/uploads\/2022\/09\/13-1.jpg\" alt=\"\" data-id=\"516966\" data-link=\"https:\/\/prensa.cba.gov.ar\/?attachment_id=516966\" \/><\/button><button class=\"wp-block-coblocks-gallery-carousel-thumbnail wp-block-coblocks-gallery-carousel-thumbnail-12\" aria-label=\"gallery thumbnail\"><img decoding=\"async\" src=\"https:\/\/prensa.cba.gov.ar\/wp-content\/uploads\/2022\/09\/19-1.jpg\" alt=\"\" data-id=\"516967\" data-link=\"https:\/\/prensa.cba.gov.ar\/?attachment_id=516967\" \/><\/button><button class=\"wp-block-coblocks-gallery-carousel-thumbnail wp-block-coblocks-gallery-carousel-thumbnail-13\" aria-label=\"gallery thumbnail\"><img decoding=\"async\" src=\"https:\/\/prensa.cba.gov.ar\/wp-content\/uploads\/2022\/09\/20-1.jpg\" alt=\"\" data-id=\"516968\" data-link=\"https:\/\/prensa.cba.gov.ar\/?attachment_id=516968\" \/><\/button><\/div>\n<\/div>\n<\/div>\n<p>Lo novedoso del proyecto es que los cultivos tambi\u00e9n son utilizados para arreglos florales al natural y, luego de pasar por un proceso especial, otros son utilizados como souvenires y adornos en seco.<\/p>\n<p>Tiempo atr\u00e1s,\u00a0<strong>la Provincia hizo entrega de un aporte econ\u00f3mico para la compra de una c\u00e1mara de frio<\/strong>, la cual resulta fundamental para poder\u00a0mantener la calidad de las flores, ya que se trata de productos perecederos.<\/p>\n<p>Las emprendedoras no est\u00e1n solas en este proyecto, sino que reciben el asesoramiento profesional y capacitaciones por parte de docentes de la Facultad de Agronom\u00eda, de la Universidad Nacional de C\u00f3rdoba, y tambi\u00e9n cuentan con el apoyo de la Municipalidad de Obispo Trejo.<\/p>\n<p><iframe title=\"Obispo Trejo Florece\" src=\"https:\/\/www.youtube.com\/embed\/a7siCBan6JA\" width=\"853\" height=\"480\" frameborder=\"0\" allowfullscreen=\"allowfullscreen\" data-mce-fragment=\"1\"><\/iframe><\/p>\n<h3><strong>Sembrar esperanza, cosechar amor<\/strong><\/h3>\n<p>En una apuesta de cara al futuro, las protagonistas del proyecto\u00a0<strong>aspiran a conformar una cooperativa de trabajo<\/strong>\u00a0para lograr mayor organizaci\u00f3n y as\u00ed, afianzar una identidad, con valores y principio propios.<\/p>\n<p>Sin embargo, las emprendedoras no dejan de vivir y agradecer el hermoso presente por el que transitan. \u201c<em>Hoy, al ver esto siento mucha emoci\u00f3n y gratitud, porque fue mucho esfuerzo, la constancia, y el no darnos por vencidas.\u00a0<strong>Hoy vemos los resultados y nos emocionamos con cada pimpollo que se abre<\/strong><\/em>\u201d, dijo Claudia.<\/p>\n<p>Por su parte, Mirtha recuerda: \u201c<strong><em>aunque tuvimos muchos obst\u00e1culos por las dificultades del terreno, nosotras seguimos adelante, compostamos la tierra, la trabajamos y al final la tierra dio resultado<\/em><\/strong>\u201d.<\/p>\n<p>En tanto,\u00a0<strong>Susana Sosa<\/strong>\u00a0asegura que muchos no cre\u00edan en el proyecto, pero aun as\u00ed, siguieron adelante. \u201c<em>Algunos nos preguntaban qu\u00e9 \u00edbamos a hacer con este proyecto, d\u00f3nde quer\u00edamos llegar,\u00a0<strong>nos aseguraban que no iba a funcionar. Y yo les dec\u00eda que s\u00ed. Hoy estamos ac\u00e1 y vemos que funciona<\/strong><\/em>.\u00a0<strong><em>Trabajamos c<\/em><\/strong><em><strong>on esperanza, paciencia, confianza, y hoy tenemos una cosecha repleta de amor\u201d<\/strong><\/em>.<\/p>\n<p>Habiendo pasado ya varios meses desde el comienzo, las emprendedoras sienten haber cumplido un sue\u00f1o, pese a las circunstancias adversas y contra todos los que descre\u00edan del proyecto. \u201c<strong><em>Nos sentimos muy felices porque trabajamos todas con mucho amor, y gracias a ese amor logramos florecer en pandemia<\/em><\/strong>\u201d, finaliz\u00f3 Elsa.<\/p>\n<figure class=\"wp-block-gallery columns-1 is-cropped\">\n<ul class=\"blocks-gallery-grid\">\n<li class=\"blocks-gallery-item\">\n<figure><img loading=\"lazy\" decoding=\"async\" class=\"wp-image-516970\" src=\"https:\/\/prensa.cba.gov.ar\/wp-content\/uploads\/2022\/09\/DSC_3562-2.jpg\" alt=\"\" width=\"993\" height=\"662\" data-id=\"516970\" data-link=\"https:\/\/prensa.cba.gov.ar\/?attachment_id=516970\" \/><\/figure>\n<\/li>\n<\/ul>\n<\/figure>\n<h3><strong>Informaci\u00f3n relacionada<\/strong><\/h3>\n<figure class=\"wp-block-embed is-type-wp-embed is-provider-web-de-noticias-gobierno-de-cordoba wp-block-embed-web-de-noticias-gobierno-de-cordoba\">\n<div class=\"wp-block-embed__wrapper\">\n<blockquote class=\"wp-embedded-content\" data-secret=\"mWag15tfHd\"><p><a href=\"https:\/\/prensa.cba.gov.ar\/informacion-general\/obispo-trejo-florece-un-emprendimiento-que-crece-de-la-mano-de-mujeres-y-jovenes\/\">\u201cObispo Trejo Florece\u201d, un emprendimiento que crece de la mano de mujeres y j\u00f3venes<\/a><\/p><\/blockquote>\n<\/div>\n<\/figure>\n","protected":false},"excerpt":{"rendered":"<p>\u201cObispo Trejo Florece\u201d es un proyecto productivo que naci\u00f3 en plena irrupci\u00f3n del Covid-19. El objetivo consiste en cultivar y comercializar flores como lilium, alel\u00ed, lavanda, claveles y rosas, entre muchas otras. Participan 10 mujeres con diferentes ocupaciones, quienes lograron empoderarse y emprender una iniciativa comunitaria. \u201cObispo Trejo Florece\u201d es un proyecto de floricultura llevado &hellip;<\/p>\n","protected":false},"author":1,"featured_media":5168,"comment_status":"open","ping_status":"open","sticky":false,"template":"","format":"standard","meta":{"footnotes":""},"categories":[48],"tags":[],"class_list":["post-5164","post","type-post","status-publish","format-standard","has-post-thumbnail","hentry","category-info-general"],"_links":{"self":[{"href":"https:\/\/radiobeat97.com.ar\/beat\/wp-json\/wp\/v2\/posts\/5164","targetHints":{"allow":["GET"]}}],"collection":[{"href":"https:\/\/radiobeat97.com.ar\/beat\/wp-json\/wp\/v2\/posts"}],"about":[{"href":"https:\/\/radiobeat97.com.ar\/beat\/wp-json\/wp\/v2\/types\/post"}],"author":[{"embeddable":true,"href":"https:\/\/radiobeat97.com.ar\/beat\/wp-json\/wp\/v2\/users\/1"}],"replies":[{"embeddable":true,"href":"https:\/\/radiobeat97.com.ar\/beat\/wp-json\/wp\/v2\/comments?post=5164"}],"version-history":[{"count":1,"href":"https:\/\/radiobeat97.com.ar\/beat\/wp-json\/wp\/v2\/posts\/5164\/revisions"}],"predecessor-version":[{"id":5166,"href":"https:\/\/radiobeat97.com.ar\/beat\/wp-json\/wp\/v2\/posts\/5164\/revisions\/5166"}],"wp:featuredmedia":[{"embeddable":true,"href":"https:\/\/radiobeat97.com.ar\/beat\/wp-json\/wp\/v2\/media\/5168"}],"wp:attachment":[{"href":"https:\/\/radiobeat97.com.ar\/beat\/wp-json\/wp\/v2\/media?parent=5164"}],"wp:term":[{"taxonomy":"category","embeddable":true,"href":"https:\/\/radiobeat97.com.ar\/beat\/wp-json\/wp\/v2\/categories?post=5164"},{"taxonomy":"post_tag","embeddable":true,"href":"https:\/\/radiobeat97.com.ar\/beat\/wp-json\/wp\/v2\/tags?post=5164"}],"curies":[{"name":"wp","href":"https:\/\/api.w.org\/{rel}","templated":true}]}}