{"id":5167,"date":"2022-09-22T11:52:38","date_gmt":"2022-09-22T11:52:38","guid":{"rendered":"http:\/\/www.radiobeat97.com.ar\/beat\/?p=5167"},"modified":"2022-10-12T11:58:29","modified_gmt":"2022-10-12T11:58:29","slug":"ambiente-planto-mil-arboles-nativos-en-el-parque-industrial-san-francisco","status":"publish","type":"post","link":"https:\/\/radiobeat97.com.ar\/beat\/ambiente-planto-mil-arboles-nativos-en-el-parque-industrial-san-francisco\/","title":{"rendered":"Ambiente plant\u00f3 mil \u00e1rboles nativos en el Parque Industrial San Francisco"},"content":{"rendered":"<ul>\n<li><strong>La iniciativa se realiz\u00f3 en el marco del Programa Forestando C\u00f3rdoba, que promueve e impulsa acciones de forestaci\u00f3n con especies aut\u00f3ctonas en diferentes espacios de C\u00f3rdoba.<\/strong><\/li>\n<li><strong>La actividad cont\u00f3 con la participaci\u00f3n de 200 voluntarios de la autopartista Lear<\/strong>.<\/li>\n<\/ul>\n<p>La\u00a0<strong>Secretar\u00eda de Ambiente<\/strong>, dependiente del Ministerio de Coordinaci\u00f3n, realiz\u00f3 una jornada de forestaci\u00f3n junto con la municipalidad de San Francisco, el Parque Industrial y la empresa LEAR Corporation.<\/p>\n<p>La actividad se dio en el marco del\u00a0<a href=\"https:\/\/ambiente.cba.gov.ar\/programa-forestando-cordoba\/\" target=\"_blank\" rel=\"noreferrer noopener\">Programa Forestando C\u00f3rdoba<\/a>, que promueve e impulsa acciones de forestaci\u00f3n con especies nativas en diferentes espacios de C\u00f3rdoba. En esta oportunidad se plantaron 1000 algarrobos en el predio del Parque Industrial de San Francisco.<\/p>\n<p>De la actividad participaron 200 personas que trabajan en la empresa Lear y que realizan diversas tareas de voluntariado, en l\u00ednea con los planes de Acci\u00f3n Social Empresaria de la compa\u00f1\u00eda.<\/p>\n<p>M\u00f3nica L\u00f3pez, directora de Asistencia Ambiental del organismo provincial, destac\u00f3:\u00a0<em>\u201cEsta actividad es sumamente importante porque busca mejorar las condiciones ambientales de este entorno. Los \u00e1rboles que hoy plantamos van a servir de resguardo y van a atenuar las temperaturas. Con esta iniciativa sumamos un pulm\u00f3n verde dentro del Parque Industrial\u201d.<\/em><\/p>\n<p>Por su parte, Walter, uno de los voluntarios de la empresa autopartista expres\u00f3:\u00a0<em>\u201cPara nosotros es muy importante el cuidado del ambiente. Adem\u00e1s de estas acciones estamos llevando a cabo tareas de sustentabilidad, compensando las emisiones de CO2. Tenemos muy presente la idea de desarrollo sustentable\u201d.<\/em><\/p>\n<p>Anteriormente, en 2021, la cartera de Ambiente junto a la empresa ya hab\u00eda realizado una\u00a0<a href=\"https:\/\/prensa.cba.gov.ar\/informacion-general\/ambiente-y-la-autopartista-lear-plantaron-mil-arboles-en-bosque-alegre\/\" target=\"_blank\" rel=\"noreferrer noopener\">forestaci\u00f3n en la zona de Bosque Alegre<\/a>, a pocos kil\u00f3metros del sector conocido como parador Copina, sobre ruta 34.<\/p>\n<figure class=\"wp-block-gallery columns-2 is-cropped\">\n<ul class=\"blocks-gallery-grid\">\n<li class=\"blocks-gallery-item\">\n<figure><img fetchpriority=\"high\" decoding=\"async\" class=\"wp-image-518062\" src=\"https:\/\/prensa.cba.gov.ar\/wp-content\/uploads\/2022\/09\/Chicas-plantando.jpg\" alt=\"\" width=\"990\" height=\"660\" data-id=\"518062\" data-link=\"https:\/\/prensa.cba.gov.ar\/?attachment_id=518062\" \/><\/figure>\n<\/li>\n<li class=\"blocks-gallery-item\">\n<figure><img decoding=\"async\" class=\"wp-image-518061\" src=\"https:\/\/prensa.cba.gov.ar\/wp-content\/uploads\/2022\/09\/Arbolito.jpg\" alt=\"\" width=\"990\" height=\"660\" data-id=\"518061\" data-link=\"https:\/\/prensa.cba.gov.ar\/?attachment_id=518061\" \/><\/figure>\n<\/li>\n<\/ul>\n<\/figure>\n<h2><strong>Sobre el programa<\/strong><\/h2>\n<p>La iniciativa incluye acciones de forestaci\u00f3n en municipios y comunas, con ejemplares de diferentes especies producidas en los viveros provinciales y los que surgen de convenios y alianzas estrat\u00e9gicas con universidades, ONG e instituciones.<\/p>\n<p>Los \u00e1rboles donados por la Provincia son utilizados para reforzar trabajos de forestaci\u00f3n en plazas, espacios verdes, cortinas forestales, bulevares, parques p\u00fablicos o destinados a recuperar \u00e1reas verdes en zonas pobladas.<\/p>\n<p>Los interesados en participar del Programa deben ingresar a la plataforma\u00a0<a href=\"https:\/\/cidi.cba.gov.ar\/portal-publico\/tramite\/cfb1aa11-a71c-ec11-bce9-005056a190ff\" target=\"_blank\" rel=\"noreferrer noopener\">Ciudadano Digital<\/a>.<\/p>\n","protected":false},"excerpt":{"rendered":"<p>La iniciativa se realiz\u00f3 en el marco del Programa Forestando C\u00f3rdoba, que promueve e impulsa acciones de forestaci\u00f3n con especies aut\u00f3ctonas en diferentes espacios de C\u00f3rdoba. La actividad cont\u00f3 con la participaci\u00f3n de 200 voluntarios de la autopartista Lear. La\u00a0Secretar\u00eda de Ambiente, dependiente del Ministerio de Coordinaci\u00f3n, realiz\u00f3 una jornada de forestaci\u00f3n junto con la &hellip;<\/p>\n","protected":false},"author":1,"featured_media":5169,"comment_status":"open","ping_status":"open","sticky":false,"template":"","format":"standard","meta":{"footnotes":""},"categories":[48],"tags":[],"class_list":["post-5167","post","type-post","status-publish","format-standard","has-post-thumbnail","hentry","category-info-general"],"_links":{"self":[{"href":"https:\/\/radiobeat97.com.ar\/beat\/wp-json\/wp\/v2\/posts\/5167","targetHints":{"allow":["GET"]}}],"collection":[{"href":"https:\/\/radiobeat97.com.ar\/beat\/wp-json\/wp\/v2\/posts"}],"about":[{"href":"https:\/\/radiobeat97.com.ar\/beat\/wp-json\/wp\/v2\/types\/post"}],"author":[{"embeddable":true,"href":"https:\/\/radiobeat97.com.ar\/beat\/wp-json\/wp\/v2\/users\/1"}],"replies":[{"embeddable":true,"href":"https:\/\/radiobeat97.com.ar\/beat\/wp-json\/wp\/v2\/comments?post=5167"}],"version-history":[{"count":1,"href":"https:\/\/radiobeat97.com.ar\/beat\/wp-json\/wp\/v2\/posts\/5167\/revisions"}],"predecessor-version":[{"id":5170,"href":"https:\/\/radiobeat97.com.ar\/beat\/wp-json\/wp\/v2\/posts\/5167\/revisions\/5170"}],"wp:featuredmedia":[{"embeddable":true,"href":"https:\/\/radiobeat97.com.ar\/beat\/wp-json\/wp\/v2\/media\/5169"}],"wp:attachment":[{"href":"https:\/\/radiobeat97.com.ar\/beat\/wp-json\/wp\/v2\/media?parent=5167"}],"wp:term":[{"taxonomy":"category","embeddable":true,"href":"https:\/\/radiobeat97.com.ar\/beat\/wp-json\/wp\/v2\/categories?post=5167"},{"taxonomy":"post_tag","embeddable":true,"href":"https:\/\/radiobeat97.com.ar\/beat\/wp-json\/wp\/v2\/tags?post=5167"}],"curies":[{"name":"wp","href":"https:\/\/api.w.org\/{rel}","templated":true}]}}