{"id":5180,"date":"2022-09-26T11:37:58","date_gmt":"2022-09-26T11:37:58","guid":{"rendered":"http:\/\/www.radiobeat97.com.ar\/beat\/?p=5180"},"modified":"2022-10-11T14:13:01","modified_gmt":"2022-10-11T14:13:01","slug":"se-presento-la-7-edicion-de-pulso-urbano","status":"publish","type":"post","link":"https:\/\/radiobeat97.com.ar\/beat\/se-presento-la-7-edicion-de-pulso-urbano\/","title":{"rendered":"Se present\u00f3 la 7\u00b0 edici\u00f3n de Pulso Urbano"},"content":{"rendered":"<ul>\n<li><strong>El festival de danza contempor\u00e1nea se desarrollar\u00e1 el pr\u00f3ximo martes, mi\u00e9rcoles y jueves.<\/strong><\/li>\n<li><strong>La grilla propone nueve core\u00f3grafos, 31 intervenciones, talleres y dos espacios de extensi\u00f3n<\/strong>.<\/li>\n<li><strong>Con entrada gratuita a todas las actividades.<\/strong><\/li>\n<\/ul>\n<p>La Agencia C\u00f3rdoba Cultura lanz\u00f3 este jueves la s\u00e9ptima edici\u00f3n del festival de danza contempor\u00e1nea Pulso Urbano, que intervendr\u00e1 con expresiones de las artes del movimiento y la danza contempor\u00e1nea diversos espacios, con acceso libre y gratuito. La programaci\u00f3n se desarrollar\u00e1 del martes al jueves pr\u00f3ximo.<\/p>\n<p>Esta edici\u00f3n del festival llega con una mirada diferente luego de la pandemia. Retomar el pulso,\u00a0poniendo el cuerpo bajo la luz del sol, el color\u00a0en escena. Es una invitaci\u00f3n a compartir desde la danza nuevas formas de estar como en casa en el mundo.<\/p>\n<p>Haciendo honor a su nombre, el lanzamiento se realiz\u00f3 con intervenciones art\u00edsticas en la peatonal de la Capital provincial.\u00a0<em>\u201cMe honra presentar que nuestros bailarines y bailarinas de C\u00f3rdoba, vuelvan nuevamente a las calles de la ciudad, \u00a0poniendo en tensi\u00f3n lo que es el cuerpo, las calles y los edificios\u201d<\/em>, dijo Ra\u00fal Sansica, presidente de la Agencia C\u00f3rdoba Cultura.<\/p>\n<p>Y agreg\u00f3:\u00a0<em>\u201cSeguramente este es el inicio de muchos pulsos urbanos m\u00e1s y que se van a ir extendiendo a lo largo de toda la provincia\u201d<\/em>.<\/p>\n<div class=\"wp-block-coblocks-gallery-carousel alignfull\" aria-label=\"Carousel Gallery\">\n<div class=\"coblocks-gallery-carousel-swiper-container is-cropped coblocks-gallery has-caption-style-dark has-horizontal-gutter has-lightbox has-no-thumbnails lightbox-0 \">\n<div id=\"12345\" class=\"has-carousel has-carousel-xlrg swiper-container\" data-swiper=\"{&quot;alignCells&quot;:false,&quot;autoPlay&quot;:true,&quot;autoPlaySpeed&quot;:&quot;1000&quot;,&quot;draggable&quot;:true,&quot;freeMode&quot;:false,&quot;loop&quot;:true,&quot;navigation&quot;:true,&quot;pageDots&quot;:false,&quot;pauseHover&quot;:false,&quot;responsiveHeight&quot;:false,&quot;slidesPerView&quot;:1,&quot;thumbnails&quot;:false,&quot;uuid&quot;:&quot;12345&quot;}\">\n<div class=\"swiper-wrapper\">\n<div class=\"swiper-slide\" data-slider=\"6\" data-shallow-slider=\"\">\n<div class=\"coblocks-gallery--item\" tabindex=\"6\" role=\"button\">\n<figure class=\"coblocks-gallery--figure has-margin-left-5 has-margin-left-mobile-5 has-margin-right-5 has-margin-right-mobile-5\"><img fetchpriority=\"high\" decoding=\"async\" class=\"wp-image-518375\" src=\"https:\/\/prensa.cba.gov.ar\/wp-content\/uploads\/2022\/09\/Pulso-urbano_6.jpg\" alt=\"\" width=\"990\" height=\"660\" data-id=\"518375\" data-link=\"https:\/\/prensa.cba.gov.ar\/?attachment_id=518375\" \/><\/figure>\n<\/div>\n<\/div>\n<div class=\"swiper-slide swiper-slide-active\" data-slider=\"0\">\n<div class=\"coblocks-gallery--item\" tabindex=\"0\" role=\"button\">\n<figure class=\"coblocks-gallery--figure has-margin-left-5 has-margin-left-mobile-5 has-margin-right-5 has-margin-right-mobile-5\"><img decoding=\"async\" class=\"wp-image-518369\" src=\"https:\/\/prensa.cba.gov.ar\/wp-content\/uploads\/2022\/09\/PHOTO-2022-09-22-13-25-49_1.jpg\" alt=\"\" width=\"990\" height=\"660\" data-id=\"518369\" data-link=\"https:\/\/prensa.cba.gov.ar\/?attachment_id=518369\" \/><\/figure>\n<\/div>\n<\/div>\n<div class=\"swiper-slide swiper-slide-next\" data-slider=\"1\">\n<div class=\"coblocks-gallery--item\" tabindex=\"1\" role=\"button\">\n<figure class=\"coblocks-gallery--figure has-margin-left-5 has-margin-left-mobile-5 has-margin-right-5 has-margin-right-mobile-5\"><img decoding=\"async\" class=\"wp-image-518370\" src=\"https:\/\/prensa.cba.gov.ar\/wp-content\/uploads\/2022\/09\/Pulso-urbano_1.jpg\" alt=\"\" width=\"990\" height=\"660\" data-id=\"518370\" data-link=\"https:\/\/prensa.cba.gov.ar\/?attachment_id=518370\" \/><\/figure>\n<\/div>\n<\/div>\n<div class=\"swiper-slide\" data-slider=\"2\">\n<div class=\"coblocks-gallery--item\" tabindex=\"2\" role=\"button\">\n<figure class=\"coblocks-gallery--figure has-margin-left-5 has-margin-left-mobile-5 has-margin-right-5 has-margin-right-mobile-5\"><img loading=\"lazy\" decoding=\"async\" class=\"wp-image-518371\" src=\"https:\/\/prensa.cba.gov.ar\/wp-content\/uploads\/2022\/09\/Pulso-urbano_2.jpg\" alt=\"\" width=\"990\" height=\"660\" data-id=\"518371\" data-link=\"https:\/\/prensa.cba.gov.ar\/?attachment_id=518371\" \/><\/figure>\n<\/div>\n<\/div>\n<div class=\"swiper-slide\" data-slider=\"3\">\n<div class=\"coblocks-gallery--item\" tabindex=\"3\" role=\"button\">\n<figure class=\"coblocks-gallery--figure has-margin-left-5 has-margin-left-mobile-5 has-margin-right-5 has-margin-right-mobile-5\"><img loading=\"lazy\" decoding=\"async\" class=\"wp-image-518372\" src=\"https:\/\/prensa.cba.gov.ar\/wp-content\/uploads\/2022\/09\/Pulso-urbano_3.jpg\" alt=\"\" width=\"990\" height=\"660\" data-id=\"518372\" data-link=\"https:\/\/prensa.cba.gov.ar\/?attachment_id=518372\" \/><\/figure>\n<\/div>\n<\/div>\n<div class=\"swiper-slide\" data-slider=\"4\">\n<div class=\"coblocks-gallery--item\" tabindex=\"4\" role=\"button\">\n<figure class=\"coblocks-gallery--figure has-margin-left-5 has-margin-left-mobile-5 has-margin-right-5 has-margin-right-mobile-5\"><img loading=\"lazy\" decoding=\"async\" class=\"wp-image-518373\" src=\"https:\/\/prensa.cba.gov.ar\/wp-content\/uploads\/2022\/09\/Pulso-urbano_4.jpg\" alt=\"\" width=\"990\" height=\"660\" data-id=\"518373\" data-link=\"https:\/\/prensa.cba.gov.ar\/?attachment_id=518373\" \/><\/figure>\n<\/div>\n<\/div>\n<div class=\"swiper-slide\" data-slider=\"5\">\n<div class=\"coblocks-gallery--item\" tabindex=\"5\" role=\"button\">\n<figure class=\"coblocks-gallery--figure has-margin-left-5 has-margin-left-mobile-5 has-margin-right-5 has-margin-right-mobile-5\"><img loading=\"lazy\" decoding=\"async\" class=\"wp-image-518374\" src=\"https:\/\/prensa.cba.gov.ar\/wp-content\/uploads\/2022\/09\/Pulso-urbano_5.jpg\" alt=\"\" width=\"990\" height=\"660\" data-id=\"518374\" data-link=\"https:\/\/prensa.cba.gov.ar\/?attachment_id=518374\" \/><\/figure>\n<\/div>\n<\/div>\n<div class=\"swiper-slide\" data-slider=\"6\">\n<div class=\"coblocks-gallery--item\" tabindex=\"6\" role=\"button\">\n<figure class=\"coblocks-gallery--figure has-margin-left-5 has-margin-left-mobile-5 has-margin-right-5 has-margin-right-mobile-5\"><img fetchpriority=\"high\" decoding=\"async\" class=\"wp-image-518375\" src=\"https:\/\/prensa.cba.gov.ar\/wp-content\/uploads\/2022\/09\/Pulso-urbano_6.jpg\" alt=\"\" width=\"990\" height=\"660\" data-id=\"518375\" data-link=\"https:\/\/prensa.cba.gov.ar\/?attachment_id=518375\" \/><\/figure>\n<\/div>\n<\/div>\n<div class=\"swiper-slide swiper-slide-active\" data-slider=\"0\" data-shallow-slider=\"\">\n<div class=\"coblocks-gallery--item\" tabindex=\"0\" role=\"button\">\n<figure class=\"coblocks-gallery--figure has-margin-left-5 has-margin-left-mobile-5 has-margin-right-5 has-margin-right-mobile-5\"><img decoding=\"async\" class=\"wp-image-518369\" src=\"https:\/\/prensa.cba.gov.ar\/wp-content\/uploads\/2022\/09\/PHOTO-2022-09-22-13-25-49_1.jpg\" alt=\"\" width=\"990\" height=\"660\" data-id=\"518369\" data-link=\"https:\/\/prensa.cba.gov.ar\/?attachment_id=518369\" \/><\/figure>\n<\/div>\n<\/div>\n<\/div>\n<p>&nbsp;<\/p>\n<\/div>\n<\/div>\n<\/div>\n<h3>Sobre el festival<\/h3>\n<p><strong>Pulso urbano<\/strong>\u00a0naci\u00f3 en 2008 y tiene como objetivo esencial fomentar y difundir el trabajo que desde hace a\u00f1os vienen realizando bailarines y core\u00f3grafos locales, adem\u00e1s de crear un escenario que muestre a compa\u00f1\u00edas consagradas a nivel nacional e internacional.<\/p>\n<p>Este a\u00f1o se podr\u00e1 disfrutar de una programaci\u00f3n que ofrecer\u00e1 m\u00e1s de 31 intervenciones, 68 bailarines en escena, nueve core\u00f3grafos y directores independientes junto a tres\u00a0 Instituciones de la danza de C\u00f3rdoba, como el Seminario de Danza Cl\u00e1sica Nora Irinova del Teatro del Libertador, el Elenco Municipal de Danza Teatro C\u00f3rdoba y el Ballet Municipal de la Ciudad de C\u00f3rdoba.<\/p>\n<p><iframe title=\"Se present\u00f3 la 7\u00b0 edici\u00f3n de Pulso Urbano\" src=\"https:\/\/www.youtube.com\/embed\/2hG5P5qvoFk\" width=\"853\" height=\"480\" frameborder=\"0\" allowfullscreen=\"allowfullscreen\" data-mce-fragment=\"1\"><\/iframe><\/p>\n<h3>Grilla de los tres d\u00edas<\/h3>\n<h4>Martes 27 de septiembre<\/h4>\n<h5><strong><a href=\"https:\/\/cultura.cba.gov.ar\/paseo-del-buen-pastor\/\" target=\"_blank\" rel=\"noreferrer noopener\">Paseo del Buen Pastor<\/a>\u00a0\u2013 Av. Hip\u00f3lito Yrigoyen 325<\/strong><\/h5>\n<p>A las 11.\u00a0<strong>La m\u00e1quina de hacer tiempo<\/strong>. Idea y direcci\u00f3n: Cecilia Priotto.<\/p>\n<p>A las 12.\u00a0<strong>Cr\u00edtica sensible<\/strong>. Direcci\u00f3n y texto: Luc\u00eda Disalvo.<\/p>\n<p>A las 15.\u00a0<strong>Cruzar: la piel, esta frontera<\/strong>. Coordinaci\u00f3n general: Jos\u00e9 Guzm\u00e1n.<\/p>\n<p>A las 16.\u00a0<strong>Todav\u00eda te extra\u00f1o mucho<\/strong>. Direcci\u00f3n: Adri\u00e1n Ferreyra.<\/p>\n<p>A las 17.\u00a0<strong>Mover el coraz\u00f3n de-espacio<\/strong>. Creaci\u00f3n y performance: Florencia Stalldecker y Bel\u00e9n Ghioldi.<\/p>\n<p><strong>Apertura: Urbano-Cuerpo-Danza<\/strong><\/p>\n<p>A las 18.<strong>\u00a0Soy Am\u00e9rica Latina<\/strong>. Supervisora: Patricia Ferrer.<\/p>\n<p><strong>Ensamble<\/strong>. Coreograf\u00eda: Mar\u00eda Celeste Mart\u00edn, Dar\u00edo Rodr\u00edguez y Marcelo Mangini. Seminario de Danza Cl\u00e1sica Nora Irinova.<br \/>\nA las 18.20.\u00a0<strong>Plancton<\/strong>. Epopeya coreogr\u00e1fica en 10 minutos. Direcci\u00f3n: Cristian Seti\u00e9n. Elenco Municipal de Danza Teatro C\u00f3rdoba.<\/p>\n<p>A las 18.40.\u00a0<strong>Am\u00e9rica es mujer<\/strong>. Fragmento: Gracias a la vida. Coordinaci\u00f3n: Valeria G\u00f3mez. Ballet Municipal de la Ciudad de C\u00f3rdoba.<\/p>\n<p>A las 19.\u00a0<strong>Love of my life<\/strong>. Bailarines: Hern\u00e1n Piqu\u00edn y Gabriela Alberti. Direcci\u00f3n: Laura Cattalini. Compa\u00f1ia Hern\u00e1n Piqu\u00edn (Bs. As).<\/p>\n<h5><strong>R\u00edo Cuarto \u2013\u00a0<\/strong>\u00a0<strong>Plaza Julio Argentino Roca<\/strong>\u00a0(Constituci\u00f3n esq. V\u00e9lez Sarsfield)<\/h5>\n<p>A las 18 y 19.\u00a0<strong>La llave<\/strong>. Direcci\u00f3n: Colectivo Mamba. Compa\u00f1\u00eda Mamba.<\/p>\n<h5><strong><a href=\"https:\/\/www.plazacielotierra.org\/\" target=\"_blank\" rel=\"noreferrer noopener\">Plaza \u2013 Cielo \u2013 Tierra \u2013\u00a0<\/a>Bv. Chacabuco 1300<\/strong><\/h5>\n<p>A las 17.\u00a0<strong>Taller: El movimiento del ritmo<\/strong>\u00a0a cargo de Esteban Guti\u00e9rrez.<\/p>\n<h5><strong>Calle Duarte Quir\u00f3s 165<\/strong><\/h5>\n<p>A las 18.\u00a0<strong>Taller: Popping\/Danzas urbanas<\/strong>\u00a0a cargo Germ\u00e1n Massimino.<\/p>\n<h5><strong><a href=\"https:\/\/cultura.cba.gov.ar\/museo-superior-de-bellas-artes-evita-palacio-ferreyra\/\" target=\"_blank\" rel=\"noreferrer noopener\">Museo Superior de Bellas Artes Palacio Ferreyra<\/a>\u00a0\u2013 Av. Hip\u00f3lito Yrigoyen 511<\/strong><\/h5>\n<p>A las 10.\u00a0<strong>Taller: La danza como construcci\u00f3n po\u00e9tico teatral<\/strong>\u00a0a cargo de Oscar Araiz.<\/p>\n<p>A las 15.\u00a0<strong>Taller: De lo simple a lo complejo<\/strong>\u00a0a cargo de Marcelo Massa.<\/p>\n<h3>Mi\u00e9rcoles 28 de septiembre<\/h3>\n<h5><strong><a href=\"https:\/\/cultura.cba.gov.ar\/paseo-del-buen-pastor\/\" target=\"_blank\" rel=\"noreferrer noopener\">Paseo del Buen Pastor<\/a>\u00a0\u2013 Av. Hip\u00f3lito Yrigoyen 325<\/strong><\/h5>\n<p>A las 11.\u00a0<strong>Cr\u00edtica sensible<\/strong>. Direcci\u00f3n y texto: Luc\u00eda Disalvo.<\/p>\n<p>A las 12, 16 y 17.\u00a0<strong>Insistir<\/strong>. Direcci\u00f3n: Lea Suyai Luttmann. Compa\u00f1ia Semana 36.<\/p>\n<p>A las 14.\u00a0<strong>Todav\u00eda te extra\u00f1o mucho<\/strong>. Direcci\u00f3n: Adri\u00e1n Ferreyra.<\/p>\n<p>A las 15.\u00a0<strong>La m\u00e1quina de hacer tiempo<\/strong>. Idea y direcci\u00f3n: Cecilia Priotto.<\/p>\n<p>A las 18.\u00a0<strong>Mover el coraz\u00f3n de-espacio<\/strong>. Creaci\u00f3n y performance: Florencia Stalldecker y Bel\u00e9n Ghioldi.<\/p>\n<h5><strong>Complejo Esperanza \u2013 Centro Socioeducativo<\/strong><\/h5>\n<p>A las 9:30 y 10:45.\u00a0<strong>No soul<\/strong>. Core\u00f3grafo y bailar\u00edn: Mat\u00edas Ligato. Compa\u00f1\u00eda Molinos Producciones.<\/p>\n<h5><strong><a href=\"https:\/\/cultura.cba.gov.ar\/teatro-del-libertador-san-martin\/\" target=\"_blank\" rel=\"noreferrer noopener\">Teatro del Libertador\u00a0<\/a>\u2013 Av. V\u00e9lez Sarsfield 365<\/strong><\/h5>\n<p>A las 10.\u00a0<strong>Taller: La danza como construcci\u00f3n po\u00e9tico teatral<\/strong>\u00a0a cargo de Oscar Araiz.<\/p>\n<h5><strong><a href=\"https:\/\/www.plazacielotierra.org\/\" target=\"_blank\" rel=\"noreferrer noopener\">Plaza \u2013 Cielo \u2013 Tierra\u00a0<\/a>\u2013 Bv. Chacabuco 1300<\/strong><\/h5>\n<p>A las 17.\u00a0<strong>Taller: El movimiento del ritmo<\/strong>\u00a0a cargo de Esteban Guti\u00e9rrez.<\/p>\n<h5><strong><a href=\"https:\/\/cultura.cba.gov.ar\/museo-superior-de-bellas-artes-evita-palacio-ferreyra\/\" target=\"_blank\" rel=\"noreferrer noopener\">Museo Superior de Bellas Artes Palacio Ferreyra<\/a>\u00a0\u2013 Av. Hip\u00f3lito Yrigoyen 511<\/strong><\/h5>\n<p>A las 15.\u00a0<strong>Taller: De lo simple a lo complejo<\/strong>\u00a0a cargo de Marcelo Massa.<\/p>\n<h3>Jueves 29 de septiembre<\/h3>\n<h5><strong>Parque de las Tejas \u2013 Bv. Chacabuco 1300<\/strong><\/h5>\n<p>A las 13.\u00a0<strong>La llave<\/strong>. Direcci\u00f3n: Colectivo Mamba. Compa\u00f1\u00eda Mamba.<\/p>\n<p>A las 14.\u00a0<strong>Mover el coraz\u00f3n de-espacio<\/strong>. Creaci\u00f3n y performance: Florencia Stalldecker y Bel\u00e9n Ghioldi.<\/p>\n<p>A las 15.\u00a0<strong>Cr\u00edtica sensible<\/strong>. Direcci\u00f3n y texto: Luc\u00eda Disalvo.<\/p>\n<p>A las 16.\u00a0<strong>Todav\u00eda te extra\u00f1o mucho<\/strong>. Direcci\u00f3n: Adri\u00e1n Ferreyra.<\/p>\n<p>A las 17.\u00a0<strong>La m\u00e1quina de hacer tiempo<\/strong>. Idea y direcci\u00f3n: Cecilia Priotto.<\/p>\n<p>A las 18 y 18:30.\u00a0<strong>Nadie me quiere<\/strong>. Idea, direcci\u00f3n y coreograf\u00eda: Marina Sarmiento. Compa\u00f1\u00eda Lo Que Acecha.<\/p>\n<h5><strong>Alta Gracia \u2013 Museo Nacional Estancia Jesu\u00edtica de Alta Gracia<\/strong><\/h5>\n<p>A las 18 y 19.\u00a0<strong>Cruzar: La piel, esta frontera<\/strong>. Coordinaci\u00f3n General: Jos\u00e9 Guzm\u00e1n.<\/p>\n<h5><strong>Centro Cultural C\u00f3rdoba \u2013 Av. Poeta Lugones 401<\/strong><\/h5>\n<p>A las 10.\u00a0<strong>Taller: La danza como construcci\u00f3n po\u00e9tico teatral<\/strong>\u00a0a cargo de Oscar Araiz.<\/p>\n<h5><strong>Plaza \u2013 Cielo \u2013 Tierra \u2013 Bv. Chacabuco 1300<\/strong><\/h5>\n<p>A las 17.\u00a0<strong>Taller: El movimiento del ritmo<\/strong>\u00a0a cargo de Esteban Guti\u00e9rrez.<\/p>\n<h5><strong>Calle Duarte Quir\u00f3s 165<\/strong><\/h5>\n<p>A las 18.\u00a0<strong>Taller: Popping\/Danzas urbanas<\/strong>\u00a0a cargo Germ\u00e1n Massimino.<\/p>\n<h5><strong>Museo Superior de Bellas Artes Palacio Ferreyra \u2013 Av. Hip\u00f3lito Yrigoyen 511<\/strong><\/h5>\n<p>A las 15.\u00a0<strong>Taller: De lo simple a lo complejo<\/strong>\u00a0a\u00a0cargo de Marcelo Massa.<\/p>\n","protected":false},"excerpt":{"rendered":"<p>El festival de danza contempor\u00e1nea se desarrollar\u00e1 el pr\u00f3ximo martes, mi\u00e9rcoles y jueves. La grilla propone nueve core\u00f3grafos, 31 intervenciones, talleres y dos espacios de extensi\u00f3n. Con entrada gratuita a todas las actividades. La Agencia C\u00f3rdoba Cultura lanz\u00f3 este jueves la s\u00e9ptima edici\u00f3n del festival de danza contempor\u00e1nea Pulso Urbano, que intervendr\u00e1 con expresiones de &hellip;<\/p>\n","protected":false},"author":1,"featured_media":5181,"comment_status":"open","ping_status":"open","sticky":false,"template":"","format":"standard","meta":{"footnotes":""},"categories":[48],"tags":[],"class_list":["post-5180","post","type-post","status-publish","format-standard","has-post-thumbnail","hentry","category-info-general"],"_links":{"self":[{"href":"https:\/\/radiobeat97.com.ar\/beat\/wp-json\/wp\/v2\/posts\/5180","targetHints":{"allow":["GET"]}}],"collection":[{"href":"https:\/\/radiobeat97.com.ar\/beat\/wp-json\/wp\/v2\/posts"}],"about":[{"href":"https:\/\/radiobeat97.com.ar\/beat\/wp-json\/wp\/v2\/types\/post"}],"author":[{"embeddable":true,"href":"https:\/\/radiobeat97.com.ar\/beat\/wp-json\/wp\/v2\/users\/1"}],"replies":[{"embeddable":true,"href":"https:\/\/radiobeat97.com.ar\/beat\/wp-json\/wp\/v2\/comments?post=5180"}],"version-history":[{"count":2,"href":"https:\/\/radiobeat97.com.ar\/beat\/wp-json\/wp\/v2\/posts\/5180\/revisions"}],"predecessor-version":[{"id":5234,"href":"https:\/\/radiobeat97.com.ar\/beat\/wp-json\/wp\/v2\/posts\/5180\/revisions\/5234"}],"wp:featuredmedia":[{"embeddable":true,"href":"https:\/\/radiobeat97.com.ar\/beat\/wp-json\/wp\/v2\/media\/5181"}],"wp:attachment":[{"href":"https:\/\/radiobeat97.com.ar\/beat\/wp-json\/wp\/v2\/media?parent=5180"}],"wp:term":[{"taxonomy":"category","embeddable":true,"href":"https:\/\/radiobeat97.com.ar\/beat\/wp-json\/wp\/v2\/categories?post=5180"},{"taxonomy":"post_tag","embeddable":true,"href":"https:\/\/radiobeat97.com.ar\/beat\/wp-json\/wp\/v2\/tags?post=5180"}],"curies":[{"name":"wp","href":"https:\/\/api.w.org\/{rel}","templated":true}]}}