{"id":5266,"date":"2022-10-25T17:30:37","date_gmt":"2022-10-25T17:30:37","guid":{"rendered":"http:\/\/www.radiobeat97.com.ar\/beat\/?p=5266"},"modified":"2022-10-28T11:12:50","modified_gmt":"2022-10-28T11:12:50","slug":"el-museo-emilio-caraffa-renueva-su-propuesta-expositiva","status":"publish","type":"post","link":"https:\/\/radiobeat97.com.ar\/beat\/el-museo-emilio-caraffa-renueva-su-propuesta-expositiva\/","title":{"rendered":"El Museo Emilio Caraffa renueva su propuesta expositiva"},"content":{"rendered":"<article id=\"post-522975\" class=\"post-522975 post type-post status-publish format-standard has-post-thumbnail hentry category-cultura-y-espectaculos category-informacion-general ast-article-single\">\n<div class=\"ast-post-format- single-layout-1\">\n<div class=\"entry-content clear\">\n<ul>\n<li><strong>La Agencia C\u00f3rdoba Cultura invita a un nuevo ciclo de exposiciones en el Museo Emilio Caraffa<\/strong><\/li>\n<li><strong>La inauguraci\u00f3n es este mi\u00e9rcoles 26 de octubre a las 20 hs, en\u00a0Av. Poeta Lugones 411.\u00a0<\/strong><\/li>\n<li><strong>La entrada es libre y gratuita.<\/strong><\/li>\n<\/ul>\n<p>&nbsp;<\/p>\n<p>Dentro de la propuesta se podr\u00e1n visitar en\u00a0la<strong>\u00a0sala 1<\/strong>,\u00a0<strong>\u00a0Fotograf\u00edas 1930-1943<\/strong>\u00a0de<strong>\u00a0<\/strong>Francisco Medail.\u00a0Es una investigaci\u00f3n en torno al trabajo de archivo y la historiograf\u00eda del arte. Se presenta como una cr\u00f3nica de la cotidianidad en Buenos Aires en los a\u00f1os treinta que se opone a las propuestas modernas de la \u00e9poca, como las fotograf\u00edas de Horacio Coppola y Grete Stern. Destacando los modos de vida en esta ciudad, el trabajo profundiza en la d\u00e9cada infame, un per\u00edodo hist\u00f3rico que se inicia con el primer golpe c\u00edvico-militar del siglo XX en Argentina. Con curadur\u00eda de Ver\u00f3nica Tell.\u00a0<strong>Cierra el 11 de diciembre.<\/strong><\/p>\n<figure class=\"wp-block-image aligncenter size-full\"><img fetchpriority=\"high\" decoding=\"async\" class=\"wp-image-522982\" src=\"https:\/\/prensa.cba.gov.ar\/wp-content\/uploads\/2022\/10\/FranciscoMedail_Accidente-1024x683-1.jpg\" alt=\"\" width=\"993\" height=\"660\" \/><figcaption><em>En\u00a0la\u00a0sala 1,\u00a0\u00abFotograf\u00edas 1930-1943\u00bb\u00a0de\u00a0Francisco Medail<\/em><\/figcaption><\/figure>\n<p><strong>Antonio Pedone\u00a0<\/strong>en la<strong>\u00a0sala 2\u00a0<\/strong>con la muestra\u00a0<strong>Un artista moderno, un museo moderno<\/strong>.<em>\u00a0<\/em>La figura de Antonio Pedone resulta clave para comprender una serie de acontecimientos y procesos que modelaron la escena art\u00edstica cordobesa de la primera mitad del siglo XX. Sus logros, as\u00ed como las dificultades que enfrent\u00f3 pueden seguirse a trav\u00e9s del conjunto de obras y documentos que re\u00fane esta exposici\u00f3n. Con curadur\u00eda del \u00c1rea de Colecci\u00f3n del Museo Caraffa.<em><strong>\u00a0<\/strong><\/em><strong>Cierra el 5 de marzo de 2023<\/strong>.<\/p>\n<figure class=\"wp-block-image aligncenter size-full\"><img decoding=\"async\" class=\"wp-image-522983\" src=\"https:\/\/prensa.cba.gov.ar\/wp-content\/uploads\/2022\/10\/AntonioPedone-1024x731-1.jpg\" alt=\"\" width=\"993\" height=\"660\" \/><figcaption><em>En la\u00a0sala 2, \u00abUn artista moderno, un museo moderno\u00bb de Antonio Pedone<\/em><\/figcaption><\/figure>\n<p>Por otro lado en la\u00a0<strong>sala 3<\/strong>\u00a0la exposici\u00f3n\u00a0<strong>Dar\u00a0la\u00a0palabra<\/strong>\u00a0del \u00a0<strong>Grupo Urbomaquia<\/strong>\u00a0presenta un recorrido por obras, documentos y registros, tanto fotogr\u00e1ficos como audiovisuales, entre los a\u00f1os 2001 y 2018. Urbomaquia se inscribe en el terreno del arte pol\u00edtico proponiendo diferentes situaciones de acci\u00f3n y reflexi\u00f3n en torno a la vida urbana y social pero tambi\u00e9n sobre los modos de producci\u00f3n en artes, visibilizando tensiones entre lo establecido y otras voces disidentes o marginales. Con curadur\u00eda de Carina Cagnolo.<strong>\u00a0Cierra el 5 de marzo de 2023<\/strong>.<\/p>\n<figure class=\"wp-block-image aligncenter size-full\"><img decoding=\"async\" class=\"wp-image-522984\" src=\"https:\/\/prensa.cba.gov.ar\/wp-content\/uploads\/2022\/10\/GrupoUrbomaquiaPancartas-1024x675-1.jpg\" alt=\"\" width=\"993\" height=\"660\" \/><figcaption><em>En la\u00a0sala 3\u00a0la exposici\u00f3n\u00a0\u00abDar\u00a0la\u00a0palabra\u00bb\u00a0del Grupo Urbomaquia\u00a0<\/em><\/figcaption><\/figure>\n<p>Siguiendo el recorrido en\u00a0<strong>sala 4 Romilio, las mariposas y su cazador<\/strong>\u00a0del\u00a0Proyecto educativo Lesolvidades. Es una exposici\u00f3n producida por el equipo del \u00c1rea de Educaci\u00f3n del MEC. Se trata de una experiencia educativa, art\u00edstica, accesiblilizada y l\u00fadica destinada para ni\u00f1as y ni\u00f1os. La investigaci\u00f3n comenz\u00f3 en octubre de 2021 con la asignaci\u00f3n del subsidio Ensayar museos 2021, otorgado por la Fundaci\u00f3n Williams. Romilio, las mariposas y su cazador est\u00e1 pensada desde la pedagog\u00eda cr\u00edtica freiriana y segmentada en tres ejes conceptuales seg\u00fan el \u201cEnfoque Triangular\u201d para la ense\u00f1anza-aprendizaje de las artes que propone la pedagoga art\u00edstica brasilera Ana Mae Barbosa: Apreciar, Contextualizar y Hacer. Cierra en el mes de\u00a0<strong>junio de 2023<\/strong>.<\/p>\n<figure class=\"wp-block-image aligncenter size-full\"><img loading=\"lazy\" decoding=\"async\" class=\"wp-image-522985\" src=\"https:\/\/prensa.cba.gov.ar\/wp-content\/uploads\/2022\/10\/Lesolvidades_RomilioLasMariposasYSuCazador.-1024x472-1.jpeg\" alt=\"\" width=\"993\" height=\"660\" \/><figcaption><em>En\u00a0sala 4, \u00abRomilio, las mariposas y su cazador\u00bb\u00a0del\u00a0Proyecto educativo Lesolvidades<\/em><\/figcaption><\/figure>\n<p>Y por \u00faltimo en<strong>\u00a0salas 5, 6 y 7, La vida es dura, pero no tanto<\/strong>\u00a0del Grupo Bondi dirigido desde 2008, por Iv\u00e1n L\u00f3pez Prystajko y Eugenio G\u00f3mez Llamb\u00ed.\u00a0La exhibici\u00f3n plantea como eje curatorial el humor y la ausencia de solemnidad, la sorpresa y la potencia de las ocurrencias. Las caracter\u00edsticas mencionadas singularizan las obras del Grupo BONDI en el campo del dise\u00f1o y fisuran los l\u00edmites disciplinares a nuevas formas de expresi\u00f3n relacionales y contempor\u00e1neas. Las obras pueden ser habitadas, apropiadas e incorporadas al uso cotidiano, haciendo de los espacios \u00edntimos y p\u00fablicos lugares para posibles epifan\u00edas y diferentes percepciones. Lo popular, lo imaginario y la acci\u00f3n hacen de cada invenci\u00f3n del Grupo BONDI una experiencia \u00fanica, en el cruce ineludible entre lo po\u00e9tico y lo pol\u00edtico. Con curadur\u00eda de\u00a0Edgardo Gim\u00e9nez<em>.<\/em><strong><em>\u00a0<\/em>Cierra el\u00a05 de marzo de 2023<\/strong>.<\/p>\n<figure class=\"wp-block-image aligncenter size-full\"><img loading=\"lazy\" decoding=\"async\" class=\"wp-image-522986\" src=\"https:\/\/prensa.cba.gov.ar\/wp-content\/uploads\/2022\/10\/107-Grupo-Bondi-121018.jpg\" alt=\"\" width=\"993\" height=\"660\" \/><figcaption><em>En\u00a0salas 5, 6 y 7, \u00abLa vida es dura, pero no tanto\u00bb\u00a0del Grupo Bondi<\/em><\/figcaption><\/figure>\n<\/div>\n<\/div>\n<\/article>\n","protected":false},"excerpt":{"rendered":"<p>La Agencia C\u00f3rdoba Cultura invita a un nuevo ciclo de exposiciones en el Museo Emilio Caraffa La inauguraci\u00f3n es este mi\u00e9rcoles 26 de octubre a las 20 hs, en\u00a0Av. Poeta Lugones 411.\u00a0 La entrada es libre y gratuita. &nbsp; Dentro de la propuesta se podr\u00e1n visitar en\u00a0la\u00a0sala 1,\u00a0\u00a0Fotograf\u00edas 1930-1943\u00a0de\u00a0Francisco Medail.\u00a0Es una investigaci\u00f3n en torno al &hellip;<\/p>\n","protected":false},"author":1,"featured_media":5267,"comment_status":"open","ping_status":"open","sticky":false,"template":"","format":"standard","meta":{"footnotes":""},"categories":[48],"tags":[],"class_list":["post-5266","post","type-post","status-publish","format-standard","has-post-thumbnail","hentry","category-info-general"],"_links":{"self":[{"href":"https:\/\/radiobeat97.com.ar\/beat\/wp-json\/wp\/v2\/posts\/5266","targetHints":{"allow":["GET"]}}],"collection":[{"href":"https:\/\/radiobeat97.com.ar\/beat\/wp-json\/wp\/v2\/posts"}],"about":[{"href":"https:\/\/radiobeat97.com.ar\/beat\/wp-json\/wp\/v2\/types\/post"}],"author":[{"embeddable":true,"href":"https:\/\/radiobeat97.com.ar\/beat\/wp-json\/wp\/v2\/users\/1"}],"replies":[{"embeddable":true,"href":"https:\/\/radiobeat97.com.ar\/beat\/wp-json\/wp\/v2\/comments?post=5266"}],"version-history":[{"count":1,"href":"https:\/\/radiobeat97.com.ar\/beat\/wp-json\/wp\/v2\/posts\/5266\/revisions"}],"predecessor-version":[{"id":5268,"href":"https:\/\/radiobeat97.com.ar\/beat\/wp-json\/wp\/v2\/posts\/5266\/revisions\/5268"}],"wp:featuredmedia":[{"embeddable":true,"href":"https:\/\/radiobeat97.com.ar\/beat\/wp-json\/wp\/v2\/media\/5267"}],"wp:attachment":[{"href":"https:\/\/radiobeat97.com.ar\/beat\/wp-json\/wp\/v2\/media?parent=5266"}],"wp:term":[{"taxonomy":"category","embeddable":true,"href":"https:\/\/radiobeat97.com.ar\/beat\/wp-json\/wp\/v2\/categories?post=5266"},{"taxonomy":"post_tag","embeddable":true,"href":"https:\/\/radiobeat97.com.ar\/beat\/wp-json\/wp\/v2\/tags?post=5266"}],"curies":[{"name":"wp","href":"https:\/\/api.w.org\/{rel}","templated":true}]}}