{"id":5307,"date":"2022-11-04T11:25:38","date_gmt":"2022-11-04T11:25:38","guid":{"rendered":"http:\/\/www.radiobeat97.com.ar\/beat\/?p=5307"},"modified":"2022-11-09T11:47:35","modified_gmt":"2022-11-09T11:47:35","slug":"trueno-y-die-toten-hosen-se-unen-con-2-minutos-en-ya-no-sos-igual","status":"publish","type":"post","link":"https:\/\/radiobeat97.com.ar\/beat\/trueno-y-die-toten-hosen-se-unen-con-2-minutos-en-ya-no-sos-igual\/","title":{"rendered":"Trueno y Die Toten Hosen se unen con 2 Minutos en \u00abYa no sos igual\u00bb"},"content":{"rendered":"<div>La banda argentina de punk rock\u00a0<a href=\"https:\/\/www.cmtv.com.ar\/biografia\/show.php?bnid=94&amp;banda=2_Minutos\" target=\"_blank\" rel=\"noopener\"><b>2 Minutos<\/b><\/a>\u00a0contin\u00faa adelantando temas que van a formar parte de su pr\u00f3ximo disco por sus 35 a\u00f1os de trayectoria. Ahora es el turno de un cl\u00e1sico de cl\u00e1sicos: \u201c<a href=\"https:\/\/www.cmtv.com.ar\/discos_letras\/letra.php?bnid=94&amp;banda=2_Minutos&amp;DS_DS=21095&amp;tmid=175861&amp;tema=YA_NO_SOS_IGUAL_(FT._TRUENO_\/_DIE_TOTEN_HOSEN)_\" target=\"_blank\" rel=\"noopener\"><b>Ya no sos igual<\/b><\/a>\u201d.<\/div>\n<div><\/div>\n<div>Si el punk rock nacional (y latinoamericano) tuviera que entonar un himno representativo del g\u00e9nero, sin dudas \u201c<b>Ya no sos igual<\/b>\u201d se alzar\u00eda como indiscutida carta de presentaci\u00f3n.<\/div>\n<div><\/div>\n<div>Es la historia de\u00a0<i>Carlos<\/i>, ese pibe que dej\u00f3 de parar en el bar e ir a la cancha con los amigos para patrullar la ciudad y molestar por las noches a la gente.<\/div>\n<div>La clara diferencia entre la gorra y la visera.<\/div>\n<div><\/div>\n<div><\/div>\n<div>A \u00e9sta versi\u00f3n \u201c<i>2022 \u2013 35\u00b0 aniversario<\/i>\u201d &#8211; se suma la colaboraci\u00f3n (y gran interpretaci\u00f3n) de\u00a0<b>Campino<\/b>\u00a0(<b>Die Toten Hosen<\/b>) que se adue\u00f1a de la canci\u00f3n con su caracter\u00edstica energ\u00eda; como tambi\u00e9n se suma la colaboraci\u00f3n y frescura de\u00a0<a href=\"https:\/\/www.cmtv.com.ar\/biografia\/show.php?bnid=2570&amp;banda=Trueno\" target=\"_blank\" rel=\"noopener\"><b>Trueno<\/b><\/a>, que le agrega m\u00e1s barrio (si es que se puede) a este himno inoxidable.<\/div>\n<div><\/div>\n<div><\/div>\n<div>Sobre el videoclip de \u201c<b>Ya no sos igual<\/b>\u201d, este fue dirigido por Octavio Lovisolo qui\u00e9n al registro en estudio de la banda sobre la grabaci\u00f3n del material, le sum\u00f3 im\u00e1genes en vivo de\u00a0<b>Mosca<\/b>\u00a0junto a\u00a0<b>Die Toten Hosen\u00a0<\/b>en su \u00faltima visita al pa\u00eds donde interpretaron juntos la canci\u00f3n. Adem\u00e1s, tambi\u00e9n qued\u00f3 documentada la participaci\u00f3n de\u00a0<b>Trueno<\/b>\u00a0qui\u00e9n le agreg\u00f3 su improvisaci\u00f3n desde M\u00e9xico. Todo esto acompa\u00f1ado con im\u00e1genes (nefastas) de archivo de la polic\u00eda haciendo lo que lamentablemente mejor le sale: reprimir.<\/div>\n<div><\/div>\n<div><\/div>\n<div>Actualmente,\u00a0<b>2 Minutos\u00a0<\/b>contin\u00faa grabando su disco que contar\u00e1 con la participaci\u00f3n de grandes artistas invitados reversionando cl\u00e1sicos que consolidaron a la banda como una de las m\u00e1s importantes del g\u00e9nero en Latinoam\u00e9rica. Tambi\u00e9n se encuentran de gira y en la misma visitar\u00e1n las ciudades de La Plata, Rosario, Santiago de Chile, Las Heras y Calta Oliva entre otras.<\/div>\n<div><\/div>\n<div><\/div>\n<div>Mira el video:<\/div>\n<div><\/div>\n<div>\n<p><iframe title=\"Dos Minutos &amp; Die Toten Hosen &amp; Trueno - Ya no sos igual (video oficial)\" width=\"500\" height=\"281\" src=\"https:\/\/www.youtube.com\/embed\/86IsPQOEB6I?feature=oembed\" frameborder=\"0\" allow=\"accelerometer; autoplay; clipboard-write; encrypted-media; gyroscope; picture-in-picture; web-share\" referrerpolicy=\"strict-origin-when-cross-origin\" allowfullscreen><\/iframe><\/p>\n<\/div>\n<div><\/div>\n","protected":false},"excerpt":{"rendered":"<p>La banda argentina de punk rock\u00a02 Minutos\u00a0contin\u00faa adelantando temas que van a formar parte de su pr\u00f3ximo disco por sus 35 a\u00f1os de trayectoria. Ahora es el turno de un cl\u00e1sico de cl\u00e1sicos: \u201cYa no sos igual\u201d. Si el punk rock nacional (y latinoamericano) tuviera que entonar un himno representativo del g\u00e9nero, sin dudas \u201cYa &hellip;<\/p>\n","protected":false},"author":1,"featured_media":5308,"comment_status":"open","ping_status":"open","sticky":false,"template":"","format":"standard","meta":{"footnotes":""},"categories":[46],"tags":[],"class_list":["post-5307","post","type-post","status-publish","format-standard","has-post-thumbnail","hentry","category-musica"],"_links":{"self":[{"href":"https:\/\/radiobeat97.com.ar\/beat\/wp-json\/wp\/v2\/posts\/5307","targetHints":{"allow":["GET"]}}],"collection":[{"href":"https:\/\/radiobeat97.com.ar\/beat\/wp-json\/wp\/v2\/posts"}],"about":[{"href":"https:\/\/radiobeat97.com.ar\/beat\/wp-json\/wp\/v2\/types\/post"}],"author":[{"embeddable":true,"href":"https:\/\/radiobeat97.com.ar\/beat\/wp-json\/wp\/v2\/users\/1"}],"replies":[{"embeddable":true,"href":"https:\/\/radiobeat97.com.ar\/beat\/wp-json\/wp\/v2\/comments?post=5307"}],"version-history":[{"count":1,"href":"https:\/\/radiobeat97.com.ar\/beat\/wp-json\/wp\/v2\/posts\/5307\/revisions"}],"predecessor-version":[{"id":5309,"href":"https:\/\/radiobeat97.com.ar\/beat\/wp-json\/wp\/v2\/posts\/5307\/revisions\/5309"}],"wp:featuredmedia":[{"embeddable":true,"href":"https:\/\/radiobeat97.com.ar\/beat\/wp-json\/wp\/v2\/media\/5308"}],"wp:attachment":[{"href":"https:\/\/radiobeat97.com.ar\/beat\/wp-json\/wp\/v2\/media?parent=5307"}],"wp:term":[{"taxonomy":"category","embeddable":true,"href":"https:\/\/radiobeat97.com.ar\/beat\/wp-json\/wp\/v2\/categories?post=5307"},{"taxonomy":"post_tag","embeddable":true,"href":"https:\/\/radiobeat97.com.ar\/beat\/wp-json\/wp\/v2\/tags?post=5307"}],"curies":[{"name":"wp","href":"https:\/\/api.w.org\/{rel}","templated":true}]}}