{"id":5319,"date":"2022-11-09T11:30:34","date_gmt":"2022-11-09T11:30:34","guid":{"rendered":"http:\/\/www.radiobeat97.com.ar\/beat\/?p=5319"},"modified":"2022-11-09T11:48:29","modified_gmt":"2022-11-09T11:48:29","slug":"presentaron-ocho-desarrollos-locales-con-biomateriales","status":"publish","type":"post","link":"https:\/\/radiobeat97.com.ar\/beat\/presentaron-ocho-desarrollos-locales-con-biomateriales\/","title":{"rendered":"Presentaron ocho desarrollos locales con biomateriales"},"content":{"rendered":"<ul>\n<li><strong>Emprendedores, investigadores y empresarios compartieron el DemoDay dedicado a esta disciplina<\/strong>.<\/li>\n<li><strong>Se expusieron los trabajos de equipos de investigaci\u00f3n y startups que aplican componentes biol\u00f3gicos en la elaboraci\u00f3n de productos<\/strong>.<\/li>\n<li><strong>Qued\u00f3 expuesta nuevamente la potencialidad de C\u00f3rdoba en actividades vinculadas a la bioeconom\u00eda<\/strong>.<\/li>\n<\/ul>\n<p>En la sede del ministerio de Ciencia y Tecnolog\u00eda se desarroll\u00f3 el<strong>\u00a0\u201cDemoDay Biomateriales<\/strong>\u201d, una propuesta de vinculaci\u00f3n entre sectores cient\u00edficos y socioproductivos, enfocados en esta tem\u00e1tica.<\/p>\n<p>Durante la jornada, se abordaron\u00a0<strong>tendencias y avances del conocimiento cient\u00edfico-tecnol\u00f3gico y sus aplicaciones<\/strong>\u00a0de aquellos biomateriales que aporten al desarrollo local en la provincia de C\u00f3rdoba, y que promuevan nuevos sistemas de producci\u00f3n sustentables en base a materiales biol\u00f3gicos.<\/p>\n<p>La actividad cont\u00f3 con la presencia del\u00a0<strong>ministro de Ciencia y Tecnolog\u00eda, Pablo De Chiara<\/strong>\u00a0y funcionarios de su gabinete, junto a representantes de universidades, empresas, institutos y centros de investigaci\u00f3n, emprendedoras y emprendedores y estudiantes de carreras afines a esta especialidad.<\/p>\n<figure class=\"wp-block-image size-full\"><img fetchpriority=\"high\" decoding=\"async\" class=\"wp-image-525221\" src=\"https:\/\/prensa.cba.gov.ar\/wp-content\/uploads\/2022\/11\/DEMODAY-Pablo.jpg\" alt=\"\" width=\"993\" height=\"660\" \/><\/figure>\n<p>Esta actividad se enmarca en el Programa CyTER\u00a0<em>\u201cCiencia y Tecnolog\u00eda para las Econom\u00edas Regionales\u201d<\/em>\u00a0del Ministerio de Ciencia y Tecnolog\u00eda de C\u00f3rdoba, el cual busca fortalecer la articulaci\u00f3n entre los sectores acad\u00e9micos, cient\u00edfico-tecnol\u00f3gicos, gubernamentales y socio-productivos, relacionados con las diversas actividades econ\u00f3micas regionales dentro de nuestra provincia, atendiendo a las condiciones geo-ambientales particulares.<\/p>\n<p>Las palabras de bienvenida estuvieron a cargo del ministro Pablo De Chiara, quien destac\u00f3 la importancia de la bioeconom\u00eda en C\u00f3rdoba,<em>\u00a0\u201cpor su enorme potencialidad basada en la cantidad y calidad de desarrollo que se realiza en la provincia, por la disponibilidad de materia prima que existe, por el trabajo que vienen realizando las universidades y por el apoyo que le ofrecemos por parte del Gobierno de C\u00f3rdoba\u201d<\/em>.<\/p>\n<p>La jornada incluy\u00f3, adem\u00e1s, la presentaci\u00f3n sobre\u00a0<em>\u201c<strong>Bioproducto. Innovaci\u00f3n y perspectivas locales e internacionales\u201d<\/strong><\/em>\u00a0a cargo de Marisol Fuhr, de la Direcci\u00f3n Nacional de Bioeconom\u00eda de la Secretar\u00eda de Agricultura, Ganader\u00eda y Pesca del Ministerio de Econom\u00eda de la Naci\u00f3n.<\/p>\n<p>Luego, se realizaron las presentaciones de productos con materiales de base biol\u00f3gica desarrollados en la provincia de C\u00f3rdoba y concluy\u00f3 con un espacio para el networking y la vinculaci\u00f3n entre los distintos actores presentes.<\/p>\n<h3><strong>Los proyectos presentados<\/strong><\/h3>\n<ul>\n<li><em>Desarrollo de terapias para mastitis basadas en biopol\u00edmeros antimicrobianos e inmunoestimulantes\u00a0<\/em>\u2013 Carina Porporatto (UNVM)<\/li>\n<li><em>Materiales aislantes biodegradables a partir del aprovechamiento de la biomasa \u2013<\/em>\u00a0Raquel Martini (UNC-CONICET)<\/li>\n<li><em>La necesidad en el uso de herbicidas en siembra directa, promueve la implementaci\u00f3n de sistemas m\u00e1s sostenibles e integrados\u00a0<\/em>\u2013 Oscar Masciarelli (INIAB-UNRC)<\/li>\n<li><em>Paneles con c\u00e1scaras de man\u00ed<\/em>\u00a0\u2013 Mariana Gatani (CIT UNVM-CONICET)<\/li>\n<li><em>Desarrollo de biomateriales en colaboraci\u00f3n con hongos, utilizando como sustrato la c\u00e1scara resultante de la producci\u00f3n del man\u00ed\u00a0<\/em>\u2013 MALMA<\/li>\n<li><em>Conversi\u00f3n de residuos agroindustriales en biopl\u00e1sticos con aplicaci\u00f3n en la elaboraci\u00f3n de envases compostables<\/em>\u00a0\u2013 Mar\u00eda Paula Mart\u00edn, Ezequiel Bigatton, Carolina Vazquez (FCA-UNC)<\/li>\n<li><em>PLAlac: Nueva generaci\u00f3n de biopl\u00e1sticos a partir de lactosuero\u00a0<\/em>\u2013 Ver\u00f3nica Nicolau (UTN San Francisco \u2013 CONICET)<\/li>\n<li><em>Biopol\u00edmeros a base de almid\u00f3n para recubrimientos multiprop\u00f3sito de semillas. Contribuci\u00f3n a la sustentabilidad en la agrobioindustria\u00a0<\/em>\u2013 Mariana Melchiorre (INTA CIAP \u2013 UNC)<\/li>\n<\/ul>\n<div class=\"wp-block-coblocks-gallery-carousel\" aria-label=\"Carousel Gallery\">\n<div class=\"coblocks-gallery-carousel-swiper-container is-cropped coblocks-gallery has-no-alignment has-caption-style-dark has-horizontal-gutter has-lightbox has-no-thumbnails lightbox-0 \">\n<div id=\"12345\" class=\"has-carousel has-carousel-lrg swiper-container\" data-swiper=\"{&quot;alignCells&quot;:false,&quot;autoPlay&quot;:false,&quot;autoPlaySpeed&quot;:3000,&quot;draggable&quot;:true,&quot;freeMode&quot;:false,&quot;loop&quot;:false,&quot;navigation&quot;:true,&quot;pageDots&quot;:false,&quot;pauseHover&quot;:false,&quot;responsiveHeight&quot;:false,&quot;slidesPerView&quot;:2,&quot;thumbnails&quot;:false,&quot;uuid&quot;:&quot;12345&quot;}\">\n<div class=\"swiper-wrapper\">\n<div class=\"swiper-slide swiper-slide-active\" data-slider=\"0\">\n<div class=\"coblocks-gallery--item\" tabindex=\"0\" role=\"button\">\n<figure class=\"coblocks-gallery--figure has-margin-left-5 has-margin-left-mobile-5 has-margin-right-5 has-margin-right-mobile-5\"><img decoding=\"async\" class=\"wp-image-525215\" src=\"https:\/\/prensa.cba.gov.ar\/wp-content\/uploads\/2022\/11\/DEMODAY-1.jpg\" alt=\"\" width=\"993\" height=\"660\" data-id=\"525215\" \/><\/figure>\n<\/div>\n<\/div>\n<div class=\"swiper-slide swiper-slide-next\" data-slider=\"1\">\n<div class=\"coblocks-gallery--item\" tabindex=\"1\" role=\"button\">\n<figure class=\"coblocks-gallery--figure has-margin-left-5 has-margin-left-mobile-5 has-margin-right-5 has-margin-right-mobile-5\"><img decoding=\"async\" class=\"wp-image-525210\" src=\"https:\/\/prensa.cba.gov.ar\/wp-content\/uploads\/2022\/11\/DEMODAY-2.jpg\" alt=\"\" width=\"993\" height=\"660\" data-id=\"525210\" \/><\/figure>\n<\/div>\n<\/div>\n<div class=\"swiper-slide\" data-slider=\"2\">\n<div class=\"coblocks-gallery--item\" tabindex=\"2\" role=\"button\">\n<figure class=\"coblocks-gallery--figure has-margin-left-5 has-margin-left-mobile-5 has-margin-right-5 has-margin-right-mobile-5\"><img loading=\"lazy\" decoding=\"async\" class=\"wp-image-525214\" src=\"https:\/\/prensa.cba.gov.ar\/wp-content\/uploads\/2022\/11\/DEMODAY-3.jpg\" alt=\"\" width=\"993\" height=\"660\" data-id=\"525214\" \/><\/figure>\n<\/div>\n<\/div>\n<div class=\"swiper-slide\" data-slider=\"3\">\n<div class=\"coblocks-gallery--item\" tabindex=\"3\" role=\"button\">\n<figure class=\"coblocks-gallery--figure has-margin-left-5 has-margin-left-mobile-5 has-margin-right-5 has-margin-right-mobile-5\"><img loading=\"lazy\" decoding=\"async\" class=\"wp-image-525212\" src=\"https:\/\/prensa.cba.gov.ar\/wp-content\/uploads\/2022\/11\/DEMODAY-4.jpg\" alt=\"\" width=\"993\" height=\"660\" data-id=\"525212\" \/><\/figure>\n<\/div>\n<\/div>\n<div class=\"swiper-slide\" data-slider=\"4\">\n<div class=\"coblocks-gallery--item\" tabindex=\"4\" role=\"button\">\n<figure class=\"coblocks-gallery--figure has-margin-left-5 has-margin-left-mobile-5 has-margin-right-5 has-margin-right-mobile-5\"><img loading=\"lazy\" decoding=\"async\" class=\"wp-image-525213\" src=\"https:\/\/prensa.cba.gov.ar\/wp-content\/uploads\/2022\/11\/DEMODAY-5.jpg\" alt=\"\" width=\"993\" height=\"660\" data-id=\"525213\" \/><\/figure>\n<\/div>\n<\/div>\n<div class=\"swiper-slide\" data-slider=\"5\">\n<div class=\"coblocks-gallery--item\" tabindex=\"5\" role=\"button\">\n<figure class=\"coblocks-gallery--figure has-margin-left-5 has-margin-left-mobile-5 has-margin-right-5 has-margin-right-mobile-5\"><img loading=\"lazy\" decoding=\"async\" class=\"wp-image-525211\" src=\"https:\/\/prensa.cba.gov.ar\/wp-content\/uploads\/2022\/11\/DEMODAY-6.jpg\" alt=\"\" width=\"993\" height=\"660\" data-id=\"525211\" \/><\/figure>\n<\/div>\n<\/div>\n<div class=\"swiper-slide\" data-slider=\"6\">\n<div class=\"coblocks-gallery--item\" tabindex=\"6\" role=\"button\">\n<figure class=\"coblocks-gallery--figure has-margin-left-5 has-margin-left-mobile-5 has-margin-right-5 has-margin-right-mobile-5\"><img loading=\"lazy\" decoding=\"async\" class=\"wp-image-525216\" src=\"https:\/\/prensa.cba.gov.ar\/wp-content\/uploads\/2022\/11\/DEMODAY-7.jpg\" alt=\"\" width=\"993\" height=\"662\" data-id=\"525216\" \/><\/figure>\n<\/div>\n<\/div>\n<\/div>\n<p>&nbsp;<\/p>\n<\/div>\n<\/div>\n<\/div>\n<h6 class=\"has-text-align-center\">TODOS LOS PROYECTOS EST\u00c1N DISPONIBLES\u00a0<strong><a href=\"https:\/\/www.youtube.com\/playlist?list=PLm3EfTqGr0fi5xugqlZRTB_I8Lcx-r0h2\" target=\"_blank\" rel=\"noreferrer noopener\">AQUI<\/a><\/strong><\/h6>\n<figure class=\"wp-block-image size-full\"><a href=\"https:\/\/www.youtube.com\/playlist?list=PLm3EfTqGr0fi5xugqlZRTB_I8Lcx-r0h2\"><img loading=\"lazy\" decoding=\"async\" class=\"wp-image-525209\" src=\"https:\/\/prensa.cba.gov.ar\/wp-content\/uploads\/2022\/11\/DEMODAY-cierre.jpg\" alt=\"\" width=\"993\" height=\"662\" \/><\/a><\/figure>\n","protected":false},"excerpt":{"rendered":"<p>Emprendedores, investigadores y empresarios compartieron el DemoDay dedicado a esta disciplina. Se expusieron los trabajos de equipos de investigaci\u00f3n y startups que aplican componentes biol\u00f3gicos en la elaboraci\u00f3n de productos. Qued\u00f3 expuesta nuevamente la potencialidad de C\u00f3rdoba en actividades vinculadas a la bioeconom\u00eda. En la sede del ministerio de Ciencia y Tecnolog\u00eda se desarroll\u00f3 el\u00a0\u201cDemoDay &hellip;<\/p>\n","protected":false},"author":1,"featured_media":5320,"comment_status":"open","ping_status":"open","sticky":false,"template":"","format":"standard","meta":{"footnotes":""},"categories":[48],"tags":[],"class_list":["post-5319","post","type-post","status-publish","format-standard","has-post-thumbnail","hentry","category-info-general"],"_links":{"self":[{"href":"https:\/\/radiobeat97.com.ar\/beat\/wp-json\/wp\/v2\/posts\/5319","targetHints":{"allow":["GET"]}}],"collection":[{"href":"https:\/\/radiobeat97.com.ar\/beat\/wp-json\/wp\/v2\/posts"}],"about":[{"href":"https:\/\/radiobeat97.com.ar\/beat\/wp-json\/wp\/v2\/types\/post"}],"author":[{"embeddable":true,"href":"https:\/\/radiobeat97.com.ar\/beat\/wp-json\/wp\/v2\/users\/1"}],"replies":[{"embeddable":true,"href":"https:\/\/radiobeat97.com.ar\/beat\/wp-json\/wp\/v2\/comments?post=5319"}],"version-history":[{"count":2,"href":"https:\/\/radiobeat97.com.ar\/beat\/wp-json\/wp\/v2\/posts\/5319\/revisions"}],"predecessor-version":[{"id":5332,"href":"https:\/\/radiobeat97.com.ar\/beat\/wp-json\/wp\/v2\/posts\/5319\/revisions\/5332"}],"wp:featuredmedia":[{"embeddable":true,"href":"https:\/\/radiobeat97.com.ar\/beat\/wp-json\/wp\/v2\/media\/5320"}],"wp:attachment":[{"href":"https:\/\/radiobeat97.com.ar\/beat\/wp-json\/wp\/v2\/media?parent=5319"}],"wp:term":[{"taxonomy":"category","embeddable":true,"href":"https:\/\/radiobeat97.com.ar\/beat\/wp-json\/wp\/v2\/categories?post=5319"},{"taxonomy":"post_tag","embeddable":true,"href":"https:\/\/radiobeat97.com.ar\/beat\/wp-json\/wp\/v2\/tags?post=5319"}],"curies":[{"name":"wp","href":"https:\/\/api.w.org\/{rel}","templated":true}]}}