{"id":5341,"date":"2022-11-18T11:27:57","date_gmt":"2022-11-18T11:27:57","guid":{"rendered":"http:\/\/www.radiobeat97.com.ar\/beat\/?p=5341"},"modified":"2022-11-29T12:03:37","modified_gmt":"2022-11-29T12:03:37","slug":"la-lista-completa-de-ganadores-de-los-latin-grammy-2022","status":"publish","type":"post","link":"https:\/\/radiobeat97.com.ar\/beat\/la-lista-completa-de-ganadores-de-los-latin-grammy-2022\/","title":{"rendered":"La lista completa de ganadores de los Latin Grammy 2022"},"content":{"rendered":"<p class=\"paragraph\">La ceremonia 23 de los\u00a0<a href=\"https:\/\/www.infobae.com\/america\/tendencias-america\/2022\/11\/18\/latin-grammy-2022-todos-los-looks-de-la-alfombra-roja\/\" target=\"_blank\" rel=\"noopener\">Latin Grammy<\/a>, desde Las Vegas, Nevada, dej\u00f3 los siguientes ganadores:<\/p>\n<p class=\"paragraph\"><b>-\u00c1lbum del A\u00f1o:<\/b>\u00a0<i>Motomami<\/i>\u00a0de\u00a0<a href=\"https:\/\/www.infobae.com\/america\/entretenimiento\/2022\/11\/18\/el-candente-momento-entre-rosalia-y-rauw-alejandro-en-la-ceremonia-de-los-latin-grammys-2022\/\" target=\"_blank\" rel=\"noopener\">Rosalia<\/a><i>.<\/i><\/p>\n<p class=\"paragraph\"><b>-Canci\u00f3n del A\u00f1o:\u00a0<\/b>Jorge Drexler y C. Tangana con\u00a0<i>Tocarte.<\/i><\/p>\n<p class=\"paragraph\"><b>-Grabaci\u00f3n del A\u00f1o:<\/b>\u00a0Jorge Drexler y C. Tangana con\u00a0<i>Tocarte.<\/i><\/p>\n<p class=\"paragraph\"><b>-Mejor \u00c1lbum de M\u00fasica Ranchera\/Mariachi:\u00a0<\/b><a href=\"https:\/\/www.infobae.com\/america\/entretenimiento\/2022\/11\/18\/latin-grammy-2022-asi-cantaron-christian-nodal-y-christina-aguilera\/\" target=\"_blank\" rel=\"noopener\">Christian Nodal<\/a>\u00a0por\u00a0<i>EP #1 Forajido<\/i>.<\/p>\n<p class=\"paragraph\"><b>-Mejor \u00c1lbum Vocal Pop Tradicional:\u00a0<\/b>Christina Aguilera por<i>\u00a0Aguilera<\/i>.<\/p>\n<p class=\"paragraph\"><b>-Mejor \u00c1lbum Tropical Contempor\u00e1neo:\u00a0<\/b>Carlos Vives por\u00a0<i>Cumbiana II<\/i><b>.<\/b><\/p>\n<div class=\"visual__image\"><img fetchpriority=\"high\" decoding=\"async\" class=\"\" src=\"https:\/\/cloudfront-us-east-1.images.arcpublishing.com\/infobae\/NOODXSBJNPGT4A56TW6MTHVJWQ.jpg\" sizes=\"(min-width: 800px) 50vw, 90vw\" srcset=\"https:\/\/www.infobae.com\/new-resizer\/0fIsaR4i_rbGsNkElChlucXQiPQ=\/420x280\/filters:format(webp):quality(85)\/cloudfront-us-east-1.images.arcpublishing.com\/infobae\/NOODXSBJNPGT4A56TW6MTHVJWQ.jpg 420w,https:\/\/www.infobae.com\/new-resizer\/tS0cRArZcAj6I4_gqrQHqTXwHns=\/768x512\/filters:format(webp):quality(85)\/cloudfront-us-east-1.images.arcpublishing.com\/infobae\/NOODXSBJNPGT4A56TW6MTHVJWQ.jpg 768w,https:\/\/www.infobae.com\/new-resizer\/rCd907qHFYPN0LjqmhGbNl3W4Bk=\/992x661\/filters:format(webp):quality(85)\/cloudfront-us-east-1.images.arcpublishing.com\/infobae\/NOODXSBJNPGT4A56TW6MTHVJWQ.jpg 992w,https:\/\/www.infobae.com\/new-resizer\/IArG1-LE-UaSAmkjv0C58r3Pyh4=\/1200x800\/filters:format(webp):quality(85)\/cloudfront-us-east-1.images.arcpublishing.com\/infobae\/NOODXSBJNPGT4A56TW6MTHVJWQ.jpg 1200w,https:\/\/www.infobae.com\/new-resizer\/LmqSDtuZAYDisyaQ4K5FWpL4NFM=\/1440x960\/filters:format(webp):quality(85)\/cloudfront-us-east-1.images.arcpublishing.com\/infobae\/NOODXSBJNPGT4A56TW6MTHVJWQ.jpg 1440w\" alt=\"Nodal dedic\u00f3 Grammy a la cantante Cazzu, su pareja (REUTERS\/Mario Anzuoni)\" width=\"4248\" height=\"2832\" \/>Nodal dedic\u00f3 Grammy a la cantante Cazzu, su pareja (REUTERS\/Mario Anzuoni)<\/div>\n<p class=\"paragraph\"><b>-Mejor \u00c1lbum de M\u00fasica Urbana:\u00a0<\/b>Bad Bunny con<i>\u00a0Un Verano Sin Ti<\/i>.<\/p>\n<p class=\"paragraph\"><b>-Mejor Nuevo Artista:\u00a0<\/b>Angela \u00c1lvarez y Silvana Estrada.<\/p>\n<p class=\"paragraph\"><b>-Mejor \u00c1lbum Vocal Pop<\/b>: Sebasti\u00e1n Yatra por<i>\u00a0Dharma.<\/i><\/p>\n<p class=\"paragraph\"><b>-Mejor \u00c1lbum Salsa:<\/b>\u00a0Marc Anthony por\u00a0<i>Pa\u2019all\u00e1 voy<\/i>.<\/p>\n<h2 class=\"header\">Premios Especiales 2022<\/h2>\n<p class=\"paragraph\">Previo al inicio de la transmisi\u00f3n se entregaron los primeros galardones de la noche:<\/p>\n<div class=\"visual__image\"><img decoding=\"async\" class=\"\" src=\"https:\/\/cloudfront-us-east-1.images.arcpublishing.com\/infobae\/5JNFULFZZBJL5UKBEK4WMUE6R4.jpg\" sizes=\"(min-width: 800px) 50vw, 90vw\" srcset=\"https:\/\/www.infobae.com\/new-resizer\/5j-YODkRNpcV_Pq1t2X6-rdQYFk=\/420x280\/filters:format(webp):quality(85)\/cloudfront-us-east-1.images.arcpublishing.com\/infobae\/5JNFULFZZBJL5UKBEK4WMUE6R4.jpg 420w,https:\/\/www.infobae.com\/new-resizer\/JLjNfn04_D36aGVBci00lQRKbzA=\/768x512\/filters:format(webp):quality(85)\/cloudfront-us-east-1.images.arcpublishing.com\/infobae\/5JNFULFZZBJL5UKBEK4WMUE6R4.jpg 768w,https:\/\/www.infobae.com\/new-resizer\/DQBx_ZUJjiXCz3pX34UjYqP_MEA=\/992x661\/filters:format(webp):quality(85)\/cloudfront-us-east-1.images.arcpublishing.com\/infobae\/5JNFULFZZBJL5UKBEK4WMUE6R4.jpg 992w,https:\/\/www.infobae.com\/new-resizer\/l9WnWJoY8skymEDgQX0lCk9f8rg=\/1200x800\/filters:format(webp):quality(85)\/cloudfront-us-east-1.images.arcpublishing.com\/infobae\/5JNFULFZZBJL5UKBEK4WMUE6R4.jpg 1200w,https:\/\/www.infobae.com\/new-resizer\/17pLfvCnZ7QEXgzgP7z7MUt0Bf4=\/1440x960\/filters:format(webp):quality(85)\/cloudfront-us-east-1.images.arcpublishing.com\/infobae\/5JNFULFZZBJL5UKBEK4WMUE6R4.jpg 1440w\" alt=\"Estrellas de todo el continente se dieron cita en la ceremonia (REUTERS\/Steve Marcus)\" width=\"5500\" height=\"3727\" \/>Estrellas de todo el continente se dieron cita en la ceremonia (REUTERS\/Steve Marcus)<\/div>\n<p class=\"paragraph\"><b>-Mejor Canci\u00f3n Regional Mexicana:\u00a0<\/b>Edgar Barrera, Matisse y Carin Le\u00f3n por<i>\u00a0<\/i><i><b>Como lo hice yo.<\/b><\/i><\/p>\n<p class=\"paragraph\"><b>-Mejor \u00c1lbum de M\u00fasica Latina Para Ni\u00f1os<\/b>: Sophia por\u00a0<i>A la Fiesta de la m\u00fasica vamos todos.<\/i><\/p>\n<p class=\"paragraph\"><b>-Mejor \u00c1lbum de m\u00fasica cl\u00e1sica:<\/b>\u00a0Berta Rojas y Sebasti\u00e1n Henr\u00edquez por\u00a0<i>Legado.<\/i><\/p>\n<p class=\"paragraph\"><b>-Mejor Arreglo:<\/b>\u00a0Fernando Vel\u00e1zquez y\u00a0<b>Jorge Drexler<\/b>\u00a0por\u00a0<i>El Plan Maestro.<\/i><\/p>\n<div class=\"visual__image\"><img decoding=\"async\" class=\"\" src=\"https:\/\/cloudfront-us-east-1.images.arcpublishing.com\/infobae\/2VZB5KMTE7X4DFR5BP5YM7SXVU.jpg\" sizes=\"(min-width: 800px) 50vw, 90vw\" srcset=\"https:\/\/www.infobae.com\/new-resizer\/g25RrWDGGQsYVwzEB8lavog_DWs=\/420x280\/filters:format(webp):quality(85)\/cloudfront-us-east-1.images.arcpublishing.com\/infobae\/2VZB5KMTE7X4DFR5BP5YM7SXVU.jpg 420w,https:\/\/www.infobae.com\/new-resizer\/wcS1wY3VcnPhRHr5_QYYu-WkAEI=\/768x512\/filters:format(webp):quality(85)\/cloudfront-us-east-1.images.arcpublishing.com\/infobae\/2VZB5KMTE7X4DFR5BP5YM7SXVU.jpg 768w,https:\/\/www.infobae.com\/new-resizer\/m6gH8yNIqH2CZXUxHhF2UFzGHKs=\/992x661\/filters:format(webp):quality(85)\/cloudfront-us-east-1.images.arcpublishing.com\/infobae\/2VZB5KMTE7X4DFR5BP5YM7SXVU.jpg 992w,https:\/\/www.infobae.com\/new-resizer\/3v6qZhQuSZNLJf0aZ3F3ycBJsO0=\/1200x800\/filters:format(webp):quality(85)\/cloudfront-us-east-1.images.arcpublishing.com\/infobae\/2VZB5KMTE7X4DFR5BP5YM7SXVU.jpg 1200w,https:\/\/www.infobae.com\/new-resizer\/YfO2lp8QVMSk9PwEcr-O7YeM6sk=\/1440x960\/filters:format(webp):quality(85)\/cloudfront-us-east-1.images.arcpublishing.com\/infobae\/2VZB5KMTE7X4DFR5BP5YM7SXVU.jpg 1440w\" alt=\"Carlos Vives fue galardonado en la noche (REUTERS\/Mario Anzuoni)\" width=\"5500\" height=\"3667\" \/>Carlos Vives fue galardonado en la noche (REUTERS\/Mario Anzuoni)<\/div>\n<p class=\"paragraph\">&#8211;<b>Mejor \u00c1lbum de M\u00fasica Tejana:<\/b>\u00a0Bobby Pulido por\u00a0<i>Para que baile mi pueblo.<\/i><\/p>\n<p class=\"paragraph\">&#8211;<b>Mejor \u00c1lbum de Pop\/Rock:<\/b>\u00a0Fito P\u00e1ez por<i>\u00a0Los A\u00f1os Salvajes.<\/i><\/p>\n<p class=\"paragraph\">&#8211;<b>Mejor \u00c1lbum de Rock:<\/b>\u00a0El Mat\u00f3 a un Polic\u00eda Motorizado por\u00a0<i>Unas vacaciones raras.<\/i><\/p>\n<p class=\"paragraph\">&#8211;<b>Mejor \u00c1lbum Tropical Tradicional:\u00a0<\/b>Gonzalo Rubalcaba y Aym\u00e9e Nuviola por su\u00a0<i>Live in Marciac.<\/i><\/p>\n<p class=\"paragraph\">&#8211;<b>Mejor \u00c1lbum Instrumental:\u00a0<\/b>Hamilton Holanda por\u00a0<i>Maxixe Samba Groove.<\/i><\/p>\n<div class=\"visual__image\"><img loading=\"lazy\" decoding=\"async\" class=\"\" src=\"https:\/\/cloudfront-us-east-1.images.arcpublishing.com\/infobae\/LH64L2XW4VCAFF72ZIYEEMN6PY.jpg\" sizes=\"(min-width: 800px) 50vw, 90vw\" srcset=\"https:\/\/www.infobae.com\/new-resizer\/B3wXCtFDjNX9zR4itnqpyrI1xtY=\/420x236\/filters:format(webp):quality(85)\/cloudfront-us-east-1.images.arcpublishing.com\/infobae\/LH64L2XW4VCAFF72ZIYEEMN6PY.jpg 420w,https:\/\/www.infobae.com\/new-resizer\/mgOMzXRRBgCTZuklQm2sn9d94gs=\/768x432\/filters:format(webp):quality(85)\/cloudfront-us-east-1.images.arcpublishing.com\/infobae\/LH64L2XW4VCAFF72ZIYEEMN6PY.jpg 768w,https:\/\/www.infobae.com\/new-resizer\/AU2HbACNipvfexFksm8BIg0ZB7Q=\/992x558\/filters:format(webp):quality(85)\/cloudfront-us-east-1.images.arcpublishing.com\/infobae\/LH64L2XW4VCAFF72ZIYEEMN6PY.jpg 992w,https:\/\/www.infobae.com\/new-resizer\/xPVzPhq1IDuZbv6tdATjpHem0tA=\/1200x675\/filters:format(webp):quality(85)\/cloudfront-us-east-1.images.arcpublishing.com\/infobae\/LH64L2XW4VCAFF72ZIYEEMN6PY.jpg 1200w,https:\/\/www.infobae.com\/new-resizer\/Rs_9RvCRTfGwt1lpmNz66Ax_0m8=\/1440x810\/filters:format(webp):quality(85)\/cloudfront-us-east-1.images.arcpublishing.com\/infobae\/LH64L2XW4VCAFF72ZIYEEMN6PY.jpg 1440w\" alt=\"Fito Paez obtuvo tres galardones antes de iniciar la noche (Reuters)\" width=\"1920\" height=\"1080\" \/>Fito Paez obtuvo tres galardones antes de iniciar la noche (Reuters)<\/div>\n<p class=\"paragraph\">&#8211;<b>Mejor \u00c1lbum de Samba\/Pagode:<\/b>\u00a0Ludmilla por\u00a0<i>Numanice #2<\/i><\/p>\n<p class=\"paragraph\">&#8211;<b>Mejor \u00c1lbum de M\u00fasica Flamenca:<\/b>\u00a0Las Migas por\u00a0<i>Libres.<\/i><\/p>\n<p class=\"paragraph\">&#8211;<b>Mejor \u00c1lbum de Jazz Latino\/Jazz:\u00a0<\/b>Eliane Elias, Chick Corea y Chucho Vald\u00e9s por\u00a0<i>Mirror Mirror.<\/i><\/p>\n<div class=\"visual__image\"><img loading=\"lazy\" decoding=\"async\" class=\"\" src=\"https:\/\/cloudfront-us-east-1.images.arcpublishing.com\/infobae\/O52LU6UW3S5KG3QM6IFOPMZYFI.jpg\" sizes=\"(min-width: 800px) 50vw, 90vw\" srcset=\"https:\/\/www.infobae.com\/new-resizer\/fy4zOMGwWOpgQKZusarb3sb3VrE=\/420x280\/filters:format(webp):quality(85)\/cloudfront-us-east-1.images.arcpublishing.com\/infobae\/O52LU6UW3S5KG3QM6IFOPMZYFI.jpg 420w,https:\/\/www.infobae.com\/new-resizer\/f2GgVR-isQkDhfL57jB26DzuaZY=\/768x512\/filters:format(webp):quality(85)\/cloudfront-us-east-1.images.arcpublishing.com\/infobae\/O52LU6UW3S5KG3QM6IFOPMZYFI.jpg 768w,https:\/\/www.infobae.com\/new-resizer\/t1Rk9glvSDto8Jz8PZ3ZRbDUW3c=\/992x661\/filters:format(webp):quality(85)\/cloudfront-us-east-1.images.arcpublishing.com\/infobae\/O52LU6UW3S5KG3QM6IFOPMZYFI.jpg 992w,https:\/\/www.infobae.com\/new-resizer\/aZt3WcLE6rI5N7KRsoYPvR1H2Gs=\/1200x800\/filters:format(webp):quality(85)\/cloudfront-us-east-1.images.arcpublishing.com\/infobae\/O52LU6UW3S5KG3QM6IFOPMZYFI.jpg 1200w,https:\/\/www.infobae.com\/new-resizer\/qlQ4b4-w3Uv3HtjVf9jqaG0eWsQ=\/1440x960\/filters:format(webp):quality(85)\/cloudfront-us-east-1.images.arcpublishing.com\/infobae\/O52LU6UW3S5KG3QM6IFOPMZYFI.jpg 1440w\" alt=\"Christina Aguilera se present\u00f3 en la Alfombra Roja de los Latin Grammy (REUTERS\/Steve Marcus)\" width=\"2260\" height=\"1507\" \/>Christina Aguilera se present\u00f3 en la Alfombra Roja de los Latin Grammy (REUTERS\/Steve Marcus)<\/div>\n<p class=\"paragraph\">&#8211;<b>Mejor \u00c1lbum de M\u00fasica Popular Brasile\u00f1a<\/b>: Liniker por\u00a0<i>Indigo Borboleta Anil.<\/i><\/p>\n<p class=\"paragraph\">&#8211;<b>Mejor Interpretaci\u00f3n de Reggaet\u00f3n<\/b>: Tainy, Julieta Venegas y Bad Bunny, quien lidera la lista de artistas nominados entre las diversas categor\u00edas. El tema es\u00a0<i><b>Lo siento BB.<\/b><\/i><\/p>\n<p class=\"paragraph\"><i>&#8211;<\/i><b>Mejor \u00c1lbum Cristiano (En Espa\u00f1ol)<\/b><i>:\u00a0<\/i>Marcos Witt por\u00a0<i>Vivir\u00e9.<\/i><\/p>\n<p class=\"paragraph\"><i>&#8211;<\/i><b>Mejor \u00c1lbum de Pop Contempor\u00e1neo<\/b>\u00a0<b>en portugu\u00e9s:<\/b>\u00a0Bala Desejo por\u00a0<i>Sim Sim Sim.<\/i><\/p>\n<div class=\"visual__image\"><img loading=\"lazy\" decoding=\"async\" class=\"\" src=\"https:\/\/cloudfront-us-east-1.images.arcpublishing.com\/infobae\/GTDAAVVYDWOITI3RMH2PH4GLEM.jpg\" sizes=\"(min-width: 800px) 50vw, 90vw\" srcset=\"https:\/\/www.infobae.com\/new-resizer\/xcB6lgQOjrPMRaxHFQwHgLsLziQ=\/420x280\/filters:format(webp):quality(85)\/cloudfront-us-east-1.images.arcpublishing.com\/infobae\/GTDAAVVYDWOITI3RMH2PH4GLEM.jpg 420w,https:\/\/www.infobae.com\/new-resizer\/_dWoGbQu5pC1kF05lBrIQPe34XE=\/768x512\/filters:format(webp):quality(85)\/cloudfront-us-east-1.images.arcpublishing.com\/infobae\/GTDAAVVYDWOITI3RMH2PH4GLEM.jpg 768w,https:\/\/www.infobae.com\/new-resizer\/gfCzT_m8XD2CU2rZo2la1r2koGs=\/992x661\/filters:format(webp):quality(85)\/cloudfront-us-east-1.images.arcpublishing.com\/infobae\/GTDAAVVYDWOITI3RMH2PH4GLEM.jpg 992w,https:\/\/www.infobae.com\/new-resizer\/v6I1KJaFNyu5ySAy-LVajG2AcPM=\/1200x800\/filters:format(webp):quality(85)\/cloudfront-us-east-1.images.arcpublishing.com\/infobae\/GTDAAVVYDWOITI3RMH2PH4GLEM.jpg 1200w,https:\/\/www.infobae.com\/new-resizer\/nGFt8rElUS6rgW-dIHUhjBmEeF8=\/1440x960\/filters:format(webp):quality(85)\/cloudfront-us-east-1.images.arcpublishing.com\/infobae\/GTDAAVVYDWOITI3RMH2PH4GLEM.jpg 1440w\" alt=\"Christian Nodal y Cazzu se robaron las miradas en la Alfombra Roja (REUTERS\/Steve Marcus)\" width=\"2618\" height=\"1746\" \/>Christian Nodal y Cazzu se robaron las miradas en la Alfombra Roja (REUTERS\/Steve Marcus)<\/div>\n<p class=\"paragraph\">&#8211;<b>Mejor Ingenier\u00eda de Grabaci\u00f3n para un \u00c1lbum<\/b>: Bryan Hern\u00e1ndez, Shin Kamiyama, Michael Larson por el \u00e1lbum\u00a0<i>Motomami<\/i>, de\u00a0<b>Rosal\u00eda.<\/b><\/p>\n<p class=\"paragraph\"><b>-Mejor Video Musical Versi\u00f3n Corta:\u00a0<\/b>Residente y Lisa-Kaind\u00e9 Diaz por\u00a0<i><b>This Is Not America.<\/b><\/i><\/p>\n<p class=\"paragraph\"><b>-Mejor \u00c1lbum de Cumbia\/Vallenato:\u00a0<\/b>Jean Carlos Centeno y Ronal Urbina por\u00a0<i>Feliz Aniversario.<\/i><\/p>\n<p class=\"paragraph\"><b>-Productor del A\u00f1o<\/b><i>:\u00a0<\/i>Julio Reyes por obras como\u00a0<i>Cu\u00e1ntas Veces<\/i>, de Carlos Rivera y Reik;\u00a0<i>Nada Particular<\/i>, de Miguel Bos\u00e9 y Carlos Rivera y\u00a0<i>Pa\u2019ll\u00e1 Voy<\/i>\u00a0de Marc Anthony.<\/p>\n<p class=\"paragraph\"><b>-Mejor Canci\u00f3n en lengua portuguesa:<\/b>\u00a0Marisa Monte y Jorge Drexler por\u00a0<i>Verdo Sardo.<\/i><\/p>\n<div class=\"visual__image\"><img loading=\"lazy\" decoding=\"async\" class=\"\" src=\"https:\/\/cloudfront-us-east-1.images.arcpublishing.com\/infobae\/OYMIG6GCWIOA5G5KW2U6WFMXDI.jpg\" sizes=\"(min-width: 800px) 50vw, 90vw\" srcset=\"https:\/\/www.infobae.com\/new-resizer\/69z-0lFUgalmnM58dxgNGKfQ4ec=\/420x280\/filters:format(webp):quality(85)\/cloudfront-us-east-1.images.arcpublishing.com\/infobae\/OYMIG6GCWIOA5G5KW2U6WFMXDI.jpg 420w,https:\/\/www.infobae.com\/new-resizer\/rk1cBzU5QWewdK8Ryto44cn1NXc=\/768x512\/filters:format(webp):quality(85)\/cloudfront-us-east-1.images.arcpublishing.com\/infobae\/OYMIG6GCWIOA5G5KW2U6WFMXDI.jpg 768w,https:\/\/www.infobae.com\/new-resizer\/KhNQCSaqCB2oJJAeZE6VksETIu0=\/992x661\/filters:format(webp):quality(85)\/cloudfront-us-east-1.images.arcpublishing.com\/infobae\/OYMIG6GCWIOA5G5KW2U6WFMXDI.jpg 992w,https:\/\/www.infobae.com\/new-resizer\/XhCI2SEWsTpsm4G1oUEs1Am73mU=\/1200x800\/filters:format(webp):quality(85)\/cloudfront-us-east-1.images.arcpublishing.com\/infobae\/OYMIG6GCWIOA5G5KW2U6WFMXDI.jpg 1200w,https:\/\/www.infobae.com\/new-resizer\/7F8KgeXmhdRe3ioWGbfWCnL23Fk=\/1440x960\/filters:format(webp):quality(85)\/cloudfront-us-east-1.images.arcpublishing.com\/infobae\/OYMIG6GCWIOA5G5KW2U6WFMXDI.jpg 1440w\" alt=\"Laura Pausini, Luis Fonsi y Thalia rindieron homenaje a Marco Antonio Sol\u00eds (REUTERS\/Mario Anzuoni)\" width=\"5500\" height=\"3667\" \/>Laura Pausini, Luis Fonsi y Thalia rindieron homenaje a Marco Antonio Sol\u00eds (REUTERS\/Mario Anzuoni)<\/div>\n<p class=\"paragraph\"><i><b>&#8211;<\/b><\/i><b>Mejor Canci\u00f3n de Rock:<\/b>\u00a0Fito P\u00e1ez por\u00a0<i>Lo Mejor de Nuestras Vidas.<\/i><\/p>\n<p class=\"paragraph\"><b>-Mejor Canci\u00f3n de Pop\/Rock:<\/b>\u00a0Carlos Vives y Fito P\u00e1ez por\u00a0<i>Los A\u00f1os Salvajes.<\/i><\/p>\n<p class=\"paragraph\"><b>-Mejor Canci\u00f3n Alternativa:\u00a0<\/b>Jorge Drexler<b>\u00a0<\/b>con<i>\u00a0El d\u00eda que estrenaste el mundo.<\/i><\/p>\n<p class=\"paragraph\">&#8211;<b>Mejor Canci\u00f3n Pop<\/b>, en esta categor\u00eda hubo un empate entre dos obras:\u00a0<i>La Guerrilla de la Concordia<\/i>, de Jorge Drexler y\u00a0<i>Tacones Rojos<\/i>, de Sebasti\u00e1n Yatra y Pablo Mar\u00eda Rousselon.<\/p>\n","protected":false},"excerpt":{"rendered":"<p>La ceremonia 23 de los\u00a0Latin Grammy, desde Las Vegas, Nevada, dej\u00f3 los siguientes ganadores: -\u00c1lbum del A\u00f1o:\u00a0Motomami\u00a0de\u00a0Rosalia. -Canci\u00f3n del A\u00f1o:\u00a0Jorge Drexler y C. Tangana con\u00a0Tocarte. -Grabaci\u00f3n del A\u00f1o:\u00a0Jorge Drexler y C. Tangana con\u00a0Tocarte. -Mejor \u00c1lbum de M\u00fasica Ranchera\/Mariachi:\u00a0Christian Nodal\u00a0por\u00a0EP #1 Forajido. -Mejor \u00c1lbum Vocal Pop Tradicional:\u00a0Christina Aguilera por\u00a0Aguilera. -Mejor \u00c1lbum Tropical Contempor\u00e1neo:\u00a0Carlos Vives por\u00a0Cumbiana II. &hellip;<\/p>\n","protected":false},"author":1,"featured_media":5342,"comment_status":"open","ping_status":"open","sticky":false,"template":"","format":"standard","meta":{"footnotes":""},"categories":[46],"tags":[],"class_list":["post-5341","post","type-post","status-publish","format-standard","has-post-thumbnail","hentry","category-musica"],"_links":{"self":[{"href":"https:\/\/radiobeat97.com.ar\/beat\/wp-json\/wp\/v2\/posts\/5341","targetHints":{"allow":["GET"]}}],"collection":[{"href":"https:\/\/radiobeat97.com.ar\/beat\/wp-json\/wp\/v2\/posts"}],"about":[{"href":"https:\/\/radiobeat97.com.ar\/beat\/wp-json\/wp\/v2\/types\/post"}],"author":[{"embeddable":true,"href":"https:\/\/radiobeat97.com.ar\/beat\/wp-json\/wp\/v2\/users\/1"}],"replies":[{"embeddable":true,"href":"https:\/\/radiobeat97.com.ar\/beat\/wp-json\/wp\/v2\/comments?post=5341"}],"version-history":[{"count":1,"href":"https:\/\/radiobeat97.com.ar\/beat\/wp-json\/wp\/v2\/posts\/5341\/revisions"}],"predecessor-version":[{"id":5343,"href":"https:\/\/radiobeat97.com.ar\/beat\/wp-json\/wp\/v2\/posts\/5341\/revisions\/5343"}],"wp:featuredmedia":[{"embeddable":true,"href":"https:\/\/radiobeat97.com.ar\/beat\/wp-json\/wp\/v2\/media\/5342"}],"wp:attachment":[{"href":"https:\/\/radiobeat97.com.ar\/beat\/wp-json\/wp\/v2\/media?parent=5341"}],"wp:term":[{"taxonomy":"category","embeddable":true,"href":"https:\/\/radiobeat97.com.ar\/beat\/wp-json\/wp\/v2\/categories?post=5341"},{"taxonomy":"post_tag","embeddable":true,"href":"https:\/\/radiobeat97.com.ar\/beat\/wp-json\/wp\/v2\/tags?post=5341"}],"curies":[{"name":"wp","href":"https:\/\/api.w.org\/{rel}","templated":true}]}}