{"id":5360,"date":"2022-11-25T21:26:39","date_gmt":"2022-11-25T21:26:39","guid":{"rendered":"http:\/\/www.radiobeat97.com.ar\/beat\/?p=5360"},"modified":"2022-11-29T12:02:29","modified_gmt":"2022-11-29T12:02:29","slug":"animaciones-cordobesas-que-llegaron-a-qatar-y-otros-paises-arabes","status":"publish","type":"post","link":"https:\/\/radiobeat97.com.ar\/beat\/animaciones-cordobesas-que-llegaron-a-qatar-y-otros-paises-arabes\/","title":{"rendered":"Animaciones cordobesas que llegaron a Qatar y otros pa\u00edses \u00e1rabes"},"content":{"rendered":"<ul>\n<li><strong>En octubre se estren\u00f3 en Medio Oriente y el norte de \u00c1frica una serie documental coproducida por la empresa local Ideas por Rosca y la cadena Al Jazeera.<\/strong><\/li>\n<li><strong>Se trata de \u201cHistorias m\u00ednimas de los Mundiales\u201d, que relata casos reales de personajes olvidados por la historia oficial de la m\u00e1xima competici\u00f3n internacional del f\u00fatbol.<\/strong><\/li>\n<li><strong>Ya es una realidad que la provincia de C\u00f3rdoba tambi\u00e9n exporta contenidos audiovisuales de calidad.<\/strong><\/li>\n<\/ul>\n<p>C\u00f3rdoba no s\u00f3lo exporta al mundo productos agropecuarios y de la industria automotriz, sino tambi\u00e9n\u00a0<strong>contenidos audiovisuales de calidad<\/strong>. En octubre, se estren\u00f3 en Qatar para toda la regi\u00f3n Mena (agrupaci\u00f3n de pa\u00edses de Medio Oriente y \u00c1frica del Norte) la\u00a0<strong>serie animada documental \u201cHistorias m\u00ednimas de los Mundiales\u201d<\/strong>, coproducida por la empresa cordobesa\u00a0<strong><a href=\"https:\/\/www.instagram.com\/ideas_por_rosca\/?hl=es-la\" target=\"_blank\" rel=\"noreferrer noopener\">Ideas por Rosca<\/a><\/strong>\u00a0y la cadena televisiva\u00a0<strong>Al Jazeera<\/strong>. A horas del inicio del Mundial de F\u00fatbol 2022, contin\u00faa circulando en las distintas plataformas de la principal cadena del universo \u00e1rabe.<\/p>\n<p><a href=\"https:\/\/vimeo.com\/244814407\">\u201cHistorias m\u00ednimas de los Mundiales\u201d<\/a>\u00a0es un compendio de\u00a0<strong>relatos reales de personajes olvidados por la historia oficial de las Copas del Mundo<\/strong>, de h\u00e9roes que merec\u00edan salir del anonimato. Cada episodio reconstruye sucesos \u00e9picos y tr\u00e1gicos, protagonizados por leyendas que trascendieron el f\u00fatbol. La serie de Ideas por Rosca en idioma espa\u00f1ol est\u00e1 constituida por 12 cap\u00edtulos realizados en C\u00f3rdoba.<\/p>\n<figure class=\"wp-container-2 wp-block-gallery-1 wp-block-gallery has-nested-images columns-default is-cropped has-lightbox lightbox-0 \">\n<figure class=\"wp-block-image size-large\"><img fetchpriority=\"high\" decoding=\"async\" class=\"wp-image-526708\" src=\"https:\/\/prensa.cba.gov.ar\/wp-content\/uploads\/2022\/11\/MUNDIALITO-2-Monti.jpg\" alt=\"\" width=\"993\" height=\"663\" data-id=\"526708\" \/><\/figure>\n<figure class=\"wp-block-image size-large\"><img decoding=\"async\" class=\"wp-image-526711\" src=\"https:\/\/prensa.cba.gov.ar\/wp-content\/uploads\/2022\/11\/MUNDIALITO_099.jpg\" alt=\"\" width=\"993\" height=\"663\" data-id=\"526711\" \/><\/figure>\n<\/figure>\n<p>&nbsp;<\/p>\n<p>Al Jazeera, con sede principal en Doha, compr\u00f3 el producto audiovisual a Ideas por Rosca, hizo el doblaje al \u00e1rabe y solicit\u00f3 a la productora cordobesa que creara dos nuevos episodios con historias de protagonistas \u00e1rabes. Tambi\u00e9n se hizo la traducci\u00f3n al ingl\u00e9s.<\/p>\n<p>Con esta serie documental C\u00f3rdoba tambi\u00e9n\u00a0<strong>tom\u00f3 protagonismo como lugar de producci\u00f3n de contenidos audiovisuales de calidad<\/strong>, exportables al mundo.<\/p>\n<p>La serie cont\u00f3 con el apoyo econ\u00f3mico del Instituto Nacional de Cine y Artes Audiovisuales (Incaa) y de Al Jazeera, adem\u00e1s de aportes de la propia productora. Se estren\u00f3 en 2018 en Argentina y Uruguay a trav\u00e9s de la plataforma Flow. En C\u00f3rdoba ese mismo a\u00f1o tambi\u00e9n la emiti\u00f3 Canal 12. Adem\u00e1s, se exhibi\u00f3 en Francia (por Histoire TV) y M\u00e9xico (por TVC Deportes).<\/p>\n<p>La producci\u00f3n audiovisual arranc\u00f3 en 2016, a\u00f1o que gan\u00f3 el Premio Fomento Incaa para la producci\u00f3n de episodio web.<\/p>\n<h3><strong>Relatos imperdibles<\/strong><\/h3>\n<p><em>\u201cLos episodios se basan en casos reales; relatan historias de vida de personajes que vivieron tragedias que trascienden lo deportivo y se vinculan a la historia, la pol\u00edtica y el poder\u201d<\/em>, resumi\u00f3 el productor general\u00a0<strong>Manuel Vivas<\/strong>, adem\u00e1s de anticipar que se seguir\u00e1n creando historias con otros protagonistas.<\/p>\n<p>Uno de los personajes conocidos de la serie es el brasile\u00f1o Ronaldo. Antes del Mundial de F\u00fatbol de Francia 1998 sufri\u00f3 una situaci\u00f3n de salud que casi lo deja afuera del m\u00e1ximo evento futbol\u00edstico y eso se refleja en uno de los episodios.<\/p>\n<figure class=\"wp-container-4 wp-block-gallery-3 wp-block-gallery has-nested-images columns-default is-cropped has-lightbox lightbox-1 \">\n<figure class=\"wp-block-image size-large\"><img decoding=\"async\" class=\"wp-image-526710\" src=\"https:\/\/prensa.cba.gov.ar\/wp-content\/uploads\/2022\/11\/MUNDIALITO_081.jpg\" alt=\"\" width=\"993\" height=\"663\" data-id=\"526710\" \/><\/figure>\n<figure class=\"wp-block-image size-large\"><img loading=\"lazy\" decoding=\"async\" class=\"wp-image-526709\" src=\"https:\/\/prensa.cba.gov.ar\/wp-content\/uploads\/2022\/11\/MUNDIALITO-festejo-victoria_1920x1080.jpg\" alt=\"\" width=\"993\" height=\"663\" data-id=\"526709\" \/><\/figure>\n<\/figure>\n<p>&nbsp;<\/p>\n<p>Vivas a\u00f1adi\u00f3 luego:\u00a0<em>\u201cSe cuentan historias de diferentes mundiales, desde el primero en 1930; el \u00faltimo Mundial incluido es Corea-Jap\u00f3n 2002; algunos protagonistas son argentinos, pero la mayor\u00eda son de otros pa\u00edses\u201d<\/em>.<\/p>\n<p>La serie documental animada se hizo a partir de una\u00a0<strong>adaptaci\u00f3n del libro original<\/strong>\u00a0\u201cHistorias m\u00ednimas de los Mundiales\u201d, de Juan Pablo Cossutta y Guillermo Gribaudo, publicado en 2014.<\/p>\n<p>Toda la producci\u00f3n t\u00e9cnica se materializ\u00f3 en C\u00f3rdoba. Trabajaron ilustradores, animadores y m\u00fasicos. Se utiliz\u00f3 un estudio de sonido de posproducci\u00f3n y se hizo montaje digital. En la versi\u00f3n original, las narraciones estuvieron a cargo de Osvaldo \u201cTurco\u201d Wehbe. Carlos Lottersberger se encarg\u00f3 de las ilustraciones.<\/p>\n<figure class=\"wp-container-6 wp-block-gallery-5 wp-block-gallery has-nested-images columns-default is-cropped has-lightbox lightbox-2 \">\n<figure class=\"wp-block-image size-large\"><img loading=\"lazy\" decoding=\"async\" class=\"wp-image-526707\" src=\"https:\/\/prensa.cba.gov.ar\/wp-content\/uploads\/2022\/11\/MUNDIALITO-1_Pro.jpg\" alt=\"\" width=\"993\" height=\"663\" data-id=\"526707\" \/><\/figure>\n<figure class=\"wp-block-image size-large\"><img loading=\"lazy\" decoding=\"async\" class=\"wp-image-526718\" src=\"https:\/\/prensa.cba.gov.ar\/wp-content\/uploads\/2022\/11\/MUNDIALITO24_Pro.jpg\" alt=\"\" width=\"993\" height=\"663\" data-id=\"526718\" \/><\/figure>\n<\/figure>\n<p>&nbsp;<\/p>\n<h3><strong>Vidriera mundial<\/strong><\/h3>\n<p><strong>El v\u00ednculo con Al Jazeera se remonta a 2019<\/strong>. Ese a\u00f1o el Incaa seleccion\u00f3 seis producciones argentinas para presentar en el Mercado Internacional de Coproducci\u00f3n y Contenidos de Entretenimiento (Mipcom), en Cannes, entre las que estaba la de Ideas por Rosca.\u00a0<strong>La\u00a0<a href=\"https:\/\/www.procordoba.org\/\" target=\"_blank\" rel=\"noreferrer noopener\">Agencia\u00a0<\/a><a href=\"https:\/\/www.procordoba.org\/\">ProC\u00f3rdoba\u00a0<\/a>apoy\u00f3 a la productora<\/strong>\u00a0y solvent\u00f3 parte de los gastos del viaje a esta ciudad francesa.<\/p>\n<p><em>\u201cPudimos viajar gracias a ProC\u00f3rdoba; presentamos la serie y generamos un v\u00ednculo directo con Al Jazeera, que se interes\u00f3 por nuestro producto, nos invit\u00f3 a postularnos a una convocatoria para coproducciones internacionales de documentales y en la que quedamos seleccionados en enero de 2020\u201d<\/em>, record\u00f3 Vivas.<\/p>\n<p>Despu\u00e9s se formaliz\u00f3 un acuerdo con Al Jazeera para la coproducci\u00f3n de la serie.\u00a0<em>\u201cFue una vidriera, Mipcom sirvi\u00f3 para vender lo que hacemos e ingresar en el circuito comercial\u201d<\/em>, afirm\u00f3.<\/p>\n<p>Adem\u00e1s, durante todo aquel proceso la productora cordobesa estableci\u00f3 contactos con la embajada argentina de Qatar.<\/p>\n<p>Para Argentina y otros pa\u00edses de habla hispana cada uno de los 12 episodios dura nueve minutos, aproximadamente. Las versiones en ingl\u00e9s y en \u00e1rabe duran 12 minutos, y est\u00e1n conformadas por 14 cap\u00edtulos. Estos dos \u00faltimos episodios se hicieron en 2021 a pedido de Al Jazeera, con traducci\u00f3n y doblaje en idioma \u00e1rabe.<\/p>\n<p><em>\u201cFue un trabajo integral; tuvimos que investigar y guionar los nuevos episodios, reguionar los existentes para extender la duraci\u00f3n, traducir al ingl\u00e9s todos los guiones, subtitular los episodios, producir el doblaje al ingl\u00e9s y hacer una nueva posproducci\u00f3n de sonido\u201d<\/em>, detall\u00f3 Vivas.<\/p>\n<p>La serie tambi\u00e9n se present\u00f3 en la feria Natpe Miami y en Francia se public\u00f3 en revistas especializadas.<\/p>\n<div class=\"wp-block-coblocks-gallery-carousel alignfull\" aria-label=\"Carousel Gallery\">\n<div class=\"coblocks-gallery-carousel-swiper-container is-cropped coblocks-gallery has-caption-style-dark has-horizontal-gutter has-no-thumbnails\">\n<div id=\"12345\" class=\"has-carousel has-carousel-lrg swiper-container\" data-swiper=\"{&quot;alignCells&quot;:false,&quot;autoPlay&quot;:true,&quot;autoPlaySpeed&quot;:3000,&quot;draggable&quot;:false,&quot;freeMode&quot;:false,&quot;loop&quot;:false,&quot;navigation&quot;:true,&quot;pageDots&quot;:false,&quot;pauseHover&quot;:false,&quot;responsiveHeight&quot;:false,&quot;slidesPerView&quot;:2,&quot;thumbnails&quot;:false,&quot;uuid&quot;:&quot;12345&quot;}\">\n<div class=\"swiper-wrapper\">\n<div class=\"swiper-slide\" data-slider=\"0\">\n<div class=\"coblocks-gallery--item\" tabindex=\"0\" role=\"button\">\n<figure class=\"coblocks-gallery--figure has-margin-left-5 has-margin-left-mobile-5 has-margin-right-5 has-margin-right-mobile-5\"><img loading=\"lazy\" decoding=\"async\" class=\"wp-image-526719\" src=\"https:\/\/prensa.cba.gov.ar\/wp-content\/uploads\/2022\/11\/MUNDIALITO60-EstadioAzteca.jpg\" alt=\"\" width=\"993\" height=\"663\" data-id=\"526719\" data-link=\"https:\/\/prensa.cba.gov.ar\/?attachment_id=526719\" \/><\/figure>\n<\/div>\n<\/div>\n<div class=\"swiper-slide\" data-slider=\"1\">\n<div class=\"coblocks-gallery--item\" tabindex=\"1\" role=\"button\">\n<figure class=\"coblocks-gallery--figure has-margin-left-5 has-margin-left-mobile-5 has-margin-right-5 has-margin-right-mobile-5\"><img loading=\"lazy\" decoding=\"async\" class=\"wp-image-526715\" src=\"https:\/\/prensa.cba.gov.ar\/wp-content\/uploads\/2022\/11\/MUNDIALITO03_1.jpg\" alt=\"\" width=\"993\" height=\"663\" data-id=\"526715\" data-link=\"https:\/\/prensa.cba.gov.ar\/?attachment_id=526715\" \/><\/figure>\n<\/div>\n<\/div>\n<div class=\"swiper-slide\" data-slider=\"2\">\n<div class=\"coblocks-gallery--item\" tabindex=\"2\" role=\"button\">\n<figure class=\"coblocks-gallery--figure has-margin-left-5 has-margin-left-mobile-5 has-margin-right-5 has-margin-right-mobile-5\"><img loading=\"lazy\" decoding=\"async\" class=\"wp-image-526716\" src=\"https:\/\/prensa.cba.gov.ar\/wp-content\/uploads\/2022\/11\/MUNDIALITO4b-copia.jpg\" alt=\"\" width=\"993\" height=\"663\" data-id=\"526716\" data-link=\"https:\/\/prensa.cba.gov.ar\/?attachment_id=526716\" \/><\/figure>\n<\/div>\n<\/div>\n<div class=\"swiper-slide\" data-slider=\"3\">\n<div class=\"coblocks-gallery--item\" tabindex=\"3\" role=\"button\">\n<figure class=\"coblocks-gallery--figure has-margin-left-5 has-margin-left-mobile-5 has-margin-right-5 has-margin-right-mobile-5\"><img loading=\"lazy\" decoding=\"async\" class=\"wp-image-526712\" src=\"https:\/\/prensa.cba.gov.ar\/wp-content\/uploads\/2022\/11\/MUNDIALITO1_Borghi.jpg\" alt=\"\" width=\"993\" height=\"663\" data-id=\"526712\" data-link=\"https:\/\/prensa.cba.gov.ar\/?attachment_id=526712\" \/><\/figure>\n<\/div>\n<\/div>\n<div class=\"swiper-slide\" data-slider=\"4\">\n<div class=\"coblocks-gallery--item\" tabindex=\"4\" role=\"button\">\n<figure class=\"coblocks-gallery--figure has-margin-left-5 has-margin-left-mobile-5 has-margin-right-5 has-margin-right-mobile-5\"><img loading=\"lazy\" decoding=\"async\" class=\"wp-image-526717\" src=\"https:\/\/prensa.cba.gov.ar\/wp-content\/uploads\/2022\/11\/MUNDIALITO5-Fritz-copia.jpg\" alt=\"\" width=\"993\" height=\"663\" data-id=\"526717\" data-link=\"https:\/\/prensa.cba.gov.ar\/?attachment_id=526717\" \/><\/figure>\n<\/div>\n<\/div>\n<div class=\"swiper-slide\" data-slider=\"5\">\n<div class=\"coblocks-gallery--item\" tabindex=\"5\" role=\"button\">\n<figure class=\"coblocks-gallery--figure has-margin-left-5 has-margin-left-mobile-5 has-margin-right-5 has-margin-right-mobile-5\"><img loading=\"lazy\" decoding=\"async\" class=\"wp-image-526713\" src=\"https:\/\/prensa.cba.gov.ar\/wp-content\/uploads\/2022\/11\/MUNDIALITO1-Italia-copia.jpg\" alt=\"\" width=\"993\" height=\"663\" data-id=\"526713\" data-link=\"https:\/\/prensa.cba.gov.ar\/?attachment_id=526713\" \/><\/figure>\n<\/div>\n<\/div>\n<div class=\"swiper-slide\" data-slider=\"6\">\n<div class=\"coblocks-gallery--item\" tabindex=\"6\" role=\"button\">\n<figure class=\"coblocks-gallery--figure has-margin-left-5 has-margin-left-mobile-5 has-margin-right-5 has-margin-right-mobile-5\"><img loading=\"lazy\" decoding=\"async\" class=\"wp-image-526709\" src=\"https:\/\/prensa.cba.gov.ar\/wp-content\/uploads\/2022\/11\/MUNDIALITO-festejo-victoria_1920x1080.jpg\" alt=\"\" width=\"993\" height=\"663\" data-id=\"526709\" data-link=\"https:\/\/prensa.cba.gov.ar\/?attachment_id=526709\" \/><\/figure>\n<\/div>\n<\/div>\n<div class=\"swiper-slide swiper-slide-prev\" data-slider=\"7\">\n<div class=\"coblocks-gallery--item\" tabindex=\"7\" role=\"button\">\n<figure class=\"coblocks-gallery--figure has-margin-left-5 has-margin-left-mobile-5 has-margin-right-5 has-margin-right-mobile-5\"><img loading=\"lazy\" decoding=\"async\" class=\"wp-image-526708\" src=\"https:\/\/prensa.cba.gov.ar\/wp-content\/uploads\/2022\/11\/MUNDIALITO-2-Monti.jpg\" alt=\"\" width=\"993\" height=\"663\" data-id=\"526708\" data-link=\"https:\/\/prensa.cba.gov.ar\/?attachment_id=526708\" \/><\/figure>\n<\/div>\n<\/div>\n<div class=\"swiper-slide swiper-slide-active\" data-slider=\"8\">\n<div class=\"coblocks-gallery--item\" tabindex=\"8\" role=\"button\">\n<figure class=\"coblocks-gallery--figure has-margin-left-5 has-margin-left-mobile-5 has-margin-right-5 has-margin-right-mobile-5\"><img loading=\"lazy\" decoding=\"async\" class=\"wp-image-526711\" src=\"https:\/\/prensa.cba.gov.ar\/wp-content\/uploads\/2022\/11\/MUNDIALITO_099.jpg\" alt=\"\" width=\"993\" height=\"663\" data-id=\"526711\" data-link=\"https:\/\/prensa.cba.gov.ar\/?attachment_id=526711\" \/><\/figure>\n<\/div>\n<\/div>\n<div class=\"swiper-slide swiper-slide-next\" data-slider=\"9\">\n<div class=\"coblocks-gallery--item\" tabindex=\"9\" role=\"button\">\n<figure class=\"coblocks-gallery--figure has-margin-left-5 has-margin-left-mobile-5 has-margin-right-5 has-margin-right-mobile-5\"><img loading=\"lazy\" decoding=\"async\" class=\"wp-image-526714\" src=\"https:\/\/prensa.cba.gov.ar\/wp-content\/uploads\/2022\/11\/MUNDIALITO2-medicos.jpg\" alt=\"\" width=\"993\" height=\"663\" data-id=\"526714\" data-link=\"https:\/\/prensa.cba.gov.ar\/?attachment_id=526714\" \/><\/figure>\n<\/div>\n<\/div>\n<\/div>\n<p>&nbsp;<\/p>\n<\/div>\n<\/div>\n<\/div>\n<p>&nbsp;<\/p>\n<h3><strong>El presente<\/strong><\/h3>\n<p>En la actualidad, la serie animada documental \u201cHistorias m\u00ednimas de los Mundiales\u201d integra la programaci\u00f3n de Al Jazeera y se sigue emitiendo en diferentes pa\u00edses.<\/p>\n<p><em>\u201cCircula bastante, sale por distintas plataformas audiovisuales de esta cadena, geolocalizada exclusivamente a la regi\u00f3n Mena; incluso las l\u00edneas \u00e1reas de Qatar tienen derechos para transmitirla\u201d<\/em>, confi\u00f3 Vivas.<\/p>\n<p>En Argentina se puede ver en la plataforma Cine.Ar y el canal DeporTV.<\/p>\n<figure class=\"wp-block-image size-full\"><img loading=\"lazy\" decoding=\"async\" class=\"wp-image-526705\" src=\"https:\/\/prensa.cba.gov.ar\/wp-content\/uploads\/2022\/11\/historias-minimas-de-los-mundiales.jpg\" alt=\"\" width=\"993\" height=\"993\" \/><\/figure>\n<p>En la actualidad,\u00a0<strong>Ideas por Rosca est\u00e1 trabajando en la producci\u00f3n de otra serie animada sobre los Juegos Ol\u00edmpicos<\/strong>\u00a0de 14 episodios, con realizaci\u00f3n en C\u00f3rdoba.<\/p>\n<h3><strong>La productora<\/strong><\/h3>\n<p><a href=\"https:\/\/vimeo.com\/ideasporrosca\" target=\"_blank\" rel=\"noreferrer noopener\">Ideas por Rosca<\/a>\u00a0se especializa en la producci\u00f3n documental. Desde 2004, el equipo de profesionales de la productora cuenta historias a trav\u00e9s de largometrajes, cortos, series para TV y webseries.<\/p>\n<p>Es productora asociada en el curso de posgrado documental contempor\u00e1neo de la Facultad de Comunicaci\u00f3n de la Universidad Nacional de C\u00f3rdoba.<\/p>\n<p>Adem\u00e1s de Vivas, integran la empresa Mauro Beccar\u00eda, Federico Robles, Juan Pablo Cossutta y Amelia Orquera.<\/p>\n<p>En Instagram:\u00a0<a href=\"https:\/\/www.instagram.com\/ideas_por_rosca\/\" target=\"_blank\" rel=\"noreferrer noopener\">https:\/\/www.instagram.com\/ideas_por_rosca\/<\/a><\/p>\n<p>En Facebook:\u00a0<a href=\"https:\/\/www.facebook.com\/ideasporrosca\" target=\"_blank\" rel=\"noreferrer noopener\">https:\/\/www.facebook.com\/ideasporrosca<\/a><\/p>\n<p>Para ver el trailler oficial,\u00a0<a href=\"https:\/\/vimeo.com\/244814407\" target=\"_blank\" rel=\"noreferrer noopener\">click ac\u00e1<\/a>.<\/p>\n<p>Imagenes ilustrativas: gentileza Ideas por Rosca<\/p>\n","protected":false},"excerpt":{"rendered":"<p>En octubre se estren\u00f3 en Medio Oriente y el norte de \u00c1frica una serie documental coproducida por la empresa local Ideas por Rosca y la cadena Al Jazeera. Se trata de \u201cHistorias m\u00ednimas de los Mundiales\u201d, que relata casos reales de personajes olvidados por la historia oficial de la m\u00e1xima competici\u00f3n internacional del f\u00fatbol. Ya &hellip;<\/p>\n","protected":false},"author":1,"featured_media":5361,"comment_status":"open","ping_status":"open","sticky":false,"template":"","format":"standard","meta":{"footnotes":""},"categories":[48],"tags":[],"class_list":["post-5360","post","type-post","status-publish","format-standard","has-post-thumbnail","hentry","category-info-general"],"_links":{"self":[{"href":"https:\/\/radiobeat97.com.ar\/beat\/wp-json\/wp\/v2\/posts\/5360","targetHints":{"allow":["GET"]}}],"collection":[{"href":"https:\/\/radiobeat97.com.ar\/beat\/wp-json\/wp\/v2\/posts"}],"about":[{"href":"https:\/\/radiobeat97.com.ar\/beat\/wp-json\/wp\/v2\/types\/post"}],"author":[{"embeddable":true,"href":"https:\/\/radiobeat97.com.ar\/beat\/wp-json\/wp\/v2\/users\/1"}],"replies":[{"embeddable":true,"href":"https:\/\/radiobeat97.com.ar\/beat\/wp-json\/wp\/v2\/comments?post=5360"}],"version-history":[{"count":2,"href":"https:\/\/radiobeat97.com.ar\/beat\/wp-json\/wp\/v2\/posts\/5360\/revisions"}],"predecessor-version":[{"id":5382,"href":"https:\/\/radiobeat97.com.ar\/beat\/wp-json\/wp\/v2\/posts\/5360\/revisions\/5382"}],"wp:featuredmedia":[{"embeddable":true,"href":"https:\/\/radiobeat97.com.ar\/beat\/wp-json\/wp\/v2\/media\/5361"}],"wp:attachment":[{"href":"https:\/\/radiobeat97.com.ar\/beat\/wp-json\/wp\/v2\/media?parent=5360"}],"wp:term":[{"taxonomy":"category","embeddable":true,"href":"https:\/\/radiobeat97.com.ar\/beat\/wp-json\/wp\/v2\/categories?post=5360"},{"taxonomy":"post_tag","embeddable":true,"href":"https:\/\/radiobeat97.com.ar\/beat\/wp-json\/wp\/v2\/tags?post=5360"}],"curies":[{"name":"wp","href":"https:\/\/api.w.org\/{rel}","templated":true}]}}